{"id":35302,"date":"2021-11-05T14:02:30","date_gmt":"2021-11-05T17:02:30","guid":{"rendered":"https:\/\/www.paranapraia.com.br\/?p=35302"},"modified":"2021-11-05T14:02:32","modified_gmt":"2021-11-05T17:02:32","slug":"meio-ambiente-e-iat-retiram-jacare-do-canal-da-jk-nesta-sexta","status":"publish","type":"post","link":"https:\/\/www.paranapraia.com.br\/index.php\/2021\/11\/05\/meio-ambiente-e-iat-retiram-jacare-do-canal-da-jk-nesta-sexta\/","title":{"rendered":"Meio Ambiente e IAT retiram jacar\u00e9 do canal da JK nesta sexta"},"content":{"rendered":"\n<p>A Prefeitura de Matinhos, por meio da Secretaria Municipal do Meio Ambiente, atuou nesta sexta-feira (5) na remo\u00e7\u00e3o do jacar\u00e9 Adilson do canal da Avenida JK. O trabalho teve o aval do Instituto \u00c1gua e Terra. Os profissionais do IAT colaboraram com a remo\u00e7\u00e3o, feita ap\u00f3s solicita\u00e7\u00e3o dos moradores da regi\u00e3o.<\/p>\n\n\n\n<figure class=\"wp-block-image size-large\"><img loading=\"lazy\" decoding=\"async\" width=\"1024\" height=\"576\" src=\"https:\/\/www.paranapraia.com.br\/wp-content\/uploads\/2021\/11\/252270719_1575201852822383_9180790180004510506_n-1024x576.jpg\" alt=\"\" class=\"wp-image-35304\" srcset=\"https:\/\/www.paranapraia.com.br\/wp-content\/uploads\/2021\/11\/252270719_1575201852822383_9180790180004510506_n-1024x576.jpg 1024w, https:\/\/www.paranapraia.com.br\/wp-content\/uploads\/2021\/11\/252270719_1575201852822383_9180790180004510506_n-300x169.jpg 300w, https:\/\/www.paranapraia.com.br\/wp-content\/uploads\/2021\/11\/252270719_1575201852822383_9180790180004510506_n-768x432.jpg 768w, https:\/\/www.paranapraia.com.br\/wp-content\/uploads\/2021\/11\/252270719_1575201852822383_9180790180004510506_n-1536x864.jpg 1536w, https:\/\/www.paranapraia.com.br\/wp-content\/uploads\/2021\/11\/252270719_1575201852822383_9180790180004510506_n-696x392.jpg 696w, https:\/\/www.paranapraia.com.br\/wp-content\/uploads\/2021\/11\/252270719_1575201852822383_9180790180004510506_n-1068x601.jpg 1068w, https:\/\/www.paranapraia.com.br\/wp-content\/uploads\/2021\/11\/252270719_1575201852822383_9180790180004510506_n-747x420.jpg 747w, https:\/\/www.paranapraia.com.br\/wp-content\/uploads\/2021\/11\/252270719_1575201852822383_9180790180004510506_n.jpg 1600w\" sizes=\"(max-width: 1024px) 100vw, 1024px\" \/><\/figure>\n\n\n\n<p>O secret\u00e1rio de Meio Ambiente, Ari Nomax, explicou que um of\u00edcio foi encaminhado ao \u00f3rg\u00e3o estadual pedindo a retirada de Adilson do local. O motivo, segundo Ari, \u00e9 que o animal representava um risco \u00e0 comunidade. Ap\u00f3s a retirada de Adilson do canal da JK, o jacar\u00e9 foi encaminhado para o seu habitat natural.<\/p>\n\n\n\n<p>Departamento de Comunica\u00e7\u00e3o<\/p>\n\n\n\n<p>Prefeitura de Matinhos<\/p>\n","protected":false},"excerpt":{"rendered":"<p>A Prefeitura de Matinhos, por meio da Secretaria Municipal do Meio Ambiente, atuou nesta sexta-feira (5) na remo\u00e7\u00e3o do jacar\u00e9 Adilson do canal da Avenida JK. O trabalho teve o aval do Instituto \u00c1gua e Terra. Os profissionais do IAT colaboraram com a remo\u00e7\u00e3o, feita ap\u00f3s solicita\u00e7\u00e3o dos moradores da regi\u00e3o. O secret\u00e1rio de Meio [&hellip;]<\/p>\n","protected":false},"author":2,"featured_media":35303,"comment_status":"open","ping_status":"open","sticky":false,"template":"","format":"standard","meta":{"advanced_seo_description":"","jetpack_seo_html_title":"","jetpack_seo_noindex":false,"_jetpack_memberships_contains_paid_content":false,"footnotes":""},"categories":[40],"tags":[],"class_list":{"0":"post-35302","1":"post","2":"type-post","3":"status-publish","4":"format-standard","5":"has-post-thumbnail","7":"category-destaques"},"jetpack_featured_media_url":"https:\/\/www.paranapraia.com.br\/wp-content\/uploads\/2021\/11\/251239969_1575201962822372_2296673165803365272_n.png","jetpack_sharing_enabled":true,"_links":{"self":[{"href":"https:\/\/www.paranapraia.com.br\/index.php\/wp-json\/wp\/v2\/posts\/35302"}],"collection":[{"href":"https:\/\/www.paranapraia.com.br\/index.php\/wp-json\/wp\/v2\/posts"}],"about":[{"href":"https:\/\/www.paranapraia.com.br\/index.php\/wp-json\/wp\/v2\/types\/post"}],"author":[{"embeddable":true,"href":"https:\/\/www.paranapraia.com.br\/index.php\/wp-json\/wp\/v2\/users\/2"}],"replies":[{"embeddable":true,"href":"https:\/\/www.paranapraia.com.br\/index.php\/wp-json\/wp\/v2\/comments?post=35302"}],"version-history":[{"count":1,"href":"https:\/\/www.paranapraia.com.br\/index.php\/wp-json\/wp\/v2\/posts\/35302\/revisions"}],"predecessor-version":[{"id":35305,"href":"https:\/\/www.paranapraia.com.br\/index.php\/wp-json\/wp\/v2\/posts\/35302\/revisions\/35305"}],"wp:featuredmedia":[{"embeddable":true,"href":"https:\/\/www.paranapraia.com.br\/index.php\/wp-json\/wp\/v2\/media\/35303"}],"wp:attachment":[{"href":"https:\/\/www.paranapraia.com.br\/index.php\/wp-json\/wp\/v2\/media?parent=35302"}],"wp:term":[{"taxonomy":"category","embeddable":true,"href":"https:\/\/www.paranapraia.com.br\/index.php\/wp-json\/wp\/v2\/categories?post=35302"},{"taxonomy":"post_tag","embeddable":true,"href":"https:\/\/www.paranapraia.com.br\/index.php\/wp-json\/wp\/v2\/tags?post=35302"}],"curies":[{"name":"wp","href":"https:\/\/api.w.org\/{rel}","templated":true}]}}