{"id":35293,"date":"2021-11-05T12:53:39","date_gmt":"2021-11-05T15:53:39","guid":{"rendered":"https:\/\/www.paranapraia.com.br\/?p=35293"},"modified":"2021-11-05T12:53:40","modified_gmt":"2021-11-05T15:53:40","slug":"prazo-para-inscricao-ao-pas-e-vestibular-2021-da-uem-vai-ate-segunda-feira","status":"publish","type":"post","link":"https:\/\/www.paranapraia.com.br\/index.php\/2021\/11\/05\/prazo-para-inscricao-ao-pas-e-vestibular-2021-da-uem-vai-ate-segunda-feira\/","title":{"rendered":"Prazo para inscri\u00e7\u00e3o ao PAS e Vestibular 2021 da UEM vai at\u00e9 segunda-feira"},"content":{"rendered":"\n<p>Termina nesta segunda-feira (8) o prazo de inscri\u00e7\u00e3o (j\u00e1 prorrogado) para o Processo de Avalia\u00e7\u00e3o&nbsp;Seriada (PAS) e o Vestibular 2021 da Universidade Estadual de Maring\u00e1 (UEM). As datas limites j\u00e1 haviam sido prorrogadas em raz\u00e3o das constantes quedas de energia e Internet em Maring\u00e1 e regi\u00e3o, decorrentes de instabilidades clim\u00e1ticas em meados de outubro.<\/p>\n\n\n\n<p>De acordo com o&nbsp;<strong><a href=\"https:\/\/www.npd.uem.br\/cvu\/relatorios\/27\/Ed21_034x.pdf\" target=\"_blank\" rel=\"noreferrer noopener\">Edital 034\/21<\/a><\/strong>&nbsp;da Comiss\u00e3o Central do Vestibular Unificado (CVU) da UEM, o prolongamento do prazo visa beneficiar quem teve dificuldades para acessar o sistema de inscri\u00e7\u00f5es. At\u00e9 esta mesma data segue o per\u00edodo de solicita\u00e7\u00e3o de atendimento especial para pessoas com defici\u00eancia f\u00edsica e necessidades especiais.<\/p>\n\n\n\n<p>O edital da CVU estipula para 12 de novembro a publica\u00e7\u00e3o dos editais de homologa\u00e7\u00e3o das inscri\u00e7\u00f5es. Est\u00e3o mantidas as datas de aplica\u00e7\u00e3o das provas, anteriormente divulgadas: Vestibular 2021 da UEM em 20 de fevereiro de 2022; e PAS 2021 da UEM em 27 de mar\u00e7o de 2022.<\/p>\n\n\n\n<p>&nbsp;prazo de pagamento da taxa de inscri\u00e7\u00e3o para o PAS 2021 e o Vestibular 2021 agora \u00e9 at\u00e9 10 de novembro (quarta-feira). Os candidatos j\u00e1 inscritos e que ainda n\u00e3o haviam efetuado o pagamento podem emitir boleto com a nova data de vencimento: basta acessar o&nbsp;<strong><a href=\"https:\/\/www.vestibular.uem.br\/\" target=\"_blank\" rel=\"noreferrer noopener\">Menu do Candidato<\/a><\/strong>.<\/p>\n\n\n\n<p><strong>Servi\u00e7o<\/strong><\/p>\n\n\n\n<p><strong>Vestibular 2021 da UEM<\/strong><\/p>\n\n\n\n<p>Inscri\u00e7\u00f5es abertas at\u00e9 8 de novembro.&nbsp;<strong><a href=\"https:\/\/www.npd.uem.br\/cvu\/evento.zul?id=27&amp;acao=inscricao\" target=\"_blank\" rel=\"noreferrer noopener\">Clique aqui<\/a><\/strong>&nbsp;para se inscrever<\/p>\n\n\n\n<p>Taxa de inscri\u00e7\u00e3o: R$ 167<\/p>\n\n\n\n<p>Vagas: 2.367 vagas, das quais 1.032 universais e 1.335 para cotistas (sociais e negros)<\/p>\n\n\n\n<p>Data da prova: 20 de fevereiro de 2022<\/p>\n\n\n\n<p>Cidades de aplica\u00e7\u00e3o: Maring\u00e1, Apucarana, Campo Mour\u00e3o, Cascavel, Cianorte, Cidade Ga\u00facha, Curitiba, Goioer\u00ea, Ivaipor\u00e3, Paranava\u00ed e Umuarama \u2013 todas no Paran\u00e1<\/p>\n\n\n\n<p><strong>PAS 2021 da UEM<\/strong><\/p>\n\n\n\n<p>Inscri\u00e7\u00f5es abertas at\u00e9 8 de novembro para etapas 1, 2 e 3.&nbsp;<strong><a href=\"https:\/\/www.npd.uem.br\/cvu\/evento.zul?id=27&amp;acao=inscricao\" target=\"_blank\" rel=\"noreferrer noopener\">Clique aqui<\/a><\/strong>&nbsp;para se inscrever<\/p>\n\n\n\n<p>Taxa de inscri\u00e7\u00e3o: R$ 84<\/p>\n\n\n\n<p>Vagas: 747 vagas, todas direcionadas aos candidatos aprovados na etapa 3<\/p>\n\n\n\n<p>Data de aplica\u00e7\u00e3o: 27 de mar\u00e7o de 2022<\/p>\n\n\n\n<p>Cidades de aplica\u00e7\u00e3o: Maring\u00e1, Apucarana, Campo Mour\u00e3o, Cascavel, Cianorte, Goioer\u00ea, Ivaipor\u00e3, Loanda, Londrina, Paranava\u00ed e Umuarama \u2013 todas no Paran\u00e1<\/p>\n\n\n\n<p>AEN<\/p>\n","protected":false},"excerpt":{"rendered":"<p>Termina nesta segunda-feira (8) o prazo de inscri\u00e7\u00e3o (j\u00e1 prorrogado) para o Processo de Avalia\u00e7\u00e3o&nbsp;Seriada (PAS) e o Vestibular 2021 da Universidade Estadual de Maring\u00e1 (UEM). As datas limites j\u00e1 haviam sido prorrogadas em raz\u00e3o das constantes quedas de energia e Internet em Maring\u00e1 e regi\u00e3o, decorrentes de instabilidades clim\u00e1ticas em meados de outubro. De [&hellip;]<\/p>\n","protected":false},"author":2,"featured_media":35294,"comment_status":"open","ping_status":"open","sticky":false,"template":"","format":"standard","meta":{"advanced_seo_description":"","jetpack_seo_html_title":"","jetpack_seo_noindex":false,"_jetpack_memberships_contains_paid_content":false,"footnotes":""},"categories":[40],"tags":[],"class_list":{"0":"post-35293","1":"post","2":"type-post","3":"status-publish","4":"format-standard","5":"has-post-thumbnail","7":"category-destaques"},"jetpack_featured_media_url":"https:\/\/www.paranapraia.com.br\/wp-content\/uploads\/2021\/11\/news_interna_8_de_nov_vestibular_e_PAS_.jpeg","jetpack_sharing_enabled":true,"_links":{"self":[{"href":"https:\/\/www.paranapraia.com.br\/index.php\/wp-json\/wp\/v2\/posts\/35293"}],"collection":[{"href":"https:\/\/www.paranapraia.com.br\/index.php\/wp-json\/wp\/v2\/posts"}],"about":[{"href":"https:\/\/www.paranapraia.com.br\/index.php\/wp-json\/wp\/v2\/types\/post"}],"author":[{"embeddable":true,"href":"https:\/\/www.paranapraia.com.br\/index.php\/wp-json\/wp\/v2\/users\/2"}],"replies":[{"embeddable":true,"href":"https:\/\/www.paranapraia.com.br\/index.php\/wp-json\/wp\/v2\/comments?post=35293"}],"version-history":[{"count":1,"href":"https:\/\/www.paranapraia.com.br\/index.php\/wp-json\/wp\/v2\/posts\/35293\/revisions"}],"predecessor-version":[{"id":35295,"href":"https:\/\/www.paranapraia.com.br\/index.php\/wp-json\/wp\/v2\/posts\/35293\/revisions\/35295"}],"wp:featuredmedia":[{"embeddable":true,"href":"https:\/\/www.paranapraia.com.br\/index.php\/wp-json\/wp\/v2\/media\/35294"}],"wp:attachment":[{"href":"https:\/\/www.paranapraia.com.br\/index.php\/wp-json\/wp\/v2\/media?parent=35293"}],"wp:term":[{"taxonomy":"category","embeddable":true,"href":"https:\/\/www.paranapraia.com.br\/index.php\/wp-json\/wp\/v2\/categories?post=35293"},{"taxonomy":"post_tag","embeddable":true,"href":"https:\/\/www.paranapraia.com.br\/index.php\/wp-json\/wp\/v2\/tags?post=35293"}],"curies":[{"name":"wp","href":"https:\/\/api.w.org\/{rel}","templated":true}]}}