{"id":35290,"date":"2021-11-05T11:41:53","date_gmt":"2021-11-05T14:41:53","guid":{"rendered":"https:\/\/www.paranapraia.com.br\/?p=35290"},"modified":"2021-11-05T11:41:54","modified_gmt":"2021-11-05T14:41:54","slug":"governador-parabeniza-indicacao-de-jose-laurindo-para-liderar-conselho-dos-tribunais-de-justica","status":"publish","type":"post","link":"https:\/\/www.paranapraia.com.br\/index.php\/2021\/11\/05\/governador-parabeniza-indicacao-de-jose-laurindo-para-liderar-conselho-dos-tribunais-de-justica\/","title":{"rendered":"Governador parabeniza indica\u00e7\u00e3o de Jos\u00e9 Laurindo para liderar Conselho dos Tribunais de Justi\u00e7a"},"content":{"rendered":"\n<p>O presidente do Tribunal de Justi\u00e7a do Paran\u00e1 (TJPR), desembargador Jos\u00e9 Laurindo de Souza Netto, foi eleito nesta quinta-feira (4) para a presid\u00eancia do Conselho de Presidentes dos Tribunais de Justi\u00e7a do Brasil. O governador Carlos Massa Ratinho Junior parabenizou a elei\u00e7\u00e3o do desembargador, destacando seu trabalho frente ao Judici\u00e1rio paranaense. A posse da c\u00fapula do conselho ser\u00e1 em janeiro de 2022.<\/p>\n\n\n\n<p>\u201cO desembargador Jos\u00e9 Laurindo desempenha um trabalho muito importante no Tribunal de Justi\u00e7a do Paran\u00e1. Tenho a certeza que o compromisso e a seriedade com que ele trata a Justi\u00e7a e a popula\u00e7\u00e3o paranaense v\u00e3o se refletir agora em \u00e2mbito nacional, por meio do Conselho de Presidentes dos Tribunais de Justi\u00e7a\u201d, afirmou o governador.<\/p>\n\n\n\n<p>Ele ressaltou o apoio do TJPR nas a\u00e7\u00f5es de enfrentamento \u00e0 pandemia da Covid-19 e outros projetos conjuntos com o Governo do Estado. Isso inclui conv\u00eanios para ampliar a&nbsp;<strong><a href=\"https:\/\/www.aen.pr.gov.br\/modules\/noticias\/article.php?storyid=116122\" target=\"_blank\" rel=\"noreferrer noopener\">inova\u00e7\u00e3o do Judici\u00e1rio<\/a><\/strong>, para a prote\u00e7\u00e3o da&nbsp;<strong><a href=\"https:\/\/www.aen.pr.gov.br\/modules\/noticias\/article.php?storyid=114634\" target=\"_blank\" rel=\"noreferrer noopener\">primeira inf\u00e2ncia<\/a><\/strong>, na forma\u00e7\u00e3o de servidores e&nbsp;outros temas.<\/p>\n\n\n\n<p>\u201cOs Tr\u00eas Poderes paranaenses trabalham de forma integrada, tendo sempre em primeiro lugar o interesse p\u00fablico e o bem-estar da popula\u00e7\u00e3o\u201d, salientou Ratinho Junior.<\/p>\n\n\n\n<p>Criado em 1992, em Minas Gerais, como Col\u00e9gio Permanente de Presidentes de Tribunais de Justi\u00e7a do Brasil, o atual Conselho tem entre seus objetivos a defesa dos princ\u00edpios, prerrogativas e fun\u00e7\u00f5es institucionais do Poder Judici\u00e1rio, especialmente em \u00e2mbito estadual; a integra\u00e7\u00e3o dos Tribunais de Justi\u00e7a em todo o territ\u00f3rio nacional; o interc\u00e2mbio de experi\u00eancias funcionais e administrativas; e o estudo e o aprofundamento dos temas jur\u00eddicos e das quest\u00f5es judiciais.<\/p>\n\n\n\n<p>\u201cA integra\u00e7\u00e3o entre os Tribunais \u00e9 de extrema import\u00e2ncia em meio \u00e0 devasta\u00e7\u00e3o causada pela pandemia e aos reflexos sociais deixados por ela\u201d, afirmou Jos\u00e9 Laurindo. \u201cO Judici\u00e1rio precisa estar unido e preparado para os desafios que v\u00eam pela frente, na garantia dos direitos de todos os cidad\u00e3os deste Pa\u00eds\u201d.<\/p>\n\n\n\n<p>A elei\u00e7\u00e3o ocorreu durante o 120\u00b0 Encontro do Conselho de Tribunais de Justi\u00e7a, que iniciou na quarta (3) e segue at\u00e9 esta sexta-feira (5), no Tribunal de Justi\u00e7a do Estado de Pernambuco (TJPE), em Recife. A nova c\u00fapula \u00e9 formada, ainda, pelos presidentes do Tribunal de Justi\u00e7a do Rio de Janeiro (TJRJ), Henrique Carlos de Andrade Figueira, no cargo de vice-presidente; do Sergipe (TJSE), Edson Ulisses de Melo, como secret\u00e1rio de Relacionamento Institucional; e do Acre (TJAC), Waldirene Cordeiro, que atuar\u00e1 como secret\u00e1ria de Cultura.<\/p>\n\n\n\n<p>AEN<\/p>\n","protected":false},"excerpt":{"rendered":"<p>O presidente do Tribunal de Justi\u00e7a do Paran\u00e1 (TJPR), desembargador Jos\u00e9 Laurindo de Souza Netto, foi eleito nesta quinta-feira (4) para a presid\u00eancia do Conselho de Presidentes dos Tribunais de Justi\u00e7a do Brasil. O governador Carlos Massa Ratinho Junior parabenizou a elei\u00e7\u00e3o do desembargador, destacando seu trabalho frente ao Judici\u00e1rio paranaense. A posse da c\u00fapula [&hellip;]<\/p>\n","protected":false},"author":2,"featured_media":35291,"comment_status":"open","ping_status":"open","sticky":false,"template":"","format":"standard","meta":{"advanced_seo_description":"","jetpack_seo_html_title":"","jetpack_seo_noindex":false,"_jetpack_memberships_contains_paid_content":false,"footnotes":""},"categories":[40],"tags":[],"class_list":{"0":"post-35290","1":"post","2":"type-post","3":"status-publish","4":"format-standard","5":"has-post-thumbnail","7":"category-destaques"},"jetpack_featured_media_url":"https:\/\/www.paranapraia.com.br\/wp-content\/uploads\/2021\/11\/news_interna_REUNIAOTJ_4.jpg","jetpack_sharing_enabled":true,"_links":{"self":[{"href":"https:\/\/www.paranapraia.com.br\/index.php\/wp-json\/wp\/v2\/posts\/35290"}],"collection":[{"href":"https:\/\/www.paranapraia.com.br\/index.php\/wp-json\/wp\/v2\/posts"}],"about":[{"href":"https:\/\/www.paranapraia.com.br\/index.php\/wp-json\/wp\/v2\/types\/post"}],"author":[{"embeddable":true,"href":"https:\/\/www.paranapraia.com.br\/index.php\/wp-json\/wp\/v2\/users\/2"}],"replies":[{"embeddable":true,"href":"https:\/\/www.paranapraia.com.br\/index.php\/wp-json\/wp\/v2\/comments?post=35290"}],"version-history":[{"count":1,"href":"https:\/\/www.paranapraia.com.br\/index.php\/wp-json\/wp\/v2\/posts\/35290\/revisions"}],"predecessor-version":[{"id":35292,"href":"https:\/\/www.paranapraia.com.br\/index.php\/wp-json\/wp\/v2\/posts\/35290\/revisions\/35292"}],"wp:featuredmedia":[{"embeddable":true,"href":"https:\/\/www.paranapraia.com.br\/index.php\/wp-json\/wp\/v2\/media\/35291"}],"wp:attachment":[{"href":"https:\/\/www.paranapraia.com.br\/index.php\/wp-json\/wp\/v2\/media?parent=35290"}],"wp:term":[{"taxonomy":"category","embeddable":true,"href":"https:\/\/www.paranapraia.com.br\/index.php\/wp-json\/wp\/v2\/categories?post=35290"},{"taxonomy":"post_tag","embeddable":true,"href":"https:\/\/www.paranapraia.com.br\/index.php\/wp-json\/wp\/v2\/tags?post=35290"}],"curies":[{"name":"wp","href":"https:\/\/api.w.org\/{rel}","templated":true}]}}