{"id":35282,"date":"2021-11-04T15:46:42","date_gmt":"2021-11-04T18:46:42","guid":{"rendered":"https:\/\/www.paranapraia.com.br\/?p=35282"},"modified":"2021-11-04T15:46:44","modified_gmt":"2021-11-04T18:46:44","slug":"guaratuba-recebe-a-primeira-edicao-do-conexao-caicara-neste-final-de-semana","status":"publish","type":"post","link":"https:\/\/www.paranapraia.com.br\/index.php\/2021\/11\/04\/guaratuba-recebe-a-primeira-edicao-do-conexao-caicara-neste-final-de-semana\/","title":{"rendered":"Guaratuba recebe a primeira edi\u00e7\u00e3o do Conex\u00e3o Cai\u00e7ara neste final de semana"},"content":{"rendered":"\n<p>O pr\u00f3ximo final de semana em Guaratuba ser\u00e1 de muita m\u00fasica, gastronomia e cultura cai\u00e7ara. Dias 6 e 7 de novembro acontece, no rec\u00e9m-inaugurado Espa\u00e7o Litoral, a primeira edi\u00e7\u00e3o do Conex\u00e3o Cai\u00e7ara. Em respeito aos protocolos recomendados pelos \u00f3rg\u00e3os oficiais de sa\u00fade em rela\u00e7\u00e3o \u00e0 pandemia, o acesso ao espa\u00e7o ser\u00e1 limitado a 200 pessoas com entrada por ordem de chegada. Tanto no s\u00e1bado quanto no domingo, o Conex\u00e3o Cai\u00e7ara acontecer\u00e1 das 12h \u00e0s 17h com entrada gratuita.<\/p>\n\n\n\n<p>Viabilizado pela Lei Aldir Blanc, com apoio da Prefeitura de Guaratuba, o Conex\u00e3o Cai\u00e7ara levar\u00e1 ao p\u00fablico informa\u00e7\u00f5es sobre a hist\u00f3ria, meio ambiente, gastronomia e todo o universo cai\u00e7ara atrav\u00e9s de uma grande exposi\u00e7\u00e3o e pelo Museu Ecocultural Cai\u00e7ara.<\/p>\n\n\n\n<p>Agenda musical \u2013 A programa\u00e7\u00e3o musical do Conex\u00e3o Cai\u00e7ara reserva homenagens ao m\u00fasico, regente, produtor, arranjador parnanguara Waltel Branco e ao compositor e escritor, Aldir Blanc. No s\u00e1bado, \u00e0s 12h30, a banda Dinamite Combo sobe ao palco para tocar m\u00fasicas instrumentais do universo do mestre Waltel Branco. No repert\u00f3rio, as consagradas Zoraia, Meu Balan\u00e7o, Lady Samba entre outras. A programa\u00e7\u00e3o segue abrindo espa\u00e7o para artistas locais com apresenta\u00e7\u00e3o de fandango e do Grupo Quintal do Samba.<\/p>\n\n\n\n<figure class=\"wp-block-image size-large\"><img loading=\"lazy\" decoding=\"async\" width=\"1024\" height=\"768\" src=\"https:\/\/www.paranapraia.com.br\/wp-content\/uploads\/2021\/11\/WhatsApp-Image-2021-11-04-at-09.11.34-1024x768.jpeg\" alt=\"\" class=\"wp-image-35284\" srcset=\"https:\/\/www.paranapraia.com.br\/wp-content\/uploads\/2021\/11\/WhatsApp-Image-2021-11-04-at-09.11.34-1024x768.jpeg 1024w, https:\/\/www.paranapraia.com.br\/wp-content\/uploads\/2021\/11\/WhatsApp-Image-2021-11-04-at-09.11.34-300x225.jpeg 300w, https:\/\/www.paranapraia.com.br\/wp-content\/uploads\/2021\/11\/WhatsApp-Image-2021-11-04-at-09.11.34-768x576.jpeg 768w, https:\/\/www.paranapraia.com.br\/wp-content\/uploads\/2021\/11\/WhatsApp-Image-2021-11-04-at-09.11.34-80x60.jpeg 80w, https:\/\/www.paranapraia.com.br\/wp-content\/uploads\/2021\/11\/WhatsApp-Image-2021-11-04-at-09.11.34-265x198.jpeg 265w, https:\/\/www.paranapraia.com.br\/wp-content\/uploads\/2021\/11\/WhatsApp-Image-2021-11-04-at-09.11.34-696x522.jpeg 696w, https:\/\/www.paranapraia.com.br\/wp-content\/uploads\/2021\/11\/WhatsApp-Image-2021-11-04-at-09.11.34-1068x801.jpeg 1068w, https:\/\/www.paranapraia.com.br\/wp-content\/uploads\/2021\/11\/WhatsApp-Image-2021-11-04-at-09.11.34-560x420.jpeg 560w, https:\/\/www.paranapraia.com.br\/wp-content\/uploads\/2021\/11\/WhatsApp-Image-2021-11-04-at-09.11.34.jpeg 1080w\" sizes=\"(max-width: 1024px) 100vw, 1024px\" \/><\/figure>\n\n\n\n<figure class=\"wp-block-image size-large\"><img loading=\"lazy\" decoding=\"async\" width=\"1024\" height=\"768\" src=\"https:\/\/www.paranapraia.com.br\/wp-content\/uploads\/2021\/11\/WhatsApp-Image-2021-11-04-at-09.11.38-1024x768.jpeg\" alt=\"\" class=\"wp-image-35285\" srcset=\"https:\/\/www.paranapraia.com.br\/wp-content\/uploads\/2021\/11\/WhatsApp-Image-2021-11-04-at-09.11.38-1024x768.jpeg 1024w, https:\/\/www.paranapraia.com.br\/wp-content\/uploads\/2021\/11\/WhatsApp-Image-2021-11-04-at-09.11.38-300x225.jpeg 300w, https:\/\/www.paranapraia.com.br\/wp-content\/uploads\/2021\/11\/WhatsApp-Image-2021-11-04-at-09.11.38-768x576.jpeg 768w, https:\/\/www.paranapraia.com.br\/wp-content\/uploads\/2021\/11\/WhatsApp-Image-2021-11-04-at-09.11.38-80x60.jpeg 80w, https:\/\/www.paranapraia.com.br\/wp-content\/uploads\/2021\/11\/WhatsApp-Image-2021-11-04-at-09.11.38-265x198.jpeg 265w, https:\/\/www.paranapraia.com.br\/wp-content\/uploads\/2021\/11\/WhatsApp-Image-2021-11-04-at-09.11.38-696x522.jpeg 696w, https:\/\/www.paranapraia.com.br\/wp-content\/uploads\/2021\/11\/WhatsApp-Image-2021-11-04-at-09.11.38-1068x801.jpeg 1068w, https:\/\/www.paranapraia.com.br\/wp-content\/uploads\/2021\/11\/WhatsApp-Image-2021-11-04-at-09.11.38-560x420.jpeg 560w, https:\/\/www.paranapraia.com.br\/wp-content\/uploads\/2021\/11\/WhatsApp-Image-2021-11-04-at-09.11.38.jpeg 1280w\" sizes=\"(max-width: 1024px) 100vw, 1024px\" \/><\/figure>\n\n\n\n<figure class=\"wp-block-image size-large\"><img loading=\"lazy\" decoding=\"async\" width=\"1024\" height=\"511\" src=\"https:\/\/www.paranapraia.com.br\/wp-content\/uploads\/2021\/11\/WhatsApp-Image-2021-11-04-at-09.11.39-1024x511.jpeg\" alt=\"\" class=\"wp-image-35286\" srcset=\"https:\/\/www.paranapraia.com.br\/wp-content\/uploads\/2021\/11\/WhatsApp-Image-2021-11-04-at-09.11.39-1024x511.jpeg 1024w, https:\/\/www.paranapraia.com.br\/wp-content\/uploads\/2021\/11\/WhatsApp-Image-2021-11-04-at-09.11.39-300x150.jpeg 300w, https:\/\/www.paranapraia.com.br\/wp-content\/uploads\/2021\/11\/WhatsApp-Image-2021-11-04-at-09.11.39-768x383.jpeg 768w, https:\/\/www.paranapraia.com.br\/wp-content\/uploads\/2021\/11\/WhatsApp-Image-2021-11-04-at-09.11.39-696x347.jpeg 696w, https:\/\/www.paranapraia.com.br\/wp-content\/uploads\/2021\/11\/WhatsApp-Image-2021-11-04-at-09.11.39-1068x533.jpeg 1068w, https:\/\/www.paranapraia.com.br\/wp-content\/uploads\/2021\/11\/WhatsApp-Image-2021-11-04-at-09.11.39-841x420.jpeg 841w, https:\/\/www.paranapraia.com.br\/wp-content\/uploads\/2021\/11\/WhatsApp-Image-2021-11-04-at-09.11.39.jpeg 1280w\" sizes=\"(max-width: 1024px) 100vw, 1024px\" \/><\/figure>\n\n\n\n<figure class=\"wp-block-image size-large\"><img loading=\"lazy\" decoding=\"async\" width=\"619\" height=\"619\" src=\"https:\/\/www.paranapraia.com.br\/wp-content\/uploads\/2021\/11\/WhatsApp-Image-2021-11-04-at-09.11.44.jpeg\" alt=\"\" class=\"wp-image-35287\" srcset=\"https:\/\/www.paranapraia.com.br\/wp-content\/uploads\/2021\/11\/WhatsApp-Image-2021-11-04-at-09.11.44.jpeg 619w, https:\/\/www.paranapraia.com.br\/wp-content\/uploads\/2021\/11\/WhatsApp-Image-2021-11-04-at-09.11.44-300x300.jpeg 300w, https:\/\/www.paranapraia.com.br\/wp-content\/uploads\/2021\/11\/WhatsApp-Image-2021-11-04-at-09.11.44-150x150.jpeg 150w, https:\/\/www.paranapraia.com.br\/wp-content\/uploads\/2021\/11\/WhatsApp-Image-2021-11-04-at-09.11.44-420x420.jpeg 420w\" sizes=\"(max-width: 619px) 100vw, 619px\" \/><\/figure>\n\n\n\n<p>No domingo (7), os m\u00fasicos Ricardo Salmazo (voz e percuss\u00e3o), Vinicius Chamorro (viol\u00e3o) e Juli\u00e3o Bo\u00eamio (cavaquinho), do Trio na Madrugada, abrem os trabalhos tocando os grandes sucessos de Aldir Blanc. Para fechar o final de semana, o p\u00fablico poder\u00e1 acompanhar a apresenta\u00e7\u00e3o de fandango e do Grupo Quintal do Samba.<\/p>\n\n\n\n<p>Maricultura \u2013 Para acompanhar as atra\u00e7\u00f5es art\u00edsticas, o Conex\u00e3o Cai\u00e7ara ter\u00e1 um box servindo bolinho de siri, camar\u00e3o empanado, iscas de peixe e as mundialmente consagradas ostras da regi\u00e3o do Cabaraquara. Al\u00e9m de saborear a iguaria, por meio de grandes pain\u00e9is, o visitante poder\u00e1 conhecer mais sobre a ostreicultura, importante ramo da maricultura e unidade econ\u00f4mica da regi\u00e3o.<\/p>\n\n\n\n<p><\/p>\n\n\n\n<figure class=\"wp-block-image size-large\"><img loading=\"lazy\" decoding=\"async\" width=\"960\" height=\"613\" src=\"https:\/\/www.paranapraia.com.br\/wp-content\/uploads\/2021\/11\/WhatsApp-Image-2021-11-04-at-09.11.35.jpeg\" alt=\"\" class=\"wp-image-35288\" srcset=\"https:\/\/www.paranapraia.com.br\/wp-content\/uploads\/2021\/11\/WhatsApp-Image-2021-11-04-at-09.11.35.jpeg 960w, https:\/\/www.paranapraia.com.br\/wp-content\/uploads\/2021\/11\/WhatsApp-Image-2021-11-04-at-09.11.35-300x192.jpeg 300w, https:\/\/www.paranapraia.com.br\/wp-content\/uploads\/2021\/11\/WhatsApp-Image-2021-11-04-at-09.11.35-768x490.jpeg 768w, https:\/\/www.paranapraia.com.br\/wp-content\/uploads\/2021\/11\/WhatsApp-Image-2021-11-04-at-09.11.35-696x444.jpeg 696w, https:\/\/www.paranapraia.com.br\/wp-content\/uploads\/2021\/11\/WhatsApp-Image-2021-11-04-at-09.11.35-658x420.jpeg 658w\" sizes=\"(max-width: 960px) 100vw, 960px\" \/><\/figure>\n\n\n\n<p><br>A ostra do mangue do Cabaraquara \u00e9 considerada a melhor do pa\u00eds e uma das tr\u00eas melhores do mundo. O t\u00edtulo foi concedido por especialistas japoneses que viajaram pelo Brasil e tamb\u00e9m avaliaram ostras produzidas em v\u00e1rias regi\u00f5es do mundo.<\/p>\n\n\n\n<p><br>Tradi\u00e7\u00f5es cai\u00e7aras \u2013 O Museu Ecocultural Cai\u00e7ara estar\u00e1 presente no Espa\u00e7o Litoral com seu acervo arqueol\u00f3gico e informa\u00e7\u00f5es sobre os 250 anos da Vila de Guaratuba e a comunidade pesqueira da regi\u00e3o. Em paralelo, uma exposi\u00e7\u00e3o revela aspectos do universo e identidade cai\u00e7ara com informa\u00e7\u00f5es e imagens sobre elementos desta cultura litor\u00e2nea.<br>Sobre a Lei Aldir Blanc \u2013 Lei n\u00ba 14.017 de 29 de junho de 2020 formulada pelo Congresso Nacional com a finalidade de atender ao setor cultural do Brasil, afetado com as medidas restritivas de isolamento social impostas em raz\u00e3o da pandemia de Covid-19<\/p>\n\n\n\n<hr class=\"wp-block-separator\"\/>\n\n\n\n<p>SERVI\u00c7O<br>Conex\u00e3o Cai\u00e7ara \u2013 M\u00fasica, gastronomia, cultura e tradi\u00e7\u00f5es<br>\u2022 Data: s\u00e1bado e domingo, dias 06 e 07 de Novembro<br>\u2022 Hor\u00e1rio: 12h \u00e0s 17h<br>\u2022 Local: Espa\u00e7o Litoral<br>\u2022 Endere\u00e7o: Rua Ant\u00f4nio Rocha 480 \u2013 Guaratuba\/PR<br>\u2022 Capacidade: 200 pessoas<br>\u2022 Entrada Franca (ser\u00e1 respeitada a ordem de chegada)<\/p>\n\n\n\n<p>Assessoria<\/p>\n","protected":false},"excerpt":{"rendered":"<p>O pr\u00f3ximo final de semana em Guaratuba ser\u00e1 de muita m\u00fasica, gastronomia e cultura cai\u00e7ara. Dias 6 e 7 de novembro acontece, no rec\u00e9m-inaugurado Espa\u00e7o Litoral, a primeira edi\u00e7\u00e3o do Conex\u00e3o Cai\u00e7ara. Em respeito aos protocolos recomendados pelos \u00f3rg\u00e3os oficiais de sa\u00fade em rela\u00e7\u00e3o \u00e0 pandemia, o acesso ao espa\u00e7o ser\u00e1 limitado a 200 pessoas [&hellip;]<\/p>\n","protected":false},"author":2,"featured_media":35283,"comment_status":"open","ping_status":"open","sticky":false,"template":"","format":"standard","meta":{"advanced_seo_description":"","jetpack_seo_html_title":"","jetpack_seo_noindex":false,"_jetpack_memberships_contains_paid_content":false,"footnotes":""},"categories":[40],"tags":[],"class_list":{"0":"post-35282","1":"post","2":"type-post","3":"status-publish","4":"format-standard","5":"has-post-thumbnail","7":"category-destaques"},"jetpack_featured_media_url":"https:\/\/www.paranapraia.com.br\/wp-content\/uploads\/2021\/11\/WhatsApp-Image-2021-11-04-at-09.11.40.jpeg","jetpack_sharing_enabled":true,"_links":{"self":[{"href":"https:\/\/www.paranapraia.com.br\/index.php\/wp-json\/wp\/v2\/posts\/35282"}],"collection":[{"href":"https:\/\/www.paranapraia.com.br\/index.php\/wp-json\/wp\/v2\/posts"}],"about":[{"href":"https:\/\/www.paranapraia.com.br\/index.php\/wp-json\/wp\/v2\/types\/post"}],"author":[{"embeddable":true,"href":"https:\/\/www.paranapraia.com.br\/index.php\/wp-json\/wp\/v2\/users\/2"}],"replies":[{"embeddable":true,"href":"https:\/\/www.paranapraia.com.br\/index.php\/wp-json\/wp\/v2\/comments?post=35282"}],"version-history":[{"count":1,"href":"https:\/\/www.paranapraia.com.br\/index.php\/wp-json\/wp\/v2\/posts\/35282\/revisions"}],"predecessor-version":[{"id":35289,"href":"https:\/\/www.paranapraia.com.br\/index.php\/wp-json\/wp\/v2\/posts\/35282\/revisions\/35289"}],"wp:featuredmedia":[{"embeddable":true,"href":"https:\/\/www.paranapraia.com.br\/index.php\/wp-json\/wp\/v2\/media\/35283"}],"wp:attachment":[{"href":"https:\/\/www.paranapraia.com.br\/index.php\/wp-json\/wp\/v2\/media?parent=35282"}],"wp:term":[{"taxonomy":"category","embeddable":true,"href":"https:\/\/www.paranapraia.com.br\/index.php\/wp-json\/wp\/v2\/categories?post=35282"},{"taxonomy":"post_tag","embeddable":true,"href":"https:\/\/www.paranapraia.com.br\/index.php\/wp-json\/wp\/v2\/tags?post=35282"}],"curies":[{"name":"wp","href":"https:\/\/api.w.org\/{rel}","templated":true}]}}