{"id":3528,"date":"2019-03-30T10:51:14","date_gmt":"2019-03-30T13:51:14","guid":{"rendered":"https:\/\/www.paranapraia.com.br\/?p=3528"},"modified":"2019-03-30T10:51:15","modified_gmt":"2019-03-30T13:51:15","slug":"paul-mccartney-ruas-serao-bloqueadas-para-show","status":"publish","type":"post","link":"https:\/\/www.paranapraia.com.br\/index.php\/2019\/03\/30\/paul-mccartney-ruas-serao-bloqueadas-para-show\/","title":{"rendered":"Paul McCartney: ruas ser\u00e3o bloqueadas para show"},"content":{"rendered":"\n<p>As ruas ao redor do Est\u00e1dio Couto Pereira, no bairro Alto da Gl\u00f3ria, em Curitiba, ser\u00e3o bloqueadas a partir do meio dia deste s\u00e1bado (30), devido ao show do Paul McCartney. O ex-beatle faz uma apresenta\u00e7\u00e3o \u00fanica na noite de hoje, a partir das 21h30. A abertura dos port\u00f5es do est\u00e1dio ser\u00e1 \u00e0s 17h.<\/p>\n\n\n\n<p>Para um desenvolvimento pessoal e profissional \u00e9 necess\u00e1rio uma segunda l\u00edngua. Veja essa dica! <\/p>\n\n\n\n<p>De acordo com a Prefeitura de Curitiba, a interdi\u00e7\u00e3o do tr\u00e2nsito \u00e9 para garantir a chegada e seguran\u00e7a do p\u00fablico, estimado em 40 mil pessoas. A Rua Mau\u00e1 estar\u00e1 bloqueada a partir do cruzamento com a Doutor Goulin. Tamb\u00e9m n\u00e3o ser\u00e1 poss\u00edvel acessar a Mau\u00e1 pela Rua Bar\u00e3o de Guara\u00fana. Haver\u00e1 ainda bloqueios nas duas ruas paralelas ao est\u00e1dio: Am\u00e2ncio Moro e Floriano Essenfelder, ambas no cruzamento com a Ubaldino do Amaral.<\/p>\n\n\n\n<p> A empresa privada contratada para a organiza\u00e7\u00e3o do evento ser\u00e1 respons\u00e1vel pelos bloqueios. A Setran vai auxiliar nos trabalhos de orienta\u00e7\u00e3o aos motoristas e de fiscaliza\u00e7\u00e3o, para coibir estacionamento irregular, em frente a guias rebaixadas ou em \u00e1rea de visibilidade (pr\u00f3ximo das esquinas), por exemplo. <\/p>\n\n\n\n<p>Colabora\u00e7\u00e3o Prefeitura de Curitiba<br><\/p>\n","protected":false},"excerpt":{"rendered":"<p>As ruas ao redor do Est\u00e1dio Couto Pereira, no bairro Alto da Gl\u00f3ria, em Curitiba, ser\u00e3o bloqueadas a partir do meio dia deste s\u00e1bado (30), devido ao show do Paul McCartney. O ex-beatle faz uma apresenta\u00e7\u00e3o \u00fanica na noite de hoje, a partir das 21h30. A abertura dos port\u00f5es do est\u00e1dio ser\u00e1 \u00e0s 17h. Para [&hellip;]<\/p>\n","protected":false},"author":2,"featured_media":3529,"comment_status":"open","ping_status":"open","sticky":false,"template":"","format":"standard","meta":{"advanced_seo_description":"","jetpack_seo_html_title":"","jetpack_seo_noindex":false,"_jetpack_memberships_contains_paid_content":false,"footnotes":""},"categories":[40],"tags":[],"class_list":{"0":"post-3528","1":"post","2":"type-post","3":"status-publish","4":"format-standard","5":"has-post-thumbnail","7":"category-destaques"},"jetpack_featured_media_url":"https:\/\/www.paranapraia.com.br\/wp-content\/uploads\/2019\/03\/paul-2.jpg","jetpack_sharing_enabled":true,"_links":{"self":[{"href":"https:\/\/www.paranapraia.com.br\/index.php\/wp-json\/wp\/v2\/posts\/3528"}],"collection":[{"href":"https:\/\/www.paranapraia.com.br\/index.php\/wp-json\/wp\/v2\/posts"}],"about":[{"href":"https:\/\/www.paranapraia.com.br\/index.php\/wp-json\/wp\/v2\/types\/post"}],"author":[{"embeddable":true,"href":"https:\/\/www.paranapraia.com.br\/index.php\/wp-json\/wp\/v2\/users\/2"}],"replies":[{"embeddable":true,"href":"https:\/\/www.paranapraia.com.br\/index.php\/wp-json\/wp\/v2\/comments?post=3528"}],"version-history":[{"count":1,"href":"https:\/\/www.paranapraia.com.br\/index.php\/wp-json\/wp\/v2\/posts\/3528\/revisions"}],"predecessor-version":[{"id":3530,"href":"https:\/\/www.paranapraia.com.br\/index.php\/wp-json\/wp\/v2\/posts\/3528\/revisions\/3530"}],"wp:featuredmedia":[{"embeddable":true,"href":"https:\/\/www.paranapraia.com.br\/index.php\/wp-json\/wp\/v2\/media\/3529"}],"wp:attachment":[{"href":"https:\/\/www.paranapraia.com.br\/index.php\/wp-json\/wp\/v2\/media?parent=3528"}],"wp:term":[{"taxonomy":"category","embeddable":true,"href":"https:\/\/www.paranapraia.com.br\/index.php\/wp-json\/wp\/v2\/categories?post=3528"},{"taxonomy":"post_tag","embeddable":true,"href":"https:\/\/www.paranapraia.com.br\/index.php\/wp-json\/wp\/v2\/tags?post=3528"}],"curies":[{"name":"wp","href":"https:\/\/api.w.org\/{rel}","templated":true}]}}