{"id":35276,"date":"2021-11-03T16:47:27","date_gmt":"2021-11-03T19:47:27","guid":{"rendered":"https:\/\/www.paranapraia.com.br\/?p=35276"},"modified":"2021-11-03T16:47:29","modified_gmt":"2021-11-03T19:47:29","slug":"litoral-volta-a-normalidade-apos-fortes-chuvas-do-fim-de-semana","status":"publish","type":"post","link":"https:\/\/www.paranapraia.com.br\/index.php\/2021\/11\/03\/litoral-volta-a-normalidade-apos-fortes-chuvas-do-fim-de-semana\/","title":{"rendered":"Litoral volta \u00e0 normalidade ap\u00f3s fortes chuvas do fim de semana"},"content":{"rendered":"\n<p>Os munic\u00edpios do Litoral do Paran\u00e1 retornaram \u00e0 normalidade nesta quarta-feira (3), depois de um feriado sob aten\u00e7\u00e3o por causa da forte chuva que atingiu a regi\u00e3o.&nbsp;A precipita\u00e7\u00e3o elevou o&nbsp;n\u00edvel&nbsp;dos rios Nhundiquara, Marumbi e Pinto em quase seis metros. Morretes, munic\u00edpio mais atingido pelo temporal, decretou situa\u00e7\u00e3o de emerg\u00eancia para agilizar a capta\u00e7\u00e3o de recursos financeiros e atender as necessidades da cidade.<\/p>\n\n\n\n<p>Uma equipe da Coordenadoria Estadual da Defesa Civil foi deslocada para a regi\u00e3o ainda na segunda-feira (1\u00ba). O chefe da Comunica\u00e7\u00e3o Social da Defesa Civil, capit\u00e3o Marcos Vidal, informou que o \u00f3rg\u00e3o tem atuado para orientar e auxiliar Morretes no preenchimento das documenta\u00e7\u00f5es necess\u00e1rias para requisitar os recursos.<\/p>\n\n\n\n<p>\u201cEstamos prestando assist\u00eancia a Morretes e aos demais munic\u00edpios do Litoral. Apesar deste retorno aos n\u00edveis normais dos rios, continuaremos monitorando a regi\u00e3o e dando todo o suporte necess\u00e1rio\u201d, afirmou o capit\u00e3o Vidal.<\/p>\n\n\n\n<p><strong>RETORNO PARA CASA &#8211;&nbsp;<\/strong>Em Morretes, um casal continua acolhido na&nbsp;casa de parentes. Os outros 15&nbsp;desabrigados e 58&nbsp;desalojados j\u00e1 retornaram para as suas resid\u00eancias. \u201cO cen\u00e1rio para essas fam\u00edlias foi dif\u00edcil, pois muitas perderam seus mantimentos e m\u00f3veis\u201d, disse o coordenador da Defesa Civil de Morretes, Diogo Dornelles Bueno.<\/p>\n\n\n\n<p>O Sistema de Tecnologia e Monitoramento Ambiental do Paran\u00e1 (Simepar) informou que tamb\u00e9m foram registrados pontos de alagamentos em esta\u00e7\u00f5es meteorol\u00f3gicas de Antonina e Guaratuba. As cidades j\u00e1 se encontram em situa\u00e7\u00e3o normal.<\/p>\n\n\n\n<p>AEN<\/p>\n","protected":false},"excerpt":{"rendered":"<p>Os munic\u00edpios do Litoral do Paran\u00e1 retornaram \u00e0 normalidade nesta quarta-feira (3), depois de um feriado sob aten\u00e7\u00e3o por causa da forte chuva que atingiu a regi\u00e3o.&nbsp;A precipita\u00e7\u00e3o elevou o&nbsp;n\u00edvel&nbsp;dos rios Nhundiquara, Marumbi e Pinto em quase seis metros. Morretes, munic\u00edpio mais atingido pelo temporal, decretou situa\u00e7\u00e3o de emerg\u00eancia para agilizar a capta\u00e7\u00e3o de recursos [&hellip;]<\/p>\n","protected":false},"author":2,"featured_media":35277,"comment_status":"open","ping_status":"open","sticky":false,"template":"","format":"standard","meta":{"advanced_seo_description":"","jetpack_seo_html_title":"","jetpack_seo_noindex":false,"_jetpack_memberships_contains_paid_content":false,"footnotes":""},"categories":[40],"tags":[],"class_list":{"0":"post-35276","1":"post","2":"type-post","3":"status-publish","4":"format-standard","5":"has-post-thumbnail","7":"category-destaques"},"jetpack_featured_media_url":"https:\/\/www.paranapraia.com.br\/wp-content\/uploads\/2021\/11\/news_interna_jpg.1_0.jpg","jetpack_sharing_enabled":true,"_links":{"self":[{"href":"https:\/\/www.paranapraia.com.br\/index.php\/wp-json\/wp\/v2\/posts\/35276"}],"collection":[{"href":"https:\/\/www.paranapraia.com.br\/index.php\/wp-json\/wp\/v2\/posts"}],"about":[{"href":"https:\/\/www.paranapraia.com.br\/index.php\/wp-json\/wp\/v2\/types\/post"}],"author":[{"embeddable":true,"href":"https:\/\/www.paranapraia.com.br\/index.php\/wp-json\/wp\/v2\/users\/2"}],"replies":[{"embeddable":true,"href":"https:\/\/www.paranapraia.com.br\/index.php\/wp-json\/wp\/v2\/comments?post=35276"}],"version-history":[{"count":1,"href":"https:\/\/www.paranapraia.com.br\/index.php\/wp-json\/wp\/v2\/posts\/35276\/revisions"}],"predecessor-version":[{"id":35278,"href":"https:\/\/www.paranapraia.com.br\/index.php\/wp-json\/wp\/v2\/posts\/35276\/revisions\/35278"}],"wp:featuredmedia":[{"embeddable":true,"href":"https:\/\/www.paranapraia.com.br\/index.php\/wp-json\/wp\/v2\/media\/35277"}],"wp:attachment":[{"href":"https:\/\/www.paranapraia.com.br\/index.php\/wp-json\/wp\/v2\/media?parent=35276"}],"wp:term":[{"taxonomy":"category","embeddable":true,"href":"https:\/\/www.paranapraia.com.br\/index.php\/wp-json\/wp\/v2\/categories?post=35276"},{"taxonomy":"post_tag","embeddable":true,"href":"https:\/\/www.paranapraia.com.br\/index.php\/wp-json\/wp\/v2\/tags?post=35276"}],"curies":[{"name":"wp","href":"https:\/\/api.w.org\/{rel}","templated":true}]}}