{"id":35273,"date":"2021-11-03T14:30:32","date_gmt":"2021-11-03T17:30:32","guid":{"rendered":"https:\/\/www.paranapraia.com.br\/?p=35273"},"modified":"2021-11-03T14:30:33","modified_gmt":"2021-11-03T17:30:33","slug":"novo-lote-de-450-mil-vacinas-contra-covid-19-vai-para-adolescentes-e-reforco-dos-idosos","status":"publish","type":"post","link":"https:\/\/www.paranapraia.com.br\/index.php\/2021\/11\/03\/novo-lote-de-450-mil-vacinas-contra-covid-19-vai-para-adolescentes-e-reforco-dos-idosos\/","title":{"rendered":"Novo lote de 450 mil vacinas contra Covid-19 vai para adolescentes e refor\u00e7o dos idosos"},"content":{"rendered":"\n<p>O Paran\u00e1 recebeu nesta quarta-feira (3) mais 450.450 doses da vacina da Pfizer\/BioNTech contra a Covid-19. A Secretaria estadual da Sa\u00fade informou que os imunizantes fazem parte da 64\u00aa pauta de distribui\u00e7\u00e3o do Minist\u00e9rio da Sa\u00fade e s\u00e3o destinados para adolescentes e dose refor\u00e7o (DR).<\/p>\n\n\n\n<p>Do total, 271.440 doses s\u00e3o para pessoas acima de 60 anos que completaram o esquema vacinal entre 22 de abril a 4 de maio. As outras 179.010 vacinas s\u00e3o para primeiras doses dos adolescentes de 12 a 17 anos, sem comorbidades.<\/p>\n\n\n\n<p>A nova remessa chegou em dois voos distintos. Um deles desembarcou no Aeroporto Internacional Afonso Pena, em S\u00e3o Jos\u00e9 dos Pinhais \u00e0s 09h15. O segundo finalizou a carga por volta das 11h00. O novo lote j\u00e1 est\u00e1 no Centro de Medicamentos do Paran\u00e1 (Cemepar), onde est\u00e1 sendo organizado&nbsp;para ser distribu\u00eddo \u00e0s 22 Regionais de Sa\u00fade.<\/p>\n\n\n\n<p>De acordo com o Informe T\u00e9cnico, o Estado j\u00e1 vacinou 429.416 adolescentes com a primeira dose (D1), o que corresponde a quase 50% da popula\u00e7\u00e3o de 12 a 17 anos.<\/p>\n\n\n\n<p>Segundo os dados do Vacin\u00f4metro nacional, o Paran\u00e1 j\u00e1 aplicou 15.875.693 vacinas contra a Covid-19, sendo 8.589.951 primeiras doses (D1) e 6.848.153 segundas doses (D2) ou doses \u00fanicas (DU). O Estado registra, ainda, a aplica\u00e7\u00e3o de 39.796 doses adicionais (DA) e 399.390 doses de refor\u00e7o (DR).<\/p>\n\n\n\n<p>AEN<\/p>\n","protected":false},"excerpt":{"rendered":"<p>O Paran\u00e1 recebeu nesta quarta-feira (3) mais 450.450 doses da vacina da Pfizer\/BioNTech contra a Covid-19. A Secretaria estadual da Sa\u00fade informou que os imunizantes fazem parte da 64\u00aa pauta de distribui\u00e7\u00e3o do Minist\u00e9rio da Sa\u00fade e s\u00e3o destinados para adolescentes e dose refor\u00e7o (DR). Do total, 271.440 doses s\u00e3o para pessoas acima de 60 [&hellip;]<\/p>\n","protected":false},"author":2,"featured_media":35274,"comment_status":"open","ping_status":"open","sticky":false,"template":"","format":"standard","meta":{"advanced_seo_description":"","jetpack_seo_html_title":"","jetpack_seo_noindex":false,"_jetpack_memberships_contains_paid_content":false,"footnotes":""},"categories":[40],"tags":[],"class_list":{"0":"post-35273","1":"post","2":"type-post","3":"status-publish","4":"format-standard","5":"has-post-thumbnail","7":"category-destaques"},"jetpack_featured_media_url":"https:\/\/www.paranapraia.com.br\/wp-content\/uploads\/2021\/11\/news_interna_DSC_9085.jpg","jetpack_sharing_enabled":true,"_links":{"self":[{"href":"https:\/\/www.paranapraia.com.br\/index.php\/wp-json\/wp\/v2\/posts\/35273"}],"collection":[{"href":"https:\/\/www.paranapraia.com.br\/index.php\/wp-json\/wp\/v2\/posts"}],"about":[{"href":"https:\/\/www.paranapraia.com.br\/index.php\/wp-json\/wp\/v2\/types\/post"}],"author":[{"embeddable":true,"href":"https:\/\/www.paranapraia.com.br\/index.php\/wp-json\/wp\/v2\/users\/2"}],"replies":[{"embeddable":true,"href":"https:\/\/www.paranapraia.com.br\/index.php\/wp-json\/wp\/v2\/comments?post=35273"}],"version-history":[{"count":1,"href":"https:\/\/www.paranapraia.com.br\/index.php\/wp-json\/wp\/v2\/posts\/35273\/revisions"}],"predecessor-version":[{"id":35275,"href":"https:\/\/www.paranapraia.com.br\/index.php\/wp-json\/wp\/v2\/posts\/35273\/revisions\/35275"}],"wp:featuredmedia":[{"embeddable":true,"href":"https:\/\/www.paranapraia.com.br\/index.php\/wp-json\/wp\/v2\/media\/35274"}],"wp:attachment":[{"href":"https:\/\/www.paranapraia.com.br\/index.php\/wp-json\/wp\/v2\/media?parent=35273"}],"wp:term":[{"taxonomy":"category","embeddable":true,"href":"https:\/\/www.paranapraia.com.br\/index.php\/wp-json\/wp\/v2\/categories?post=35273"},{"taxonomy":"post_tag","embeddable":true,"href":"https:\/\/www.paranapraia.com.br\/index.php\/wp-json\/wp\/v2\/tags?post=35273"}],"curies":[{"name":"wp","href":"https:\/\/api.w.org\/{rel}","templated":true}]}}