{"id":35270,"date":"2021-11-03T14:28:51","date_gmt":"2021-11-03T17:28:51","guid":{"rendered":"https:\/\/www.paranapraia.com.br\/?p=35270"},"modified":"2021-11-03T14:28:52","modified_gmt":"2021-11-03T17:28:52","slug":"equipes-de-enfermagem-participaram-de-capacitacao-em-atendimento-de-emergencia-em-pontal-do-parana","status":"publish","type":"post","link":"https:\/\/www.paranapraia.com.br\/index.php\/2021\/11\/03\/equipes-de-enfermagem-participaram-de-capacitacao-em-atendimento-de-emergencia-em-pontal-do-parana\/","title":{"rendered":"Equipes de enfermagem participaram de capacita\u00e7\u00e3o em atendimento de emerg\u00eancia em Pontal do Paran\u00e1"},"content":{"rendered":"\n<p>Equipes de enfermagem da Secretaria Municipal de Sa\u00fade participaram da Capacita\u00e7\u00e3o em atendimento de emerg\u00eancia: Atualiza\u00e7\u00e3o em Urg\u00eancia e Emerg\u00eancia. O curso aconteceu na Casa da Cultura e foi ministrado por uma equipe do Samu.<\/p>\n\n\n\n<p>Equipe da capacita\u00e7\u00e3o Samu: Juliane Brenner respons\u00e1vel t\u00e9cnica do Samu. Os Instrutores: Michael Neves, Milena Sokulski e Alisson Rovigo<\/p>\n\n\n\n<p>O prefeito Rud\u00e3o Gimenes e a Secret\u00e1ria Municipal de Sa\u00fade Carmem Moura acompanharam a capacita\u00e7\u00e3o que terminou no fim da tarde de sexta-feira (29).<\/p>\n\n\n\n<p>Rafaela Takiguchi<\/p>\n\n\n\n<p>Fotos: Cesar Ramires<\/p>\n","protected":false},"excerpt":{"rendered":"<p>Equipes de enfermagem da Secretaria Municipal de Sa\u00fade participaram da Capacita\u00e7\u00e3o em atendimento de emerg\u00eancia: Atualiza\u00e7\u00e3o em Urg\u00eancia e Emerg\u00eancia. O curso aconteceu na Casa da Cultura e foi ministrado por uma equipe do Samu. Equipe da capacita\u00e7\u00e3o Samu: Juliane Brenner respons\u00e1vel t\u00e9cnica do Samu. Os Instrutores: Michael Neves, Milena Sokulski e Alisson Rovigo O [&hellip;]<\/p>\n","protected":false},"author":2,"featured_media":35271,"comment_status":"open","ping_status":"open","sticky":false,"template":"","format":"standard","meta":{"advanced_seo_description":"","jetpack_seo_html_title":"","jetpack_seo_noindex":false,"_jetpack_memberships_contains_paid_content":false,"footnotes":""},"categories":[65],"tags":[],"class_list":{"0":"post-35270","1":"post","2":"type-post","3":"status-publish","4":"format-standard","5":"has-post-thumbnail","7":"category-pontal-do-parana"},"jetpack_featured_media_url":"https:\/\/www.paranapraia.com.br\/wp-content\/uploads\/2021\/11\/gd_031121104406_photo5181632761792932403_jpg.jpg","jetpack_sharing_enabled":true,"_links":{"self":[{"href":"https:\/\/www.paranapraia.com.br\/index.php\/wp-json\/wp\/v2\/posts\/35270"}],"collection":[{"href":"https:\/\/www.paranapraia.com.br\/index.php\/wp-json\/wp\/v2\/posts"}],"about":[{"href":"https:\/\/www.paranapraia.com.br\/index.php\/wp-json\/wp\/v2\/types\/post"}],"author":[{"embeddable":true,"href":"https:\/\/www.paranapraia.com.br\/index.php\/wp-json\/wp\/v2\/users\/2"}],"replies":[{"embeddable":true,"href":"https:\/\/www.paranapraia.com.br\/index.php\/wp-json\/wp\/v2\/comments?post=35270"}],"version-history":[{"count":1,"href":"https:\/\/www.paranapraia.com.br\/index.php\/wp-json\/wp\/v2\/posts\/35270\/revisions"}],"predecessor-version":[{"id":35272,"href":"https:\/\/www.paranapraia.com.br\/index.php\/wp-json\/wp\/v2\/posts\/35270\/revisions\/35272"}],"wp:featuredmedia":[{"embeddable":true,"href":"https:\/\/www.paranapraia.com.br\/index.php\/wp-json\/wp\/v2\/media\/35271"}],"wp:attachment":[{"href":"https:\/\/www.paranapraia.com.br\/index.php\/wp-json\/wp\/v2\/media?parent=35270"}],"wp:term":[{"taxonomy":"category","embeddable":true,"href":"https:\/\/www.paranapraia.com.br\/index.php\/wp-json\/wp\/v2\/categories?post=35270"},{"taxonomy":"post_tag","embeddable":true,"href":"https:\/\/www.paranapraia.com.br\/index.php\/wp-json\/wp\/v2\/tags?post=35270"}],"curies":[{"name":"wp","href":"https:\/\/api.w.org\/{rel}","templated":true}]}}