{"id":35267,"date":"2021-11-03T13:55:41","date_gmt":"2021-11-03T16:55:41","guid":{"rendered":"https:\/\/www.paranapraia.com.br\/?p=35267"},"modified":"2021-11-03T13:55:42","modified_gmt":"2021-11-03T16:55:42","slug":"cerimonia-de-premiacao-do-concurso-literario-ja-tem-data-marcada-10-de-dezembro","status":"publish","type":"post","link":"https:\/\/www.paranapraia.com.br\/index.php\/2021\/11\/03\/cerimonia-de-premiacao-do-concurso-literario-ja-tem-data-marcada-10-de-dezembro\/","title":{"rendered":"Cerim\u00f4nia de Premia\u00e7\u00e3o do Concurso Liter\u00e1rio j\u00e1 tem data marcada: 10 de dezembro"},"content":{"rendered":"\n<p>O 1\u00ba Concurso Liter\u00e1rio \u2013 Fotogr\u00e1fico Litoral com Arte 2021, uma realiza\u00e7\u00e3o da prefeitura de Pontal do Paran\u00e1, atrav\u00e9s da Secretaria Municipal de Esportes, Lazer e Juventude far\u00e1 a premia\u00e7\u00e3o aos vencedores e men\u00e7\u00f5es honrosas no dia 10 de dezembro no Centro Municipal de Capacita\u00e7\u00e3o em Praia de Leste \u00e0s 19h.<\/p>\n\n\n\n<p>Juntamente com a premia\u00e7\u00e3o, haver\u00e1 o lan\u00e7amento do livro com o material dos vencedores. Textos e fotografias dos artistas.<\/p>\n\n\n\n<p>Assessoria de Imprensa<\/p>\n","protected":false},"excerpt":{"rendered":"<p>O 1\u00ba Concurso Liter\u00e1rio \u2013 Fotogr\u00e1fico Litoral com Arte 2021, uma realiza\u00e7\u00e3o da prefeitura de Pontal do Paran\u00e1, atrav\u00e9s da Secretaria Municipal de Esportes, Lazer e Juventude far\u00e1 a premia\u00e7\u00e3o aos vencedores e men\u00e7\u00f5es honrosas no dia 10 de dezembro no Centro Municipal de Capacita\u00e7\u00e3o em Praia de Leste \u00e0s 19h. Juntamente com a premia\u00e7\u00e3o, [&hellip;]<\/p>\n","protected":false},"author":2,"featured_media":35268,"comment_status":"open","ping_status":"open","sticky":false,"template":"","format":"standard","meta":{"advanced_seo_description":"","jetpack_seo_html_title":"","jetpack_seo_noindex":false,"_jetpack_memberships_contains_paid_content":false,"footnotes":""},"categories":[65],"tags":[],"class_list":{"0":"post-35267","1":"post","2":"type-post","3":"status-publish","4":"format-standard","5":"has-post-thumbnail","7":"category-pontal-do-parana"},"jetpack_featured_media_url":"https:\/\/www.paranapraia.com.br\/wp-content\/uploads\/2021\/11\/oj.jpg","jetpack_sharing_enabled":true,"_links":{"self":[{"href":"https:\/\/www.paranapraia.com.br\/index.php\/wp-json\/wp\/v2\/posts\/35267"}],"collection":[{"href":"https:\/\/www.paranapraia.com.br\/index.php\/wp-json\/wp\/v2\/posts"}],"about":[{"href":"https:\/\/www.paranapraia.com.br\/index.php\/wp-json\/wp\/v2\/types\/post"}],"author":[{"embeddable":true,"href":"https:\/\/www.paranapraia.com.br\/index.php\/wp-json\/wp\/v2\/users\/2"}],"replies":[{"embeddable":true,"href":"https:\/\/www.paranapraia.com.br\/index.php\/wp-json\/wp\/v2\/comments?post=35267"}],"version-history":[{"count":1,"href":"https:\/\/www.paranapraia.com.br\/index.php\/wp-json\/wp\/v2\/posts\/35267\/revisions"}],"predecessor-version":[{"id":35269,"href":"https:\/\/www.paranapraia.com.br\/index.php\/wp-json\/wp\/v2\/posts\/35267\/revisions\/35269"}],"wp:featuredmedia":[{"embeddable":true,"href":"https:\/\/www.paranapraia.com.br\/index.php\/wp-json\/wp\/v2\/media\/35268"}],"wp:attachment":[{"href":"https:\/\/www.paranapraia.com.br\/index.php\/wp-json\/wp\/v2\/media?parent=35267"}],"wp:term":[{"taxonomy":"category","embeddable":true,"href":"https:\/\/www.paranapraia.com.br\/index.php\/wp-json\/wp\/v2\/categories?post=35267"},{"taxonomy":"post_tag","embeddable":true,"href":"https:\/\/www.paranapraia.com.br\/index.php\/wp-json\/wp\/v2\/tags?post=35267"}],"curies":[{"name":"wp","href":"https:\/\/api.w.org\/{rel}","templated":true}]}}