{"id":35264,"date":"2021-11-03T11:31:44","date_gmt":"2021-11-03T14:31:44","guid":{"rendered":"https:\/\/www.paranapraia.com.br\/?p=35264"},"modified":"2021-11-03T11:31:44","modified_gmt":"2021-11-03T14:31:44","slug":"manifestacao-no-sabado-pediu-inicio-imediato-nas-obras-de-recuperacao-da-orla","status":"publish","type":"post","link":"https:\/\/www.paranapraia.com.br\/index.php\/2021\/11\/03\/manifestacao-no-sabado-pediu-inicio-imediato-nas-obras-de-recuperacao-da-orla\/","title":{"rendered":"Manifesta\u00e7\u00e3o no s\u00e1bado pediu in\u00edcio imediato nas obras de recupera\u00e7\u00e3o da orla"},"content":{"rendered":"\n<p>Foi realizada neste s\u00e1bado (30 de outubro) a manifesta\u00e7\u00e3o em favor das obras de engorda na orla do nosso munic\u00edpio. O movimento Eu Quero a Recupera\u00e7\u00e3o da Orla de Matinhos reuniu pol\u00edticos, autoridades e representantes de diversos setores da sociedade matinhense.<\/p>\n\n\n\n<p> A reivindica\u00e7\u00e3o foi para que as obras ocorram o mais breve poss\u00edvel. Segundo os manifestantes, essa \u00e9 a \u00fanica forma de garantir o fomento da economia de nossa cidade. Entre os presentes, estava o prefeito Z\u00e9 da Ecler, os vereadores de Matinhos e representantes paranaenses na Assembleia Legislativa e na C\u00e2mara Federal. <\/p>\n\n\n\n<p>Os deputados estaduais Michele Caputo Neto (PSDB), Nelson Justus (DEM) e Ney Leprevost (PSD); e os federais Rubens Bueno (Cidadania) e Toninho Wandscheer (PROS) compareceram \u00e0 manifesta\u00e7\u00e3o, engrossando o apoio ao movimento. Al\u00e9m deles, tamb\u00e9m veio o prefeito de Pontal do Paran\u00e1, Rud\u00e3o Gimenes. <\/p>\n\n\n\n<p>A movimenta\u00e7\u00e3o teve in\u00edcio com uma carreata pela cidade, por volta das 14 horas. \u00c0s 16, houve a concentra\u00e7\u00e3o na rotat\u00f3ria da Avenida Curitiba. No caminh\u00e3o de som que animou o p\u00fablico, se apresentaram os cantores Jaizer Roberto e Gabriel Alves, al\u00e9m do Trio Tremend\u00e3o. <\/p>\n\n\n\n<p>Para evitar o risco de prolifera\u00e7\u00e3o da Covid-19, todos deveriam comparecer de m\u00e1scara.Al\u00e9m do evento do \u00faltimo s\u00e1bado, o movimento Eu Quero a Recupera\u00e7\u00e3o da Orla de Matinhos contou com ampla divulga\u00e7\u00e3o por toda a cidade. Cartazes e banners foram espalhados pelo munic\u00edpio, com a inten\u00e7\u00e3o de conscientizar a popula\u00e7\u00e3o sobre a import\u00e2ncia das obras de engorda da praia. <\/p>\n\n\n\n<p>O movimento tamb\u00e9m conta com uma p\u00e1gina oficial: <a rel=\"noreferrer noopener\" href=\"http:\/\/orladematinhos.paginaoficial.ws\/?fbclid=IwAR3QSHLvGOSahEdfORam3Aii6227MBLjEyUvFsvs17JWpgacJK4ERd5IcKo\" target=\"_blank\">http:\/\/orladematinhos.paginaoficial.ws.<\/a> A ideia era que todos os setores da sociedade matinhense saibam dos benef\u00edcios que as altera\u00e7\u00f5es na orla trar\u00e3o no futuro para Matinhos.<\/p>\n\n\n\n<p>Departamento de Comunica\u00e7\u00e3oPrefeitura de Matinhos<\/p>\n","protected":false},"excerpt":{"rendered":"<p>Foi realizada neste s\u00e1bado (30 de outubro) a manifesta\u00e7\u00e3o em favor das obras de engorda na orla do nosso munic\u00edpio. O movimento Eu Quero a Recupera\u00e7\u00e3o da Orla de Matinhos reuniu pol\u00edticos, autoridades e representantes de diversos setores da sociedade matinhense. A reivindica\u00e7\u00e3o foi para que as obras ocorram o mais breve poss\u00edvel. Segundo os [&hellip;]<\/p>\n","protected":false},"author":2,"featured_media":35265,"comment_status":"open","ping_status":"open","sticky":false,"template":"","format":"standard","meta":{"advanced_seo_description":"","jetpack_seo_html_title":"","jetpack_seo_noindex":false,"_jetpack_memberships_contains_paid_content":false,"footnotes":""},"categories":[40],"tags":[],"class_list":{"0":"post-35264","1":"post","2":"type-post","3":"status-publish","4":"format-standard","5":"has-post-thumbnail","7":"category-destaques"},"jetpack_featured_media_url":"https:\/\/www.paranapraia.com.br\/wp-content\/uploads\/2021\/11\/Design-sem-nome-75.png","jetpack_sharing_enabled":true,"_links":{"self":[{"href":"https:\/\/www.paranapraia.com.br\/index.php\/wp-json\/wp\/v2\/posts\/35264"}],"collection":[{"href":"https:\/\/www.paranapraia.com.br\/index.php\/wp-json\/wp\/v2\/posts"}],"about":[{"href":"https:\/\/www.paranapraia.com.br\/index.php\/wp-json\/wp\/v2\/types\/post"}],"author":[{"embeddable":true,"href":"https:\/\/www.paranapraia.com.br\/index.php\/wp-json\/wp\/v2\/users\/2"}],"replies":[{"embeddable":true,"href":"https:\/\/www.paranapraia.com.br\/index.php\/wp-json\/wp\/v2\/comments?post=35264"}],"version-history":[{"count":1,"href":"https:\/\/www.paranapraia.com.br\/index.php\/wp-json\/wp\/v2\/posts\/35264\/revisions"}],"predecessor-version":[{"id":35266,"href":"https:\/\/www.paranapraia.com.br\/index.php\/wp-json\/wp\/v2\/posts\/35264\/revisions\/35266"}],"wp:featuredmedia":[{"embeddable":true,"href":"https:\/\/www.paranapraia.com.br\/index.php\/wp-json\/wp\/v2\/media\/35265"}],"wp:attachment":[{"href":"https:\/\/www.paranapraia.com.br\/index.php\/wp-json\/wp\/v2\/media?parent=35264"}],"wp:term":[{"taxonomy":"category","embeddable":true,"href":"https:\/\/www.paranapraia.com.br\/index.php\/wp-json\/wp\/v2\/categories?post=35264"},{"taxonomy":"post_tag","embeddable":true,"href":"https:\/\/www.paranapraia.com.br\/index.php\/wp-json\/wp\/v2\/tags?post=35264"}],"curies":[{"name":"wp","href":"https:\/\/api.w.org\/{rel}","templated":true}]}}