{"id":3524,"date":"2019-03-30T10:48:12","date_gmt":"2019-03-30T13:48:12","guid":{"rendered":"https:\/\/www.paranapraia.com.br\/?p=3524"},"modified":"2019-03-30T10:48:14","modified_gmt":"2019-03-30T13:48:14","slug":"homem-e-adolescente-sao-baleados-de-espingarda-e-pistola-em-colombo","status":"publish","type":"post","link":"https:\/\/www.paranapraia.com.br\/index.php\/2019\/03\/30\/homem-e-adolescente-sao-baleados-de-espingarda-e-pistola-em-colombo\/","title":{"rendered":"Homem e adolescente s\u00e3o baleados de espingarda e pistola em Colombo"},"content":{"rendered":"\n<p>Um crime b\u00e1rbaro foi registrado na noite desta quarta-feira (27) no Parque Embu, em Colombo, na regi\u00e3o metropolitana de Curitiba.<\/p>\n\n\n\n<p>Um homem de 28 anos e um adolescente de 16 anos, foram baleados de espingarda calibre 12 e pistola 9mm na Rua da Carna\u00faba em uma resid\u00eancia.\u00a0<\/p>\n\n\n\n<p>Chegou a sua hora! Saiba mais sobre ter seu neg\u00f3cio online com essas dicas valiosas! <\/p>\n\n\n\n<p>Moradores relataram que o homem se mudou para resid\u00eancia h\u00e1 uma semana. A casa foi arrombada por quatro homens encapuzados armados que efetuaram v\u00e1rios disparos. O homem identificado por Jean da Silva Grassiotto, 28 anos, morreu sentado no sof\u00e1 atingido por v\u00e1rios disparos. O enteado de 16 anos foi ferido no rosto de rasp\u00e3o e foi socorrido est\u00e1vel a um hospital de Curitiba.&nbsp;<\/p>\n\n\n\n<p>Em seguida os quatro atiradores fugiram em um ve\u00edculo Hyunday i30. A motiva\u00e7\u00e3o e autoria do crime ainda s\u00e3o um mist\u00e9rio.<\/p>\n\n\n\n<p>Massa News<\/p>\n","protected":false},"excerpt":{"rendered":"<p>Um crime b\u00e1rbaro foi registrado na noite desta quarta-feira (27) no Parque Embu, em Colombo, na regi\u00e3o metropolitana de Curitiba. Um homem de 28 anos e um adolescente de 16 anos, foram baleados de espingarda calibre 12 e pistola 9mm na Rua da Carna\u00faba em uma resid\u00eancia.\u00a0 Chegou a sua hora! Saiba mais sobre ter [&hellip;]<\/p>\n","protected":false},"author":2,"featured_media":3525,"comment_status":"open","ping_status":"open","sticky":false,"template":"","format":"standard","meta":{"advanced_seo_description":"","jetpack_seo_html_title":"","jetpack_seo_noindex":false,"_jetpack_memberships_contains_paid_content":false,"footnotes":""},"categories":[40],"tags":[],"class_list":{"0":"post-3524","1":"post","2":"type-post","3":"status-publish","4":"format-standard","5":"has-post-thumbnail","7":"category-destaques"},"jetpack_featured_media_url":"https:\/\/www.paranapraia.com.br\/wp-content\/uploads\/2019\/03\/pist.jpg","jetpack_sharing_enabled":true,"_links":{"self":[{"href":"https:\/\/www.paranapraia.com.br\/index.php\/wp-json\/wp\/v2\/posts\/3524"}],"collection":[{"href":"https:\/\/www.paranapraia.com.br\/index.php\/wp-json\/wp\/v2\/posts"}],"about":[{"href":"https:\/\/www.paranapraia.com.br\/index.php\/wp-json\/wp\/v2\/types\/post"}],"author":[{"embeddable":true,"href":"https:\/\/www.paranapraia.com.br\/index.php\/wp-json\/wp\/v2\/users\/2"}],"replies":[{"embeddable":true,"href":"https:\/\/www.paranapraia.com.br\/index.php\/wp-json\/wp\/v2\/comments?post=3524"}],"version-history":[{"count":1,"href":"https:\/\/www.paranapraia.com.br\/index.php\/wp-json\/wp\/v2\/posts\/3524\/revisions"}],"predecessor-version":[{"id":3526,"href":"https:\/\/www.paranapraia.com.br\/index.php\/wp-json\/wp\/v2\/posts\/3524\/revisions\/3526"}],"wp:featuredmedia":[{"embeddable":true,"href":"https:\/\/www.paranapraia.com.br\/index.php\/wp-json\/wp\/v2\/media\/3525"}],"wp:attachment":[{"href":"https:\/\/www.paranapraia.com.br\/index.php\/wp-json\/wp\/v2\/media?parent=3524"}],"wp:term":[{"taxonomy":"category","embeddable":true,"href":"https:\/\/www.paranapraia.com.br\/index.php\/wp-json\/wp\/v2\/categories?post=3524"},{"taxonomy":"post_tag","embeddable":true,"href":"https:\/\/www.paranapraia.com.br\/index.php\/wp-json\/wp\/v2\/tags?post=3524"}],"curies":[{"name":"wp","href":"https:\/\/api.w.org\/{rel}","templated":true}]}}