{"id":3512,"date":"2019-03-30T10:41:21","date_gmt":"2019-03-30T13:41:21","guid":{"rendered":"https:\/\/www.paranapraia.com.br\/?p=3512"},"modified":"2019-03-30T10:41:22","modified_gmt":"2019-03-30T13:41:22","slug":"adolescente-de-16-anos-morre-em-capotamento-em-curitiba","status":"publish","type":"post","link":"https:\/\/www.paranapraia.com.br\/index.php\/2019\/03\/30\/adolescente-de-16-anos-morre-em-capotamento-em-curitiba\/","title":{"rendered":"Adolescente de 16 anos morre em capotamento em Curitiba"},"content":{"rendered":"\n<p>Uma adolescente de 16 anos morreu em um tr\u00e1gico acidente no bairro Campo de Santana em Curitiba no in\u00edcio da madrugada deste s\u00e1bado (20). A adolescente estava com o namorado que dirigia um ve\u00edculo Gol em alta velocidade pela Rua Adolpho Bertholdi quando houve o acidente.<\/p>\n\n\n\n<p>O Gol atingiu um ve\u00edculo Jetta estacionado e capotou v\u00e1rias vezes. No capotamento a adolescente de 16 anos identificada por Luana de Oliveira foi ejetada e morreu na hora.&nbsp;<\/p>\n\n\n\n<p>J\u00e1 o condutor do carro sofreu ferimentos sem risco de morte. Ele foi encaminhado a um hospital de Curitiba.\u00a0<\/p>\n\n\n\n<p>Massa News<\/p>\n","protected":false},"excerpt":{"rendered":"<p>Uma adolescente de 16 anos morreu em um tr\u00e1gico acidente no bairro Campo de Santana em Curitiba no in\u00edcio da madrugada deste s\u00e1bado (20). A adolescente estava com o namorado que dirigia um ve\u00edculo Gol em alta velocidade pela Rua Adolpho Bertholdi quando houve o acidente. O Gol atingiu um ve\u00edculo Jetta estacionado e capotou [&hellip;]<\/p>\n","protected":false},"author":2,"featured_media":3513,"comment_status":"open","ping_status":"open","sticky":false,"template":"","format":"standard","meta":{"advanced_seo_description":"","jetpack_seo_html_title":"","jetpack_seo_noindex":false,"_jetpack_memberships_contains_paid_content":false,"footnotes":""},"categories":[40],"tags":[],"class_list":{"0":"post-3512","1":"post","2":"type-post","3":"status-publish","4":"format-standard","5":"has-post-thumbnail","7":"category-destaques"},"jetpack_featured_media_url":"https:\/\/www.paranapraia.com.br\/wp-content\/uploads\/2019\/03\/capo.jpg","jetpack_sharing_enabled":true,"_links":{"self":[{"href":"https:\/\/www.paranapraia.com.br\/index.php\/wp-json\/wp\/v2\/posts\/3512"}],"collection":[{"href":"https:\/\/www.paranapraia.com.br\/index.php\/wp-json\/wp\/v2\/posts"}],"about":[{"href":"https:\/\/www.paranapraia.com.br\/index.php\/wp-json\/wp\/v2\/types\/post"}],"author":[{"embeddable":true,"href":"https:\/\/www.paranapraia.com.br\/index.php\/wp-json\/wp\/v2\/users\/2"}],"replies":[{"embeddable":true,"href":"https:\/\/www.paranapraia.com.br\/index.php\/wp-json\/wp\/v2\/comments?post=3512"}],"version-history":[{"count":1,"href":"https:\/\/www.paranapraia.com.br\/index.php\/wp-json\/wp\/v2\/posts\/3512\/revisions"}],"predecessor-version":[{"id":3514,"href":"https:\/\/www.paranapraia.com.br\/index.php\/wp-json\/wp\/v2\/posts\/3512\/revisions\/3514"}],"wp:featuredmedia":[{"embeddable":true,"href":"https:\/\/www.paranapraia.com.br\/index.php\/wp-json\/wp\/v2\/media\/3513"}],"wp:attachment":[{"href":"https:\/\/www.paranapraia.com.br\/index.php\/wp-json\/wp\/v2\/media?parent=3512"}],"wp:term":[{"taxonomy":"category","embeddable":true,"href":"https:\/\/www.paranapraia.com.br\/index.php\/wp-json\/wp\/v2\/categories?post=3512"},{"taxonomy":"post_tag","embeddable":true,"href":"https:\/\/www.paranapraia.com.br\/index.php\/wp-json\/wp\/v2\/tags?post=3512"}],"curies":[{"name":"wp","href":"https:\/\/api.w.org\/{rel}","templated":true}]}}