{"id":3498,"date":"2019-03-30T10:32:33","date_gmt":"2019-03-30T13:32:33","guid":{"rendered":"https:\/\/www.paranapraia.com.br\/?p=3498"},"modified":"2019-03-30T10:32:33","modified_gmt":"2019-03-30T13:32:33","slug":"papa-francisco-por-que-o-lider-catolico-esta-preocupado-com-o-futuro-dos-robos","status":"publish","type":"post","link":"https:\/\/www.paranapraia.com.br\/index.php\/2019\/03\/30\/papa-francisco-por-que-o-lider-catolico-esta-preocupado-com-o-futuro-dos-robos\/","title":{"rendered":"Papa Francisco: Por que o l\u00edder cat\u00f3lico est\u00e1 preocupado com o futuro dos rob\u00f4s"},"content":{"rendered":"\n<p>Talvez o Vaticano n\u00e3o seja o primeiro cen\u00e1rio que venha \u00e0 cabe\u00e7a quando o assunto \u00e9 rob\u00f4s. Mas foi l\u00e1 que cientistas, pensadores da \u00e9tica e te\u00f3logos se reuniram para discutir o futuro da rob\u00f3tica e da intelig\u00eancia artificial e o que significa ser humano.<\/p>\n\n\n\n<p>Saiba mais sobre esse importante curso que acontecer\u00e1 no pr\u00f3ximo m\u00eas, ser\u00e1 incr\u00edvel esperamos voc\u00ea l\u00e1: <\/p>\n\n\n\n<p>\u00c0 medida que a intelig\u00eancia artificial de rob\u00f4s se torna cada vez mais sofisticada, e eles s\u00e3o encarregados de cada vez mais tarefas antes restritas a humanos, como ser\u00e1 que eles responder\u00e3o aos dilemas morais de nossa sociedade? Como encaixar nossas no\u00e7\u00f5es de alma com a presen\u00e7a de rob\u00f4s cada vez mais parecidos conosco?<\/p>\n\n\n\n<p>O semin\u00e1rio &#8220;Robo\u00e9tica: Humanos, M\u00e1quinas e Sa\u00fade&#8221; foi sediado h\u00e1 cerca de um m\u00eas na Academia Pontif\u00edcia da Vida, criada h\u00e1 25 anos, pelo papa Jo\u00e3o Paulo 2\u00ba, em resposta a r\u00e1pidas mudan\u00e7as em biomedicina. Seus temas de estudo incluem avan\u00e7os em t\u00e9cnicas de altera\u00e7\u00e3o de genoma humano.<\/p>\n\n\n\n<p>Tais t\u00e9cnicas, altamente controversas, foram supostamente usadas pelo cientista chin\u00eas He Jiankui, para alterar os genes de duas meninas g\u00eameas, para que elas n\u00e3o contra\u00edssem HIV.<\/p>\n\n\n\n<figure class=\"wp-block-image\"><img decoding=\"async\" src=\"https:\/\/ichef.bbci.co.uk\/news\/624\/cpsprodpb\/CE2F\/production\/_106138725_9dc62485-c9e4-4912-a1b0-175a768a1558.jpg\" alt=\"Professor Ishiguro com seu rob\u00f4\"\/><figcaption>Image captionProfessor Ishiguro criou um rob\u00f4 igual a ele mesmo e acha que, no futuro, conseguiremos transpor nossa alma a corpos inorg\u00e2nicos<\/figcaption><\/figure>\n\n\n\n<p>Na abertura da reuni\u00e3o, o papa Francisco apresentou uma\u00a0<a href=\"http:\/\/w2.vatican.va\/content\/francesco\/pt\/letters\/2019\/documents\/papa-francesco_20190106_lettera-accademia-vita.html\">carta &#8220;\u00e0 comunidade humana<\/a>&#8220;, na qual menciona o paradoxo do &#8220;progresso&#8221; e adverte contra o desenvolvimento de t\u00e9cnicas sem antes pensar nos impactos negativos que elas podem ter na sociedade.<\/p>\n\n\n\n<p>Ele tamb\u00e9m enfatiza a necessidade de se estudar novas tecnologias, sejam elas de comunica\u00e7\u00e3o, biol\u00f3gicas, rob\u00f3ticas ou nanotecnologias.<\/p>\n\n\n\n<p>&#8220;Antes de tudo \u00e9 preciso compreender as transforma\u00e7\u00f5es que se anunciam nestas novas fronteiras, para identificar como orient\u00e1-las ao servi\u00e7o da pessoa humana, respeitando e promovendo a sua intr\u00ednseca dignidade. Uma tarefa muito exigente, dada a complexidade e a incerteza sobre os desenvolvimentos poss\u00edveis&#8221;, diz a carta de Francisco.<\/p>\n\n\n\n<h2 class=\"wp-block-heading\">Rob\u00f4s humanos<\/h2>\n\n\n\n<p>Em contraste com essa carta, um dos principais palestrantes do workshop, o professor japon\u00eas Hiroshi Ishiguro, que lan\u00e7ou a hip\u00f3tese de que daqui a 10 mil anos n\u00e3o seremos mais reconhecidos como humanos de carne e osso.<\/p>\n\n\n\n<p>Famoso por ter criado rob\u00f4s bastante parecidos a humanos em seu laborat\u00f3rio da Universidade de Osaka &#8211; incluindo um rob\u00f4 igual a ele mesmo -, Ishiguro falou a respeito do que considera uma necessidade de evoluirmos para al\u00e9m de nossos corpos materiais, para algo mais duradouro. Isso abriria a possibilidade de armazenarmos nossa alma em uma outra carca\u00e7a, de nossa escolha.<\/p>\n\n\n\n<p>&#8220;Nosso objetivo m\u00e1ximo de evolu\u00e7\u00e3o humana \u00e9 a imortalidade, substituindo nossa carne e ossos por material inorg\u00e2nico&#8221;, argumentou.<\/p>\n\n\n\n<p>&#8220;A quest\u00e3o \u00e9 (adaptar nosso corpo) para caso algo aconte\u00e7a no planeta, ou com o Sol, de modo a n\u00e3o conseguirmos viver no planeta e tenhamos que viver no espa\u00e7o. Nesse caso, o que \u00e9 melhor: materiais org\u00e2nicos ou inorg\u00e2nicos?&#8221;<\/p>\n\n\n\n<figure class=\"wp-block-image\"><img decoding=\"async\" src=\"https:\/\/ichef.bbci.co.uk\/news\/624\/cpsprodpb\/1128B\/production\/_106138207_img_0410.jpg\" alt=\"Professor Hiroshi Ishiguro na confer\u00eancia do Vaticano\"\/><figcaption>Image captionApresenta\u00e7\u00e3o de Ishiguro levantou discuss\u00f5es sobre a alma humana<\/figcaption><\/figure>\n\n\n\n<p>Para o arcebispo Vicenzo Paglia, presidente da Academia Pontif\u00edcia da Vida, a resposta \u00e9 clara.<\/p>\n\n\n\n<p>&#8220;Esse sonho \u00e9 um sonho terr\u00edvel&#8221;, afirmou ele, opinando ser &#8220;imposs\u00edvel&#8221; separar o corpo da alma.<\/p>\n\n\n\n<p>&#8220;A carne \u00e9 o corpo com alma, e a alma \u00e9 o esp\u00edrito com carne&#8221;, declarou Paglia. &#8220;O corpo \u00e9 muito importante para seres humanos. Atrav\u00e9s do corpo n\u00f3s amamos, abra\u00e7amos e nos comunicamos uns com os outros. De um lado, estamos cientes desse progresso incr\u00edvel, mas de outro sentimos que esse avan\u00e7o pode causar riscos ao mundo. O risco \u00e9 esquecermos que somos criaturas, e n\u00e3o criadores.&#8221;<\/p>\n\n\n\n<figure class=\"wp-block-image\"><img decoding=\"async\" src=\"https:\/\/ichef.bbci.co.uk\/news\/624\/cpsprodpb\/A432\/production\/_106143024_pagliastill.jpg\" alt=\"Arcebispo Vincenzo Paglia\"\/><figcaption>Image captionArcebispo Vincenzo Paglia comandou a confer\u00eancia da Academia Pontif\u00edcia da Vida, criada h\u00e1 25 anos para discutir impactos do avan\u00e7o cient\u00edfico<\/figcaption><\/figure>\n\n\n\n<h2 class=\"wp-block-heading\">Direitos dos rob\u00f4s<\/h2>\n\n\n\n<p>Criar rob\u00f4s capazes de realizar tarefas humanas &#8211; at\u00e9 mesmo tarefas que exigem contato \u00edntimo, como cuidar de idosos ou manter um relacionamento &#8211; \u00e9 parte fundamental das pesquisas de Ishiguro.<\/p>\n\n\n\n<p>&#8220;Temos um problema s\u00e9rio: a popula\u00e7\u00e3o japonesa vai cair pela metade daqui a 50 anos&#8221;, previu ele. Nesse contexto, em vez de contar com a m\u00e3o de obra imigrante ou com um &#8220;baby boom&#8221; para conter o decl\u00ednio populacional, ele sugere que usemos rob\u00f4s.<\/p>\n\n\n\n<p>&#8220;N\u00e3o temos migra\u00e7\u00e3o anual suficiente, e o Jap\u00e3o \u00e9 um pa\u00eds isolado, \u00e9 uma ilha. E nossa cultura \u00e9 muito diferente de outros pa\u00edses. N\u00e3o \u00e9 f\u00e1cil, em alguns sentidos, para estrangeiros sobreviverem no Jap\u00e3o. Essa \u00e9 a principal raz\u00e3o pela qual estamos enlouquecidos atr\u00e1s da cria\u00e7\u00e3o de rob\u00f4s.&#8221;<\/p>\n\n\n\n<p>Uma das possibilidades vislumbradas \u00e9 a de conseguirmos fazer o upload de uma mente semelhante \u00e0 humana ao corpo de um rob\u00f4, dando a ele as caracter\u00edsticas de personalidade de nossa escolha. Algo que tamb\u00e9m levanta questionamentos.<\/p>\n\n\n\n<p>O Grupo Europeu de \u00c9tica na Ci\u00eancia e nas Novas Tecnologias (EGE, na sigla em ingl\u00eas) lan\u00e7ou no ano passado um relat\u00f3rio enfatizando &#8220;as urgentes e complexas quest\u00f5es morais&#8221; levantadas pelo avan\u00e7o da Intelig\u00eancia Artificial na rob\u00f3tica.<\/p>\n\n\n\n<p>O grupo defendeu a necessidade de um modelo coletivo e colaborativo de trabalho, de modo a definir um conjunto de valores em torno do qual a sociedade se organizaria, e o papel das novas tecnologias nisso.<\/p>\n\n\n\n<figure class=\"wp-block-image\"><img decoding=\"async\" src=\"https:\/\/ichef.bbci.co.uk\/news\/624\/cpsprodpb\/C6E8\/production\/_106202905_1e017412-a368-48b6-9936-6eb48b39f40e.jpg\" alt=\"Reuni\u00e3o da Academia Pontif\u00edcia da Vida\"\/><figcaption>Image captionReuni\u00e3o da Academia Pontif\u00edcia da Vida reuniu desenvolvedores de rob\u00f3tica, te\u00f3logos e fil\u00f3sofos de quest\u00f5es morais<\/figcaption><\/figure>\n\n\n\n<p>&#8220;Um pedido da Comiss\u00e3o Europeia (bra\u00e7o executivo da Uni\u00e3o Europeia) era de termos reflex\u00f5es \u00e9ticas sobre o futuro de nossas sociedades e do trabalho, em uma \u00e9poca de rob\u00f4s e intelig\u00eancia artificial&#8221;, disse Christiane Woopen, l\u00edder do EGE e professora de \u00c9tica e Teoria da Medicina na Universidade de Col\u00f4nia (Alemanha), que tamb\u00e9m esteve presente no evento do Vaticano.<\/p>\n\n\n\n<p>O foco do grupo \u00e9 estudar como direitos humanos se relacionam com rob\u00f4s.<\/p>\n\n\n\n<p>&#8220;N\u00e3o compartilhamos da opini\u00e3o de que rob\u00f4s tenham de ter direitos&#8221;, disse Woopen. &#8220;Direitos pertencem a pessoas e dizem respeito a quest\u00f5es fundamentais, como dignidade humana e autonomia. Esses direitos se referem a pessoas, seres humanos, e \u00e0 Carta fundamental de direitos da UE.&#8221;<\/p>\n\n\n\n<p>Mas Ishiguro acredita que, quanto mais perto estivermos de ter rob\u00f4s em nossas casas e em nossos c\u00edrculos de amizade, mais teremos a inclina\u00e7\u00e3o natural de querer dar direitos a eles.<\/p>\n\n\n\n<p>&#8220;Quando o rob\u00f4 se tornar um parceiro, uma companhia ou um amigo para n\u00f3s, vamos querer proteg\u00ea-lo&#8221;, argumentou. &#8220;Assim como damos algum tipo de direito aos animais, acho que vamos dar algum tipo de direito aos rob\u00f4s tamb\u00e9m.&#8221;<\/p>\n\n\n\n<figure class=\"wp-block-image\"><img decoding=\"async\" src=\"https:\/\/ichef.bbci.co.uk\/news\/624\/cpsprodpb\/9FD8\/production\/_106202904_1a6cb68d-8bfa-415b-9997-e18bab290c16.jpg\" alt=\"Arcebispo Paglia (diante do papa Francisco)\"\/><figcaption>Image captionArcebispo Paglia (diante do papa Francisco) declarou ser &#8220;imposs\u00edvel&#8221; separar o corpo da alma<\/figcaption><\/figure>\n\n\n\n<p>Para Woopen, a aus\u00eancia de uma distin\u00e7\u00e3o clara entre rob\u00f4s e humanos e o nosso relacionamento com eles levantar\u00e3o fortes questionamentos \u00e9ticos.<\/p>\n\n\n\n<p>&#8220;Se voc\u00ea imagina que, algum dia, haver\u00e1 um rob\u00f4 que se comporta igualzinho a um ser humano, se move como ser humano e tem express\u00f5es faciais de um ser humano, como voc\u00ea vai decidir se essa entidade tem ou n\u00e3o uma alma?&#8221;, questionou.<\/p>\n\n\n\n<p>&#8220;N\u00f3s os usamos para nossos prop\u00f3sitos, porque somos n\u00f3s os seres que definimos os objetivos deles, escolhemos os meios e somos capazes de fazer o bem ou o mal, mas n\u00f3s somos seres humanos livres. E acho que n\u00e3o devemos conceder essa liberdade a artefatos tecnol\u00f3gicos.&#8221;<\/p>\n\n\n\n<h2 class=\"wp-block-heading\">Parceria \u00e9tica<\/h2>\n\n\n\n<p>O Vaticano recentemente estabeleceu uma parceria com a Microsoft para oferecer um pr\u00eamio internacional de \u00e9tica e intelig\u00eancia artificial, depois de uma reuni\u00e3o privada entre o papa Francisco e o presidente da multinacional, Brad Smith.<\/p>\n\n\n\n<p>O pr\u00eamio ser\u00e1 entregue \u00e0 melhor disserta\u00e7\u00e3o de doutorado de 2019 com o tema &#8220;intelig\u00eancia artificial a servi\u00e7o da vida humana&#8221;.<\/p>\n\n\n\n<figure class=\"wp-block-image\"><img decoding=\"async\" src=\"https:\/\/ichef.bbci.co.uk\/news\/624\/cpsprodpb\/800F\/production\/_106138723_9136ddd2-b1ff-4fb2-b19c-ddcd34311c99.jpg\" alt=\"Pope Francis com Brad Smith, presidente da Microsoft\"\/><figcaption>Image captionPope Francis com Brad Smith, presidente da Microsoft; iniciativa conjunta vai premiar doutorado que analisar uso da intelig\u00eancia artificial para bem humano<\/figcaption><\/figure>\n\n\n\n<p>No ano que vem, a programa\u00e7\u00e3o do encontro da Academia Pontif\u00edcia da Vida vai se centrar na intelig\u00eancia artificial.<\/p>\n\n\n\n<p>&#8220;N\u00f3s j\u00e1 enfatizamos a import\u00e2ncia da pesquisa t\u00e9cnica, que \u00e9 um grande presente que Deus nos deu&#8221;, afirmou o arcebispo Paglia. &#8220;Mas, \u00e0 medida que ficamos parecidos a computadores, imediatamente vemos conflitos, perigos, desigualdades e \u00e0s vezes uma terr\u00edvel escravid\u00e3o sobre o outro.&#8221;<\/p>\n\n\n\n<p>A acad\u00eamica Woopen destacou a necessidade de governos lidarem com essas quest\u00f5es \u00e9ticas emergentes.<\/p>\n\n\n\n<p>&#8220;Temos de agir mais r\u00e1pido na Europa&#8221;, afirmou. &#8220;Mas acho que os governos j\u00e1 aprenderam que esses s\u00e3o aspectos cruciais a serem regulados e enfrentados, porque, caso contr\u00e1rio, eles moldar\u00e3o nossa sociedade sem levar em conta esses governos.&#8221;<\/p>\n\n\n\n<p>BBC Brasil<\/p>\n","protected":false},"excerpt":{"rendered":"<p>Talvez o Vaticano n\u00e3o seja o primeiro cen\u00e1rio que venha \u00e0 cabe\u00e7a quando o assunto \u00e9 rob\u00f4s. Mas foi l\u00e1 que cientistas, pensadores da \u00e9tica e te\u00f3logos se reuniram para discutir o futuro da rob\u00f3tica e da intelig\u00eancia artificial e o que significa ser humano. Saiba mais sobre esse importante curso que acontecer\u00e1 no pr\u00f3ximo [&hellip;]<\/p>\n","protected":false},"author":2,"featured_media":3499,"comment_status":"open","ping_status":"open","sticky":false,"template":"","format":"standard","meta":{"advanced_seo_description":"","jetpack_seo_html_title":"","jetpack_seo_noindex":false,"_jetpack_memberships_contains_paid_content":false,"footnotes":""},"categories":[43],"tags":[],"class_list":{"0":"post-3498","1":"post","2":"type-post","3":"status-publish","4":"format-standard","5":"has-post-thumbnail","7":"category-cotidiano"},"jetpack_featured_media_url":"https:\/\/www.paranapraia.com.br\/wp-content\/uploads\/2019\/03\/papa-1.jpg","jetpack_sharing_enabled":true,"_links":{"self":[{"href":"https:\/\/www.paranapraia.com.br\/index.php\/wp-json\/wp\/v2\/posts\/3498"}],"collection":[{"href":"https:\/\/www.paranapraia.com.br\/index.php\/wp-json\/wp\/v2\/posts"}],"about":[{"href":"https:\/\/www.paranapraia.com.br\/index.php\/wp-json\/wp\/v2\/types\/post"}],"author":[{"embeddable":true,"href":"https:\/\/www.paranapraia.com.br\/index.php\/wp-json\/wp\/v2\/users\/2"}],"replies":[{"embeddable":true,"href":"https:\/\/www.paranapraia.com.br\/index.php\/wp-json\/wp\/v2\/comments?post=3498"}],"version-history":[{"count":1,"href":"https:\/\/www.paranapraia.com.br\/index.php\/wp-json\/wp\/v2\/posts\/3498\/revisions"}],"predecessor-version":[{"id":3500,"href":"https:\/\/www.paranapraia.com.br\/index.php\/wp-json\/wp\/v2\/posts\/3498\/revisions\/3500"}],"wp:featuredmedia":[{"embeddable":true,"href":"https:\/\/www.paranapraia.com.br\/index.php\/wp-json\/wp\/v2\/media\/3499"}],"wp:attachment":[{"href":"https:\/\/www.paranapraia.com.br\/index.php\/wp-json\/wp\/v2\/media?parent=3498"}],"wp:term":[{"taxonomy":"category","embeddable":true,"href":"https:\/\/www.paranapraia.com.br\/index.php\/wp-json\/wp\/v2\/categories?post=3498"},{"taxonomy":"post_tag","embeddable":true,"href":"https:\/\/www.paranapraia.com.br\/index.php\/wp-json\/wp\/v2\/tags?post=3498"}],"curies":[{"name":"wp","href":"https:\/\/api.w.org\/{rel}","templated":true}]}}