{"id":3495,"date":"2019-03-30T10:29:36","date_gmt":"2019-03-30T13:29:36","guid":{"rendered":"https:\/\/www.paranapraia.com.br\/?p=3495"},"modified":"2019-03-30T10:29:37","modified_gmt":"2019-03-30T13:29:37","slug":"voce-sabe-o-significado-da-expressao-pia","status":"publish","type":"post","link":"https:\/\/www.paranapraia.com.br\/index.php\/2019\/03\/30\/voce-sabe-o-significado-da-expressao-pia\/","title":{"rendered":"Voc\u00ea sabe o significado da express\u00e3o \u201cpi\u00e1\u201d?"},"content":{"rendered":"\n<p>\u00c9 s\u00f3 aqui em Curitiba que chamamos os meninos de \u201c<strong>pi\u00e1<\/strong>\u201d. Nenhuma outra cidade do Brasil adotou o termo, que n\u00e3o se trata de uma g\u00edria, pois o nome \u201cpi\u00e1\u201d tem uma origem. E ningu\u00e9m melhor do que o prefeito\u00a0<strong>Rafael Greca<\/strong>, profundo conhecedor das hist\u00f3rias e origens da capital paranaense, para explicar o significado. Fala prefeito! \u201cA palavra pi\u00e1 vem dos \u00edndios, os primeiros habitantes da nossa terra. Dizem os dicion\u00e1rios que ela significa \u201ccora\u00e7\u00e3o\u201d. A m\u00e3e curitibana tingui, \u00edndia, olhava para o menino e dizia \u201cpia, meu pi\u00e1\u201d. Queria dizer \u201cmeu cora\u00e7\u00e3o\u201d.<\/p>\n\n\n\n<p>Saiba mais sobre esse importante curso que acontecer\u00e1 no pr\u00f3ximo m\u00eas, ser\u00e1 incr\u00edvel esperamos voc\u00ea l\u00e1: <br><\/p>\n","protected":false},"excerpt":{"rendered":"<p>\u00c9 s\u00f3 aqui em Curitiba que chamamos os meninos de \u201cpi\u00e1\u201d. Nenhuma outra cidade do Brasil adotou o termo, que n\u00e3o se trata de uma g\u00edria, pois o nome \u201cpi\u00e1\u201d tem uma origem. E ningu\u00e9m melhor do que o prefeito\u00a0Rafael Greca, profundo conhecedor das hist\u00f3rias e origens da capital paranaense, para explicar o significado. Fala [&hellip;]<\/p>\n","protected":false},"author":2,"featured_media":3496,"comment_status":"open","ping_status":"open","sticky":false,"template":"","format":"standard","meta":{"advanced_seo_description":"","jetpack_seo_html_title":"","jetpack_seo_noindex":false,"_jetpack_memberships_contains_paid_content":false,"footnotes":""},"categories":[43],"tags":[],"class_list":{"0":"post-3495","1":"post","2":"type-post","3":"status-publish","4":"format-standard","5":"has-post-thumbnail","7":"category-cotidiano"},"jetpack_featured_media_url":"https:\/\/www.paranapraia.com.br\/wp-content\/uploads\/2019\/03\/pia.jpg","jetpack_sharing_enabled":true,"_links":{"self":[{"href":"https:\/\/www.paranapraia.com.br\/index.php\/wp-json\/wp\/v2\/posts\/3495"}],"collection":[{"href":"https:\/\/www.paranapraia.com.br\/index.php\/wp-json\/wp\/v2\/posts"}],"about":[{"href":"https:\/\/www.paranapraia.com.br\/index.php\/wp-json\/wp\/v2\/types\/post"}],"author":[{"embeddable":true,"href":"https:\/\/www.paranapraia.com.br\/index.php\/wp-json\/wp\/v2\/users\/2"}],"replies":[{"embeddable":true,"href":"https:\/\/www.paranapraia.com.br\/index.php\/wp-json\/wp\/v2\/comments?post=3495"}],"version-history":[{"count":1,"href":"https:\/\/www.paranapraia.com.br\/index.php\/wp-json\/wp\/v2\/posts\/3495\/revisions"}],"predecessor-version":[{"id":3497,"href":"https:\/\/www.paranapraia.com.br\/index.php\/wp-json\/wp\/v2\/posts\/3495\/revisions\/3497"}],"wp:featuredmedia":[{"embeddable":true,"href":"https:\/\/www.paranapraia.com.br\/index.php\/wp-json\/wp\/v2\/media\/3496"}],"wp:attachment":[{"href":"https:\/\/www.paranapraia.com.br\/index.php\/wp-json\/wp\/v2\/media?parent=3495"}],"wp:term":[{"taxonomy":"category","embeddable":true,"href":"https:\/\/www.paranapraia.com.br\/index.php\/wp-json\/wp\/v2\/categories?post=3495"},{"taxonomy":"post_tag","embeddable":true,"href":"https:\/\/www.paranapraia.com.br\/index.php\/wp-json\/wp\/v2\/tags?post=3495"}],"curies":[{"name":"wp","href":"https:\/\/api.w.org\/{rel}","templated":true}]}}