{"id":3491,"date":"2019-03-30T10:26:01","date_gmt":"2019-03-30T13:26:01","guid":{"rendered":"https:\/\/www.paranapraia.com.br\/?p=3491"},"modified":"2019-03-30T10:26:02","modified_gmt":"2019-03-30T13:26:02","slug":"unidades-de-saude-abrem-na-manha-deste-sabado-para-vacinacao","status":"publish","type":"post","link":"https:\/\/www.paranapraia.com.br\/index.php\/2019\/03\/30\/unidades-de-saude-abrem-na-manha-deste-sabado-para-vacinacao\/","title":{"rendered":"Unidades de sa\u00fade abrem na manh\u00e3 deste s\u00e1bado para vacina\u00e7\u00e3o"},"content":{"rendered":"\n<h4 class=\"wp-block-heading\">Vacina\u00e7\u00e3o aos s\u00e1bados \u00e9 uma alternativa para quem n\u00e3o pode comparecer \u00e0s unidades de sa\u00fade de segunda a sexta-feira<\/h4>\n\n\n\n<p>Sete unidades de sa\u00fade da Prefeitura v\u00e3o abrir neste s\u00e1bado (30\/3) pela manh\u00e3 para ofertar a vacina contra a febre amarela. As unidades s\u00e3o a Ipiranga (Cap\u00e3o Raso), Jardim Paranaense (Alto Boqueir\u00e3o), Dom Bosco (Campo do Santana) Palmeiras (Tatuquara), Umbar\u00e1 2 (Umbar\u00e1), Tancredo Neves e Augusta (CIC).<\/p>\n\n\n\n<p>Chegou a sua hora! Saiba mais sobre ter seu neg\u00f3cio online com essas dicas valiosas! <\/p>\n\n\n\n<p>A vacina\u00e7\u00e3o aos s\u00e1bados \u00e9 uma alternativa para quem n\u00e3o pode comparecer \u00e0s unidades de sa\u00fade de segunda a sexta-feira. A estrat\u00e9gia da Prefeitura vem sendo realizada deste o in\u00edcio de fevereiro.<\/p>\n\n\n\n<p>Curitiba n\u00e3o tem a circula\u00e7\u00e3o do v\u00edrus da febre amarela, mas desde a confirma\u00e7\u00e3o do primeiro caso da doen\u00e7a no Paran\u00e1, em 28 de janeiro, a procura pela vacina aumentou.<\/p>\n\n\n\n<p>Al\u00e9m da oferta aos s\u00e1bados, a vacina est\u00e1 dispon\u00edvel de segunda a sexta-feira em 110 unidades de sa\u00fade de Curitiba.<\/p>\n\n\n\n<p>Este ano, j\u00e1 foram aplicadas 267.896 mil doses da vacina contra a febre amarela nas unidades de sa\u00fade de Curitiba, superando as 243.932 aplica\u00e7\u00f5es em todo o ano de 2018.<\/p>\n\n\n\n<h2 class=\"wp-block-heading\">Indica\u00e7\u00e3o<\/h2>\n\n\n\n<p>A vacina \u00e9 aplicada em dose \u00fanica e o p\u00fablico-alvo s\u00e3o pessoas a partir de 9 meses at\u00e9 59 anos.<\/p>\n\n\n\n<p>A vacina \u00e9 contraindicada para crian\u00e7as menores de 6 meses ou para quem tem o sistema imunol\u00f3gico enfraquecido, com hist\u00f3rico de rea\u00e7\u00e3o al\u00e9rgica grave a algum componente da vacina ou doen\u00e7a febril aguda.<\/p>\n\n\n\n<p>Pessoas acima dos 60 anos, gestantes e m\u00e3es que est\u00e3o amamentando beb\u00eas menores de 6 meses precisam de prescri\u00e7\u00e3o m\u00e9dica para tomar a vacina.<\/p>\n\n\n\n<p>Para os idosos, a prescri\u00e7\u00e3o m\u00e9dica \u00e9 feita ap\u00f3s se avaliar o risco de a vacina descompensar outras doen\u00e7as preexistentes.<\/p>\n\n\n\n<p>Em Curitiba, para gestantes e mulheres que amamentam beb\u00eas menores de 6 meses, a orienta\u00e7\u00e3o \u00e9 vacinar apenas aquelas que frequentam ou moram em s\u00edtios ou \u00e1reas de matas, onde h\u00e1 o risco de contamina\u00e7\u00e3o. As m\u00e3es que amamentam beb\u00eas maiores de seis meses podem se vacinar sem restri\u00e7\u00f5es.<\/p>\n\n\n\n<p><strong>Vacina\u00e7\u00e3o contra a febre amarela neste s\u00e1bado (30\/3)<\/strong><\/p>\n\n\n\n<p>8h \u00e0s 12h \u2013 Unidade de Sa\u00fade Ipiranga (Rua Santa Regina, 667, Cap\u00e3o Raso)<\/p>\n\n\n\n<p>8h \u00e0s 13h \u2013 Unidade de Sa\u00fade Jardim Paranaense (Rua Pedro Nabosne, 57 Alto Boqueir\u00e3o)<\/p>\n\n\n\n<p>8h \u00e0s 12h \u2013 Unidade de Sa\u00fade Tancredo Neves (Rua Prof. Hilda Hank Gon\u00e7alves, 435, CIC)<\/p>\n\n\n\n<p>8h \u00e0s 12h \u2013 Unidade de Sa\u00fade Augusta (Rua Robert Redzinski, 222, CIC)<\/p>\n\n\n\n<p>8h \u00e0s 12h \u2013 Unidade de Sa\u00fade Dom Bosco (Rua Angelo Tosin, 100, Campo Santana)<\/p>\n\n\n\n<p>8h \u00e0s 12h \u2013 Unidade de Sa\u00fade Palmeiras (Rua Jo\u00e3o Batista Burbello, 12, Tatuquara)<\/p>\n\n\n\n<p>8h \u00e0s 12h \u2013 Unidade de Sa\u00fade Umbar\u00e1 2 (Rua Nicola Pelanda, 4800, Umbar\u00e1)<\/p>\n\n\n\n<p>BandaB<\/p>\n","protected":false},"excerpt":{"rendered":"<p>Vacina\u00e7\u00e3o aos s\u00e1bados \u00e9 uma alternativa para quem n\u00e3o pode comparecer \u00e0s unidades de sa\u00fade de segunda a sexta-feira Sete unidades de sa\u00fade da Prefeitura v\u00e3o abrir neste s\u00e1bado (30\/3) pela manh\u00e3 para ofertar a vacina contra a febre amarela. As unidades s\u00e3o a Ipiranga (Cap\u00e3o Raso), Jardim Paranaense (Alto Boqueir\u00e3o), Dom Bosco (Campo do [&hellip;]<\/p>\n","protected":false},"author":2,"featured_media":3492,"comment_status":"open","ping_status":"open","sticky":false,"template":"","format":"standard","meta":{"advanced_seo_description":"","jetpack_seo_html_title":"","jetpack_seo_noindex":false,"_jetpack_memberships_contains_paid_content":false,"footnotes":""},"categories":[50],"tags":[],"class_list":{"0":"post-3491","1":"post","2":"type-post","3":"status-publish","4":"format-standard","5":"has-post-thumbnail","7":"category-saude"},"jetpack_featured_media_url":"https:\/\/www.paranapraia.com.br\/wp-content\/uploads\/2019\/03\/febre-1.jpg","jetpack_sharing_enabled":true,"_links":{"self":[{"href":"https:\/\/www.paranapraia.com.br\/index.php\/wp-json\/wp\/v2\/posts\/3491"}],"collection":[{"href":"https:\/\/www.paranapraia.com.br\/index.php\/wp-json\/wp\/v2\/posts"}],"about":[{"href":"https:\/\/www.paranapraia.com.br\/index.php\/wp-json\/wp\/v2\/types\/post"}],"author":[{"embeddable":true,"href":"https:\/\/www.paranapraia.com.br\/index.php\/wp-json\/wp\/v2\/users\/2"}],"replies":[{"embeddable":true,"href":"https:\/\/www.paranapraia.com.br\/index.php\/wp-json\/wp\/v2\/comments?post=3491"}],"version-history":[{"count":1,"href":"https:\/\/www.paranapraia.com.br\/index.php\/wp-json\/wp\/v2\/posts\/3491\/revisions"}],"predecessor-version":[{"id":3493,"href":"https:\/\/www.paranapraia.com.br\/index.php\/wp-json\/wp\/v2\/posts\/3491\/revisions\/3493"}],"wp:featuredmedia":[{"embeddable":true,"href":"https:\/\/www.paranapraia.com.br\/index.php\/wp-json\/wp\/v2\/media\/3492"}],"wp:attachment":[{"href":"https:\/\/www.paranapraia.com.br\/index.php\/wp-json\/wp\/v2\/media?parent=3491"}],"wp:term":[{"taxonomy":"category","embeddable":true,"href":"https:\/\/www.paranapraia.com.br\/index.php\/wp-json\/wp\/v2\/categories?post=3491"},{"taxonomy":"post_tag","embeddable":true,"href":"https:\/\/www.paranapraia.com.br\/index.php\/wp-json\/wp\/v2\/tags?post=3491"}],"curies":[{"name":"wp","href":"https:\/\/api.w.org\/{rel}","templated":true}]}}