{"id":34839,"date":"2021-09-30T08:51:24","date_gmt":"2021-09-30T11:51:24","guid":{"rendered":"https:\/\/www.paranapraia.com.br\/?p=34839"},"modified":"2021-09-30T08:51:25","modified_gmt":"2021-09-30T11:51:25","slug":"defensoria-publica-do-municipio-faz-um-balanco-de-processos-e-atendimentos","status":"publish","type":"post","link":"https:\/\/www.paranapraia.com.br\/index.php\/2021\/09\/30\/defensoria-publica-do-municipio-faz-um-balanco-de-processos-e-atendimentos\/","title":{"rendered":"Defensoria P\u00fablica do Munic\u00edpio faz um balan\u00e7o de processos e atendimentos"},"content":{"rendered":"\n<p>A Defensoria P\u00fablica do Munic\u00edpio (Assist\u00eancia Jur\u00eddica), que est\u00e1 localizada no Balne\u00e1rio de Ipanema, na Pra\u00e7a de Esportes do Gr\u00eamio Esportivo de Ipanema, mesmo local onde funciona o Procon de Pontal do Paran\u00e1 conta com diversos tipos de atendimentos jur\u00eddicos gratuitos para auxiliar a comunidade. Grande parte destes atendimentos, segundo a Defensora P\u00fablica, Dra. Marina Maria Kamarowski Nascimento s\u00e3o da \u00e1rea da fam\u00edlia e as demandas do Procon, como por exemplo, direito do consumidor.<\/p>\n\n\n\n<p>Desde janeiro at\u00e9 este final de setembro j\u00e1 foram realizados 560 atendimentos presenciais na Defensoria, al\u00e9m dos atendimentos feitos pelo telefone. \u201cExiste uma demanda muito alta no munic\u00edpio para os atendimentos jur\u00eddicos. Temos hoje 600 processos ativos em \u00e1rea de direito de fam\u00edlia, orienta\u00e7\u00f5es jur\u00eddicas variadas e tamb\u00e9m de defesa do consumidor que tamb\u00e9m orientamos com o encaminhamento para o Juizado Especial\u201d. Explica a Dra.<\/p>\n\n\n\n<p>Com a alta demanda, j\u00e1 h\u00e1 uma lista de espera para a abertura de novos processos. \u201cNo momento estamos trabalhando com esta lista de espera com a agenda lotada at\u00e9 o m\u00eas de dezembro, mas vamos conseguir suprir e atender aos casos mais urgentes. Esperamos tamb\u00e9m para fazer os atendimentos no mutir\u00e3o\u201d. Definiu a Defensora P\u00fablica.<\/p>\n\n\n\n<p>Para suprir a demanda, o Programa Justi\u00e7a no Bairro ser\u00e1 de suma import\u00e2ncia para alinhar estes atendimentos, como div\u00f3rcios, pens\u00f5es de alimentos, dentre outros. Justi\u00e7a no Bairro acontecer\u00e1 no dia 21 de outubro na Escola Municipal Ezequiel Pinto da Silva. &nbsp;<\/p>\n\n\n\n<p>A Defensoria P\u00fablica do Munic\u00edpio fica localizada na Rua Roberto Burle Max, em frente ao F\u00d3RUM no Balne\u00e1rio de Ipanema.<\/p>\n\n\n\n<p>Rafaela Takiguchi<\/p>\n","protected":false},"excerpt":{"rendered":"<p>A Defensoria P\u00fablica do Munic\u00edpio (Assist\u00eancia Jur\u00eddica), que est\u00e1 localizada no Balne\u00e1rio de Ipanema, na Pra\u00e7a de Esportes do Gr\u00eamio Esportivo de Ipanema, mesmo local onde funciona o Procon de Pontal do Paran\u00e1 conta com diversos tipos de atendimentos jur\u00eddicos gratuitos para auxiliar a comunidade. Grande parte destes atendimentos, segundo a Defensora P\u00fablica, Dra. Marina [&hellip;]<\/p>\n","protected":false},"author":2,"featured_media":34840,"comment_status":"open","ping_status":"open","sticky":false,"template":"","format":"standard","meta":{"advanced_seo_description":"","jetpack_seo_html_title":"","jetpack_seo_noindex":false,"_jetpack_memberships_contains_paid_content":false,"footnotes":""},"categories":[65],"tags":[],"class_list":{"0":"post-34839","1":"post","2":"type-post","3":"status-publish","4":"format-standard","5":"has-post-thumbnail","7":"category-pontal-do-parana"},"jetpack_featured_media_url":"https:\/\/www.paranapraia.com.br\/wp-content\/uploads\/2021\/09\/gd_300921084810_whatsapp_image_20210928_at_14_38_53_1_jpeg.jpeg","jetpack_sharing_enabled":true,"_links":{"self":[{"href":"https:\/\/www.paranapraia.com.br\/index.php\/wp-json\/wp\/v2\/posts\/34839"}],"collection":[{"href":"https:\/\/www.paranapraia.com.br\/index.php\/wp-json\/wp\/v2\/posts"}],"about":[{"href":"https:\/\/www.paranapraia.com.br\/index.php\/wp-json\/wp\/v2\/types\/post"}],"author":[{"embeddable":true,"href":"https:\/\/www.paranapraia.com.br\/index.php\/wp-json\/wp\/v2\/users\/2"}],"replies":[{"embeddable":true,"href":"https:\/\/www.paranapraia.com.br\/index.php\/wp-json\/wp\/v2\/comments?post=34839"}],"version-history":[{"count":1,"href":"https:\/\/www.paranapraia.com.br\/index.php\/wp-json\/wp\/v2\/posts\/34839\/revisions"}],"predecessor-version":[{"id":34841,"href":"https:\/\/www.paranapraia.com.br\/index.php\/wp-json\/wp\/v2\/posts\/34839\/revisions\/34841"}],"wp:featuredmedia":[{"embeddable":true,"href":"https:\/\/www.paranapraia.com.br\/index.php\/wp-json\/wp\/v2\/media\/34840"}],"wp:attachment":[{"href":"https:\/\/www.paranapraia.com.br\/index.php\/wp-json\/wp\/v2\/media?parent=34839"}],"wp:term":[{"taxonomy":"category","embeddable":true,"href":"https:\/\/www.paranapraia.com.br\/index.php\/wp-json\/wp\/v2\/categories?post=34839"},{"taxonomy":"post_tag","embeddable":true,"href":"https:\/\/www.paranapraia.com.br\/index.php\/wp-json\/wp\/v2\/tags?post=34839"}],"curies":[{"name":"wp","href":"https:\/\/api.w.org\/{rel}","templated":true}]}}