{"id":34836,"date":"2021-09-29T15:13:26","date_gmt":"2021-09-29T18:13:26","guid":{"rendered":"https:\/\/www.paranapraia.com.br\/?p=34836"},"modified":"2021-09-29T15:13:27","modified_gmt":"2021-09-29T18:13:27","slug":"portos-do-parana-capacita-jovens-da-ilha-dos-valadares-para-entrada-no-mercado-de-trabalho","status":"publish","type":"post","link":"https:\/\/www.paranapraia.com.br\/index.php\/2021\/09\/29\/portos-do-parana-capacita-jovens-da-ilha-dos-valadares-para-entrada-no-mercado-de-trabalho\/","title":{"rendered":"Portos do Paran\u00e1 capacita jovens da Ilha dos Valadares para entrada no mercado de trabalho"},"content":{"rendered":"\n<p>A Portos do Paran\u00e1, em parceria com o Servi\u00e7o Nacional de Aprendizagem Comercial (Senac), est\u00e1 promovendo curso que visa a capacita\u00e7\u00e3o e o desenvolvimento de a\u00e7\u00f5es para jovens nas comunidades que est\u00e3o nas \u00e1reas de abrang\u00eancia dos portos paranaenses.&nbsp; A a\u00e7\u00e3o est\u00e1 ligada ao projeto Jovem Aprendiz, que contempla o programa de Educa\u00e7\u00e3o Ambiental da empresa p\u00fablica, como a\u00e7\u00e3o de compensa\u00e7\u00e3o da licen\u00e7a ambiental de opera\u00e7\u00e3o, liberada pelo Ibama (Instituto Brasileiro do Meio Ambiente e dos Recursos Naturais Renov\u00e1veis).<\/p>\n\n\n\n<p>Segundo o diretor de Meio Ambiente da Portos do Paran\u00e1, Jo\u00e3o Paulo Santana, a a\u00e7\u00e3o \u00e9 fundamental para&nbsp;o porto seguir e cumprir com&nbsp;aquilo com que se comprometeu, de fazer com que o terminal de Paranagu\u00e1&nbsp;seja uma mola propulsora da transforma\u00e7\u00e3o da realidade das comunidades da \u00e1rea de influ\u00eancia.<\/p>\n\n\n\n<p>\u201cQueremos muito capacitar e empoderar essas comunidades para que elas consigam fazer a mudan\u00e7a de sua matriz econ\u00f4mica, deixem de ser apenas extrativistas e possam tamb\u00e9m passar a operar no setor da presta\u00e7\u00e3o de servi\u00e7os, turismo de base comunit\u00e1ria, em especial\u201d, salienta.<\/p>\n\n\n\n<p><strong>CURSO<\/strong>&nbsp;&#8211; Segundo Tiago Mafra, gestor da CIA Ambiental, empresa contratada que realiza o Programa de Educa\u00e7\u00e3o Ambiental e Comunica\u00e7\u00e3o Social da Portos do Paran\u00e1, essa primeira a\u00e7\u00e3o teve foco em filhos de pescadores e foi desenvolvida na Ilha dos Valadares.<\/p>\n\n\n\n<p>O curso, realizado pela manh\u00e3, dura 10 dias, tem carga hor\u00e1ria de 30 horas e \u00e9 ministrado para jovens a partir de 16 anos, que geralmente est\u00e3o na fase final do Ensino M\u00e9dio.<\/p>\n\n\n\n<p>\u201cO objetivo \u00e9 aprimorar a entrada desses jovens no mercado de trabalho, apresentando t\u00e9cnicas de entrevista, de atendimento, aprimoramento de comunica\u00e7\u00e3o para pessoas que v\u00e3o trabalhar no com\u00e9rcio ou de maneira geral, e para pessoas que v\u00e3o procurar um emprego e t\u00eam que aprender a se apresentar\u201d, explica Mafra.<\/p>\n\n\n\n<p><strong>METODOLOGIA<\/strong>&nbsp;&#8211; Vanessa Lima dos Santos, instrutora na \u00e1rea de gest\u00e3o do Senac Paranagu\u00e1, diz que \u00e9 sempre um desafio capacitar os adolescentes. \u201cVerificamos nesses jovens dessas comunidades que realmente t\u00eam uma car\u00eancia de lidar com a comunica\u00e7\u00e3o. Trabalhamos com eles a autoconfian\u00e7a, o desenvolvimento contra a timidez, para eles saberem e entenderem a trabalhar com a comunica\u00e7\u00e3o, a forma de aplicar, a intelig\u00eancia emocional, a postura, entre outros\u201d, afirma.<\/p>\n\n\n\n<p>\u201cEles ficam antenados nas aulas porque temos uma metodologia ativa em rela\u00e7\u00e3o \u00e0 aplica\u00e7\u00e3o do conte\u00fado. Trabalhamos com muitas din\u00e2micas e trazemos junto com essa viv\u00eancia o dom\u00ednio t\u00e9cnico cient\u00edfico\u201d, acrescenta Vanessa.<\/p>\n\n\n\n<p>Ao final do curso, al\u00e9m do certificado que recebem, os alunos entregam ao professor um boletim informativo completo, feito 100% por eles. O produto \u00e9 concebido desde a pauta, marca\u00e7\u00e3o de entrevistas, fotos, libera\u00e7\u00e3o de direito de imagens, at\u00e9 a diagrama\u00e7\u00e3o final.<\/p>\n\n\n\n<p>Para o diretor de Meio Ambiente da Portos do Paran\u00e1,&nbsp;o trabalho \u00e9 importante que as crian\u00e7as e jovens se capacitem, para que consigam ter facilidade de comunica\u00e7\u00e3o, seja na hora de abordar um turista, buscar um novo emprego, em uma entrevista, no momento&nbsp;de se expressar. \u201cPrecisamos formar pessoas que n\u00e3o sejam t\u00edmidas na hora de colocar para fora suas vontades, seus anseios, seus desejos, suas inten\u00e7\u00f5es\u201d, diz Santana.<\/p>\n\n\n\n<p>Um novo curso est\u00e1 previsto para novembro, tamb\u00e9m para jovens da Ilha dos Valadares, voltado para a capacita\u00e7\u00e3o inicial em maquiagem.<\/p>\n\n\n\n<p>AEN<\/p>\n","protected":false},"excerpt":{"rendered":"<p>A Portos do Paran\u00e1, em parceria com o Servi\u00e7o Nacional de Aprendizagem Comercial (Senac), est\u00e1 promovendo curso que visa a capacita\u00e7\u00e3o e o desenvolvimento de a\u00e7\u00f5es para jovens nas comunidades que est\u00e3o nas \u00e1reas de abrang\u00eancia dos portos paranaenses.&nbsp; A a\u00e7\u00e3o est\u00e1 ligada ao projeto Jovem Aprendiz, que contempla o programa de Educa\u00e7\u00e3o Ambiental da [&hellip;]<\/p>\n","protected":false},"author":2,"featured_media":34837,"comment_status":"open","ping_status":"open","sticky":false,"template":"","format":"standard","meta":{"advanced_seo_description":"","jetpack_seo_html_title":"","jetpack_seo_noindex":false,"_jetpack_memberships_contains_paid_content":false,"footnotes":""},"categories":[40],"tags":[],"class_list":{"0":"post-34836","1":"post","2":"type-post","3":"status-publish","4":"format-standard","5":"has-post-thumbnail","7":"category-destaques"},"jetpack_featured_media_url":"https:\/\/www.paranapraia.com.br\/wp-content\/uploads\/2021\/09\/news_interna_20210929_091643.jpg","jetpack_sharing_enabled":true,"_links":{"self":[{"href":"https:\/\/www.paranapraia.com.br\/index.php\/wp-json\/wp\/v2\/posts\/34836"}],"collection":[{"href":"https:\/\/www.paranapraia.com.br\/index.php\/wp-json\/wp\/v2\/posts"}],"about":[{"href":"https:\/\/www.paranapraia.com.br\/index.php\/wp-json\/wp\/v2\/types\/post"}],"author":[{"embeddable":true,"href":"https:\/\/www.paranapraia.com.br\/index.php\/wp-json\/wp\/v2\/users\/2"}],"replies":[{"embeddable":true,"href":"https:\/\/www.paranapraia.com.br\/index.php\/wp-json\/wp\/v2\/comments?post=34836"}],"version-history":[{"count":1,"href":"https:\/\/www.paranapraia.com.br\/index.php\/wp-json\/wp\/v2\/posts\/34836\/revisions"}],"predecessor-version":[{"id":34838,"href":"https:\/\/www.paranapraia.com.br\/index.php\/wp-json\/wp\/v2\/posts\/34836\/revisions\/34838"}],"wp:featuredmedia":[{"embeddable":true,"href":"https:\/\/www.paranapraia.com.br\/index.php\/wp-json\/wp\/v2\/media\/34837"}],"wp:attachment":[{"href":"https:\/\/www.paranapraia.com.br\/index.php\/wp-json\/wp\/v2\/media?parent=34836"}],"wp:term":[{"taxonomy":"category","embeddable":true,"href":"https:\/\/www.paranapraia.com.br\/index.php\/wp-json\/wp\/v2\/categories?post=34836"},{"taxonomy":"post_tag","embeddable":true,"href":"https:\/\/www.paranapraia.com.br\/index.php\/wp-json\/wp\/v2\/tags?post=34836"}],"curies":[{"name":"wp","href":"https:\/\/api.w.org\/{rel}","templated":true}]}}