{"id":34833,"date":"2021-09-29T11:55:40","date_gmt":"2021-09-29T14:55:40","guid":{"rendered":"https:\/\/www.paranapraia.com.br\/?p=34833"},"modified":"2021-09-29T11:55:42","modified_gmt":"2021-09-29T14:55:42","slug":"parana-recebera-nos-proximos-dias-doses-de-reforco-para-trabalhadores-da-saude-e-idosos","status":"publish","type":"post","link":"https:\/\/www.paranapraia.com.br\/index.php\/2021\/09\/29\/parana-recebera-nos-proximos-dias-doses-de-reforco-para-trabalhadores-da-saude-e-idosos\/","title":{"rendered":"Paran\u00e1 receber\u00e1 nos pr\u00f3ximos dias doses de refor\u00e7o para trabalhadores da sa\u00fade e idosos"},"content":{"rendered":"\n<p>O Minist\u00e9rio da Sa\u00fade confirmou o envio de 176.670 vacinas contra a Covid-19 da Pfizer\/BioNTech para o Paran\u00e1. Ser\u00e3o 146.250 para dose refor\u00e7o (DR) de trabalhadores da sa\u00fade que tenham tomado a segunda dose (D2) ou dose \u00fanica (DU) at\u00e9 31 de mar\u00e7o&nbsp;e 30.420 para DR de idosos acima de 60 anos que tenham finalizado o esquema vacinal tamb\u00e9m at\u00e9 31 de mar\u00e7o.<\/p>\n\n\n\n<p>Os imunizantes fazem parte da 55\u00aa pauta de distribui\u00e7\u00e3o do Minist\u00e9rio da Sa\u00fade e devem incluir ainda 137.200 vacinas da AstraZeneca\/Fiocruz para completar 100% da D2 da 30\u00aa pauta (90.200 doses) e 59% de D2 da 31\u00aa pauta (47 mil doses). Ao todo, o Paran\u00e1 receber\u00e1 313.870 vacinas. As doses ainda n\u00e3o t\u00eam data confirmada para envio, mas devem chegar ao Estado ainda nesta semana.<\/p>\n\n\n\n<p>\u201cO Minist\u00e9rio j\u00e1 havia sinalizado o interesse em incluir idosos acima de 60 anos e trabalhadores da sa\u00fade na dose refor\u00e7o e agora tivemos a oficializa\u00e7\u00e3o dessa recomenda\u00e7\u00e3o que \u00e9 muito bem recebida aqui no Paran\u00e1. Estes grupos est\u00e3o mais suscet\u00edveis \u00e0 contamina\u00e7\u00e3o pela doen\u00e7a e por isso h\u00e1 necessidade de refor\u00e7ar a imuniza\u00e7\u00e3o\u201d, afirmou o secret\u00e1rio de Estado da Sa\u00fade, Beto Preto.<\/p>\n\n\n\n<p><strong>NOVAS ORIENTA\u00c7\u00d5ES<\/strong>&nbsp;\u2013 A nova remessa foi anunciada junto com a divulga\u00e7\u00e3o de tr\u00eas novas notas t\u00e9cnicas do Minist\u00e9rio da Sa\u00fade.<\/p>\n\n\n\n<p>A nota n\u00ba 47\/2021, da Secretaria Extraordin\u00e1ria de Enfrentamento \u00e0 Covid-19 (Secovid), estabeleceu a necessidade de administra\u00e7\u00e3o de uma dose refor\u00e7o para todos os trabalhadores da sa\u00fade que tenham recebido a D2 ou DU h\u00e1 pelo menos seis meses. Segundo a nota, a dose deve ser aplicada independente do imunizante usado na ocasi\u00e3o, considerando a import\u00e2ncia da \u201cadequa\u00e7\u00e3o do esquema vacinal nestes indiv\u00edduos devido \u00e0 sua maior exposi\u00e7\u00e3o a Covid-19 e consequentemente maior risco de adoecimento, absente\u00edsmo e complica\u00e7\u00f5es da doen\u00e7a\u201d.<\/p>\n\n\n\n<p>O \u00f3rg\u00e3o federal tamb\u00e9m atualizou as orienta\u00e7\u00f5es referentes \u00e0 coadministra\u00e7\u00e3o das vacinas contra a Covid-19 e as demais vacinas do calend\u00e1rio vacinal. De acordo com a nota n\u00ba 1203\/2021 da Coordena\u00e7\u00e3o-Geral do Programa Nacional de Imuniza\u00e7\u00f5es (CGPNI), o Minist\u00e9rio da Sa\u00fade optou extinguir o intervalo m\u00ednimo entre as vacinas da Covid-19 e as demais vacinas em uso no Pa\u00eds. Desta forma, as vacinas contra o coronav\u00edrus poder\u00e3o ser administradas de maneira simult\u00e2nea com as demais ou em qualquer intervalo. A recomenda\u00e7\u00e3o se estende ainda \u00e0 aplica\u00e7\u00e3o de imunoglobinas e\/ou anticorpos monoclonais, bem como soros heter\u00f3logos.<\/p>\n\n\n\n<p>Quanto \u00e0 DR em idosos, a Secovid divulgou a nota n\u00ba 48\/2021, expandindo a necessidade de dose refor\u00e7o para idosos acima de 60 anos, que dever\u00e1 ser usada tamb\u00e9m ap\u00f3s seis meses da aplica\u00e7\u00e3o da D2 ou DU, independente do imunizante.<\/p>\n\n\n\n<p>A vacina a ser utilizada para DR tanto de trabalhadores da Sa\u00fade quanto de idosos, dever\u00e1 ser, preferencialmente, da plataforma de RNA mensageiro (Pfizer\/Wyeth) ou, de maneira alternativa, vacina de vetor viral (Janssen ou AstraZeneca). A Secretaria de Estado da Sa\u00fade (Sesa) est\u00e1 alterando o Plano Estadual de Vacina\u00e7\u00e3o Contra a Covid-19 para incluir as novas recomenda\u00e7\u00f5es do Minist\u00e9rio da Sa\u00fade.<\/p>\n\n\n\n<p>AEN<\/p>\n","protected":false},"excerpt":{"rendered":"<p>O Minist\u00e9rio da Sa\u00fade confirmou o envio de 176.670 vacinas contra a Covid-19 da Pfizer\/BioNTech para o Paran\u00e1. Ser\u00e3o 146.250 para dose refor\u00e7o (DR) de trabalhadores da sa\u00fade que tenham tomado a segunda dose (D2) ou dose \u00fanica (DU) at\u00e9 31 de mar\u00e7o&nbsp;e 30.420 para DR de idosos acima de 60 anos que tenham finalizado [&hellip;]<\/p>\n","protected":false},"author":2,"featured_media":34834,"comment_status":"open","ping_status":"open","sticky":false,"template":"","format":"standard","meta":{"advanced_seo_description":"","jetpack_seo_html_title":"","jetpack_seo_noindex":false,"_jetpack_memberships_contains_paid_content":false,"footnotes":""},"categories":[40],"tags":[],"class_list":{"0":"post-34833","1":"post","2":"type-post","3":"status-publish","4":"format-standard","5":"has-post-thumbnail","7":"category-destaques"},"jetpack_featured_media_url":"https:\/\/www.paranapraia.com.br\/wp-content\/uploads\/2021\/09\/news_interna_61546fc8ebb13dsc_6105.jpeg","jetpack_sharing_enabled":true,"_links":{"self":[{"href":"https:\/\/www.paranapraia.com.br\/index.php\/wp-json\/wp\/v2\/posts\/34833"}],"collection":[{"href":"https:\/\/www.paranapraia.com.br\/index.php\/wp-json\/wp\/v2\/posts"}],"about":[{"href":"https:\/\/www.paranapraia.com.br\/index.php\/wp-json\/wp\/v2\/types\/post"}],"author":[{"embeddable":true,"href":"https:\/\/www.paranapraia.com.br\/index.php\/wp-json\/wp\/v2\/users\/2"}],"replies":[{"embeddable":true,"href":"https:\/\/www.paranapraia.com.br\/index.php\/wp-json\/wp\/v2\/comments?post=34833"}],"version-history":[{"count":1,"href":"https:\/\/www.paranapraia.com.br\/index.php\/wp-json\/wp\/v2\/posts\/34833\/revisions"}],"predecessor-version":[{"id":34835,"href":"https:\/\/www.paranapraia.com.br\/index.php\/wp-json\/wp\/v2\/posts\/34833\/revisions\/34835"}],"wp:featuredmedia":[{"embeddable":true,"href":"https:\/\/www.paranapraia.com.br\/index.php\/wp-json\/wp\/v2\/media\/34834"}],"wp:attachment":[{"href":"https:\/\/www.paranapraia.com.br\/index.php\/wp-json\/wp\/v2\/media?parent=34833"}],"wp:term":[{"taxonomy":"category","embeddable":true,"href":"https:\/\/www.paranapraia.com.br\/index.php\/wp-json\/wp\/v2\/categories?post=34833"},{"taxonomy":"post_tag","embeddable":true,"href":"https:\/\/www.paranapraia.com.br\/index.php\/wp-json\/wp\/v2\/tags?post=34833"}],"curies":[{"name":"wp","href":"https:\/\/api.w.org\/{rel}","templated":true}]}}