{"id":34830,"date":"2021-09-29T11:34:12","date_gmt":"2021-09-29T14:34:12","guid":{"rendered":"https:\/\/www.paranapraia.com.br\/?p=34830"},"modified":"2021-09-29T11:34:13","modified_gmt":"2021-09-29T14:34:13","slug":"saude-promove-capacitacao-para-atencao-as-vitimas-e-violencia-sexual","status":"publish","type":"post","link":"https:\/\/www.paranapraia.com.br\/index.php\/2021\/09\/29\/saude-promove-capacitacao-para-atencao-as-vitimas-e-violencia-sexual\/","title":{"rendered":"Sa\u00fade promove capacita\u00e7\u00e3o para aten\u00e7\u00e3o \u00e0s v\u00edtimas e viol\u00eancia sexual"},"content":{"rendered":"\n<p>O Governo do Estado promove na pr\u00f3xima semana a capacita\u00e7\u00e3o \u201cAten\u00e7\u00e3o \u00e0s Pessoas em Situa\u00e7\u00e3o de Viol\u00eancia Sexual\u201d, direcionada aos profissionais que trabalham em contato direto com v\u00edtimas. O treinamento ser\u00e1 realizado pelas Secretarias de Estado da Sa\u00fade e Secretaria de Estado da Seguran\u00e7a P\u00fablica, em parceria com o Instituto M\u00e9dico Legal (IML) e Conselho Regional de Medicina (CRM\/PR).<\/p>\n\n\n\n<p>O evento, que ser\u00e1 exclusivamente online, nos dias 5, 6 e 7 de outubro, das 9h \u00e0s 12h, \u00e9 gratuito e aberto ao p\u00fablico. A inscri\u00e7\u00e3o pode ser feita&nbsp;<a href=\"http:\/\/www.even3.com.br\/1ecpesvioseprout21\/\" target=\"_blank\" rel=\"noreferrer noopener\">AQUI<\/a>.<\/p>\n\n\n\n<p>As atividades v\u00e3o contar com profissionais especializados de diversas \u00e1reas e permitir\u00e3o, com uma abordagem atualizada, instrumentalizar os participantes de forma t\u00e9cnica e cient\u00edfica, balizadas sempre pelo olhar humanizado.<\/p>\n\n\n\n<p>\u201cEsta parceria entre a Sesa e a Sesp \u00e9 fundamental porque possibilita um trabalho em conjunto e totalmente alinhado, que permite a aten\u00e7\u00e3o \u00e0 v\u00edtima, orienta\u00e7\u00e3o e atendimento f\u00edsico e psicol\u00f3gico, para auxiliar inclusive na resolu\u00e7\u00e3o de delitos. Al\u00e9m disso, \u00e9 preciso cada vez mais combater a viol\u00eancia sexual. Neste sentido, o Governo do Estado est\u00e1 vigilante para uma atua\u00e7\u00e3o firme e humanizada\u201d, disse o secret\u00e1rio de Estado da Sa\u00fade, Beto Preto.<\/p>\n\n\n\n<p>De acordo com a diretora de Aten\u00e7\u00e3o e Vigil\u00e2ncia em Sa\u00fade, Maria Goretti David Lopes, a pauta \u00e9 imprescind\u00edvel. \u201cA viol\u00eancia \u00e9 um assunto de relev\u00e2ncia em sa\u00fade p\u00fablica, multifatorial, envolvendo determinantes e condicionantes sociais, culturais que afetam toda a popula\u00e7\u00e3o. Ter profissionais capacitados que acolham e recebam essas pessoas no atendimento prim\u00e1rio \u00e9 de grande valor para minimizar o problema\u201d, destacou.<\/p>\n\n\n\n<p><strong>VIOL\u00caNCIA<\/strong>&nbsp;\u2013&nbsp;Uma pesquisa do Instituto Brasileiro de Geografia e Estat\u00edstica (IBGE) apontou que quase 6% da popula\u00e7\u00e3o j\u00e1 sofreu viol\u00eancia sexual alguma vez na vida. Em 2019, a estimativa \u00e9 que 1,2 milh\u00e3o de pessoas foram v\u00edtimas de viol\u00eancia sexual nos \u00faltimos 12 meses anteriores \u00e0 entrevista, sendo 72,7% mulheres (885 mil). No Paran\u00e1, 4.337 casos de viol\u00eancia sexual (84,5%) ocorreram contra mulheres.<\/p>\n\n\n\n<p><strong>TERMO DE COOPERA\u00c7\u00c3O<\/strong>&nbsp;\u2013&nbsp;Em mar\u00e7o de 2020, as Secretarias de Estado da Sa\u00fade e da Seguran\u00e7a P\u00fablica renovaram o termo de coopera\u00e7\u00e3o t\u00e9cnica para o atendimento integral e humanizado \u00e0s pessoas em situa\u00e7\u00e3o de viol\u00eancia sexual. Com a coopera\u00e7\u00e3o, a coleta de vest\u00edgios \u00e9 feita no pr\u00f3prio servi\u00e7o de sa\u00fade, n\u00e3o sendo mais necess\u00e1rio que a pessoa em situa\u00e7\u00e3o de viol\u00eancia sexual se desloque at\u00e9 uma sede do IML.<\/p>\n\n\n\n<p><strong>DEN\u00daNCIAS\u00a0<\/strong>\u2013\u00a0O Paran\u00e1 possui um canal pr\u00f3prio que recebe den\u00fancias, o Disque 181. O Disque 100 (Direitos Humanos) tamb\u00e9m recebe liga\u00e7\u00f5es de qualquer telefone fixo ou m\u00f3vel. Ambos s\u00e3o servi\u00e7os gratuitos, que funcionam 24 horas, nos quais \u00e9 poss\u00edvel fazer a den\u00fancia de forma an\u00f4nima sobre viola\u00e7\u00f5es de direitos de crian\u00e7as e adolescentes.<\/p>\n\n\n\n<p>AEN<\/p>\n","protected":false},"excerpt":{"rendered":"<p>O Governo do Estado promove na pr\u00f3xima semana a capacita\u00e7\u00e3o \u201cAten\u00e7\u00e3o \u00e0s Pessoas em Situa\u00e7\u00e3o de Viol\u00eancia Sexual\u201d, direcionada aos profissionais que trabalham em contato direto com v\u00edtimas. O treinamento ser\u00e1 realizado pelas Secretarias de Estado da Sa\u00fade e Secretaria de Estado da Seguran\u00e7a P\u00fablica, em parceria com o Instituto M\u00e9dico Legal (IML) e Conselho [&hellip;]<\/p>\n","protected":false},"author":2,"featured_media":34831,"comment_status":"open","ping_status":"open","sticky":false,"template":"","format":"standard","meta":{"advanced_seo_description":"","jetpack_seo_html_title":"","jetpack_seo_noindex":false,"_jetpack_memberships_contains_paid_content":false,"footnotes":""},"categories":[40],"tags":[],"class_list":{"0":"post-34830","1":"post","2":"type-post","3":"status-publish","4":"format-standard","5":"has-post-thumbnail","7":"category-destaques"},"jetpack_featured_media_url":"https:\/\/www.paranapraia.com.br\/wp-content\/uploads\/2021\/09\/news_interna_xx.jpg","jetpack_sharing_enabled":true,"_links":{"self":[{"href":"https:\/\/www.paranapraia.com.br\/index.php\/wp-json\/wp\/v2\/posts\/34830"}],"collection":[{"href":"https:\/\/www.paranapraia.com.br\/index.php\/wp-json\/wp\/v2\/posts"}],"about":[{"href":"https:\/\/www.paranapraia.com.br\/index.php\/wp-json\/wp\/v2\/types\/post"}],"author":[{"embeddable":true,"href":"https:\/\/www.paranapraia.com.br\/index.php\/wp-json\/wp\/v2\/users\/2"}],"replies":[{"embeddable":true,"href":"https:\/\/www.paranapraia.com.br\/index.php\/wp-json\/wp\/v2\/comments?post=34830"}],"version-history":[{"count":1,"href":"https:\/\/www.paranapraia.com.br\/index.php\/wp-json\/wp\/v2\/posts\/34830\/revisions"}],"predecessor-version":[{"id":34832,"href":"https:\/\/www.paranapraia.com.br\/index.php\/wp-json\/wp\/v2\/posts\/34830\/revisions\/34832"}],"wp:featuredmedia":[{"embeddable":true,"href":"https:\/\/www.paranapraia.com.br\/index.php\/wp-json\/wp\/v2\/media\/34831"}],"wp:attachment":[{"href":"https:\/\/www.paranapraia.com.br\/index.php\/wp-json\/wp\/v2\/media?parent=34830"}],"wp:term":[{"taxonomy":"category","embeddable":true,"href":"https:\/\/www.paranapraia.com.br\/index.php\/wp-json\/wp\/v2\/categories?post=34830"},{"taxonomy":"post_tag","embeddable":true,"href":"https:\/\/www.paranapraia.com.br\/index.php\/wp-json\/wp\/v2\/tags?post=34830"}],"curies":[{"name":"wp","href":"https:\/\/api.w.org\/{rel}","templated":true}]}}