{"id":34824,"date":"2021-09-29T10:56:07","date_gmt":"2021-09-29T13:56:07","guid":{"rendered":"https:\/\/www.paranapraia.com.br\/?p=34824"},"modified":"2021-09-29T10:56:08","modified_gmt":"2021-09-29T13:56:08","slug":"pontal-do-parana-vacinou-nesta-terca-feira-adolescentes-com-16","status":"publish","type":"post","link":"https:\/\/www.paranapraia.com.br\/index.php\/2021\/09\/29\/pontal-do-parana-vacinou-nesta-terca-feira-adolescentes-com-16\/","title":{"rendered":"Pontal do Paran\u00e1 vacinou nesta ter\u00e7a-feira adolescentes com 16+"},"content":{"rendered":"\n<p>A vacIna\u00e7\u00e3o contra Covid 19 para adolescentes iniciou nesta ter\u00e7a-feira (28) em Pontal do Paran\u00e1 para o p\u00fablico de 16+. A aplica\u00e7\u00e3o do imunizante Pfizer aconteceu no Gin\u00e1sio de Esportes da Escola Especial Municipal Ilha do Saber das 16h \u00e0s 20h. Foram aplicadas 488 doses do imunizante para dolescentes.<\/p>\n\n\n\n<p>Vale ressaltar que os adolescentes que forem se vacinar devem estar acompanhados pelos pais, que tamb\u00e9m devem levar um documento com foto, al\u00e9m da documenta\u00e7\u00e3o j\u00e1 exigida, comprovante de resid\u00eancia, documento com foto do adolescente e cart\u00e3o SUS.<\/p>\n\n\n\n<p>Rafaela Takiguchi<\/p>\n","protected":false},"excerpt":{"rendered":"<p>A vacIna\u00e7\u00e3o contra Covid 19 para adolescentes iniciou nesta ter\u00e7a-feira (28) em Pontal do Paran\u00e1 para o p\u00fablico de 16+. A aplica\u00e7\u00e3o do imunizante Pfizer aconteceu no Gin\u00e1sio de Esportes da Escola Especial Municipal Ilha do Saber das 16h \u00e0s 20h. Foram aplicadas 488 doses do imunizante para dolescentes. Vale ressaltar que os adolescentes que [&hellip;]<\/p>\n","protected":false},"author":2,"featured_media":34825,"comment_status":"open","ping_status":"open","sticky":false,"template":"","format":"standard","meta":{"advanced_seo_description":"","jetpack_seo_html_title":"","jetpack_seo_noindex":false,"_jetpack_memberships_contains_paid_content":false,"footnotes":""},"categories":[40],"tags":[],"class_list":{"0":"post-34824","1":"post","2":"type-post","3":"status-publish","4":"format-standard","5":"has-post-thumbnail","7":"category-destaques"},"jetpack_featured_media_url":"https:\/\/www.paranapraia.com.br\/wp-content\/uploads\/2021\/09\/gd_290921093142_whatsapp_image_20210928_at_16_02_18_jpeg.jpeg","jetpack_sharing_enabled":true,"_links":{"self":[{"href":"https:\/\/www.paranapraia.com.br\/index.php\/wp-json\/wp\/v2\/posts\/34824"}],"collection":[{"href":"https:\/\/www.paranapraia.com.br\/index.php\/wp-json\/wp\/v2\/posts"}],"about":[{"href":"https:\/\/www.paranapraia.com.br\/index.php\/wp-json\/wp\/v2\/types\/post"}],"author":[{"embeddable":true,"href":"https:\/\/www.paranapraia.com.br\/index.php\/wp-json\/wp\/v2\/users\/2"}],"replies":[{"embeddable":true,"href":"https:\/\/www.paranapraia.com.br\/index.php\/wp-json\/wp\/v2\/comments?post=34824"}],"version-history":[{"count":1,"href":"https:\/\/www.paranapraia.com.br\/index.php\/wp-json\/wp\/v2\/posts\/34824\/revisions"}],"predecessor-version":[{"id":34826,"href":"https:\/\/www.paranapraia.com.br\/index.php\/wp-json\/wp\/v2\/posts\/34824\/revisions\/34826"}],"wp:featuredmedia":[{"embeddable":true,"href":"https:\/\/www.paranapraia.com.br\/index.php\/wp-json\/wp\/v2\/media\/34825"}],"wp:attachment":[{"href":"https:\/\/www.paranapraia.com.br\/index.php\/wp-json\/wp\/v2\/media?parent=34824"}],"wp:term":[{"taxonomy":"category","embeddable":true,"href":"https:\/\/www.paranapraia.com.br\/index.php\/wp-json\/wp\/v2\/categories?post=34824"},{"taxonomy":"post_tag","embeddable":true,"href":"https:\/\/www.paranapraia.com.br\/index.php\/wp-json\/wp\/v2\/tags?post=34824"}],"curies":[{"name":"wp","href":"https:\/\/api.w.org\/{rel}","templated":true}]}}