{"id":34820,"date":"2021-09-28T14:00:56","date_gmt":"2021-09-28T17:00:56","guid":{"rendered":"https:\/\/www.paranapraia.com.br\/?p=34820"},"modified":"2021-09-28T14:00:58","modified_gmt":"2021-09-28T17:00:58","slug":"centro-de-referencia-na-uem-capacitara-professores-para-formar-atletas-paralimpicos","status":"publish","type":"post","link":"https:\/\/www.paranapraia.com.br\/index.php\/2021\/09\/28\/centro-de-referencia-na-uem-capacitara-professores-para-formar-atletas-paralimpicos\/","title":{"rendered":"Centro de Refer\u00eancia na UEM capacitar\u00e1 professores para formar atletas paral\u00edmpicos"},"content":{"rendered":"\n<p>Por meio do Centro de Refer\u00eancia Paral\u00edmpico Brasileiro de Maring\u00e1, a Universidade Estadual de Maring\u00e1 (UEM) vai ajudar a&nbsp;prefeitura da cidade na capacita\u00e7\u00e3o dos professores das secretarias de Esportes e Lazer e de Educa\u00e7\u00e3o que ir\u00e3o trabalhar na forma\u00e7\u00e3o de atletas com defici\u00eancia.&nbsp;<\/p>\n\n\n\n<p>Fruto de um conv\u00eanio entre o Comit\u00ea Paral\u00edmpico Brasileiro (CPB) e a universidade, por meio do Departamento de Educa\u00e7\u00e3o F\u00edsica, o Centro de Refer\u00eancia \u00e9 coordenado pela professora&nbsp;Aryelle Caruzzo, ex-aluna da UEM, e&nbsp;j\u00e1 \u00e9 visto como um polo de dissemina\u00e7\u00e3o do esporte paral\u00edmpico.&nbsp;<\/p>\n\n\n\n<p>Os 18 centros&nbsp;espalhados pelo Brasil&nbsp;fazem parte de um projeto do CPB para descentralizar&nbsp;as a\u00e7\u00f5es na \u00e1rea do esporte paral\u00edmpico desde a inicia\u00e7\u00e3o esportiva at\u00e9 o alto rendimento.<\/p>\n\n\n\n<p>A capacita\u00e7\u00e3o dos professores em Maring\u00e1 ser\u00e1 imprescind\u00edvel para ajudar&nbsp;o munic\u00edpio a construir o Centro de Treinamento Paral\u00edmpico, espa\u00e7o tem tem como objetivo apoiar o desenvolvimento do paradesporto. A estrutura projetada para o&nbsp;Centro C\u00edvico contar\u00e1 com piscina, gin\u00e1sio coberto, equipamentos de atletismo, salas t\u00e9cnicas, salas de capacita\u00e7\u00e3o, \u00e1rea de conviv\u00eancia, entre outros espa\u00e7os. O investimento&nbsp;ser\u00e1 de cerca de R$ 7 milh\u00f5es.<\/p>\n\n\n\n<p>Segundo Aryelle,&nbsp;Maring\u00e1 vive um processo inclusivo para tornar a cidade uma refer\u00eancia paradesportiva. &#8220;\u00c9 uma cidade inteligente e intuitiva, certamente abrir\u00e1 este caminho para todo o Pa\u00eds\u201d, afirmou.&nbsp;<\/p>\n\n\n\n<p><strong>MAPEAMENTO&nbsp;<\/strong>\u2013&nbsp;Para que as a\u00e7\u00f5es voltadas \u00e0s pessoas com defici\u00eancia (PCD\u2019s) sejam organizadas de forma mais assertiva, o munic\u00edpio vai permitir o mapeamento da popula\u00e7\u00e3o com defici\u00eancia residente na cidade, por meio de um projeto da Ger\u00eancia de Esportes de Rendimento e Coordenadoria dos Esportes Paral\u00edmpico, vinculada \u00e0 Secretaria de Esportes e Lazer de Maring\u00e1.<\/p>\n\n\n\n<p>Para participar do mapeamento, o interessado pode preencher um formul\u00e1rio online, entrar em contato com a Secretaria Municipal do Esportes e Lazer pelo telefone (44) 3220-5764 ou redes sociais (@esportelazermaringa no Instagram), solicitando um formul\u00e1rio impresso.<\/p>\n\n\n\n<p>As secretarias municipais da Educa\u00e7\u00e3o, Assist\u00eancia Social e da Sa\u00fade foram convidadas a participar&nbsp;do levantamento para poder alcan\u00e7ar ainda mais o p\u00fablico-alvo. Conhecendo e identificando as pessoas com defici\u00eancias, ser\u00e1 poss\u00edvel planejar as a\u00e7\u00f5es esportivas voltada ao atendimento delas.<\/p>\n\n\n\n<p><strong>INCUBADORA&nbsp;<\/strong>\u2013 Coordenador do Pr\u00f3-Esporte,&nbsp;programa da UEM na \u00e1rea de promo\u00e7\u00e3o e desenvolvimento esportivo, o professor Giuliano Pimentel lembra&nbsp;que a escolha da universidade para ser o Centro de Refer\u00eancia Paral\u00edmpico Brasileiro&nbsp;\u00e9 fruto de um trabalho de anos. Os professores que passaram pelo programa projetaram diferentes atletas ou equipes, tendo a UEM como uma incubadora para o alto rendimento paral\u00edmpico.<\/p>\n\n\n\n<p>O Departamento de Educa\u00e7\u00e3o F\u00edsica (DEF), por exemplo, j\u00e1 reserva hor\u00e1rios para que os atletas fa\u00e7am os treinos. Conforme o professor, as instala\u00e7\u00f5es\u00a0abrigaram at\u00e9 as g\u00eameas D\u00e9bora e a Beatriz Carneiro, medalhistas nos Jogos Paral\u00edmpicos de T\u00f3quio.\u00a0Ainda segundo ele, projetos de extens\u00e3o e pesquisa na \u00e1rea, inclusive tecnol\u00f3gica, v\u00e3o gerar novos conhecimentos e tornar\u00a0o Brasil uma refer\u00eancia paral\u00edmpica ainda maior.<\/p>\n\n\n\n<p>AEN<\/p>\n","protected":false},"excerpt":{"rendered":"<p>Por meio do Centro de Refer\u00eancia Paral\u00edmpico Brasileiro de Maring\u00e1, a Universidade Estadual de Maring\u00e1 (UEM) vai ajudar a&nbsp;prefeitura da cidade na capacita\u00e7\u00e3o dos professores das secretarias de Esportes e Lazer e de Educa\u00e7\u00e3o que ir\u00e3o trabalhar na forma\u00e7\u00e3o de atletas com defici\u00eancia.&nbsp; Fruto de um conv\u00eanio entre o Comit\u00ea Paral\u00edmpico Brasileiro (CPB) e a [&hellip;]<\/p>\n","protected":false},"author":2,"featured_media":34821,"comment_status":"open","ping_status":"open","sticky":false,"template":"","format":"standard","meta":{"advanced_seo_description":"","jetpack_seo_html_title":"","jetpack_seo_noindex":false,"_jetpack_memberships_contains_paid_content":false,"footnotes":""},"categories":[37],"tags":[],"class_list":{"0":"post-34820","1":"post","2":"type-post","3":"status-publish","4":"format-standard","5":"has-post-thumbnail","7":"category-esporte"},"jetpack_featured_media_url":"https:\/\/www.paranapraia.com.br\/wp-content\/uploads\/2021\/09\/news_interna_cadeira_de_rodas.jpeg","jetpack_sharing_enabled":true,"_links":{"self":[{"href":"https:\/\/www.paranapraia.com.br\/index.php\/wp-json\/wp\/v2\/posts\/34820"}],"collection":[{"href":"https:\/\/www.paranapraia.com.br\/index.php\/wp-json\/wp\/v2\/posts"}],"about":[{"href":"https:\/\/www.paranapraia.com.br\/index.php\/wp-json\/wp\/v2\/types\/post"}],"author":[{"embeddable":true,"href":"https:\/\/www.paranapraia.com.br\/index.php\/wp-json\/wp\/v2\/users\/2"}],"replies":[{"embeddable":true,"href":"https:\/\/www.paranapraia.com.br\/index.php\/wp-json\/wp\/v2\/comments?post=34820"}],"version-history":[{"count":1,"href":"https:\/\/www.paranapraia.com.br\/index.php\/wp-json\/wp\/v2\/posts\/34820\/revisions"}],"predecessor-version":[{"id":34822,"href":"https:\/\/www.paranapraia.com.br\/index.php\/wp-json\/wp\/v2\/posts\/34820\/revisions\/34822"}],"wp:featuredmedia":[{"embeddable":true,"href":"https:\/\/www.paranapraia.com.br\/index.php\/wp-json\/wp\/v2\/media\/34821"}],"wp:attachment":[{"href":"https:\/\/www.paranapraia.com.br\/index.php\/wp-json\/wp\/v2\/media?parent=34820"}],"wp:term":[{"taxonomy":"category","embeddable":true,"href":"https:\/\/www.paranapraia.com.br\/index.php\/wp-json\/wp\/v2\/categories?post=34820"},{"taxonomy":"post_tag","embeddable":true,"href":"https:\/\/www.paranapraia.com.br\/index.php\/wp-json\/wp\/v2\/tags?post=34820"}],"curies":[{"name":"wp","href":"https:\/\/api.w.org\/{rel}","templated":true}]}}