{"id":34817,"date":"2021-09-28T13:54:39","date_gmt":"2021-09-28T16:54:39","guid":{"rendered":"https:\/\/www.paranapraia.com.br\/?p=34817"},"modified":"2021-09-28T13:54:41","modified_gmt":"2021-09-28T16:54:41","slug":"carreta-do-odontosesc-vai-atender-pacientes-em-pontal-do-parana","status":"publish","type":"post","link":"https:\/\/www.paranapraia.com.br\/index.php\/2021\/09\/28\/carreta-do-odontosesc-vai-atender-pacientes-em-pontal-do-parana\/","title":{"rendered":"Carreta do OdontoSesc vai atender pacientes em Pontal do Paran\u00e1"},"content":{"rendered":"\n<p>O Projeto OdontoSesc chegar\u00e1 ainda esta semana em Pontal do Paran\u00e1 para atender aquele cidad\u00e3o que j\u00e1 \u00e9 atendido nas Unidades B\u00e1sicas de Sa\u00fade (UBS). Os pacientes far\u00e3o diversos tipos de tratamento dent\u00e1rio, dentre eles, extra\u00e7\u00e3o, limpeza com fl\u00faor, tratamento de c\u00e1ries entre outros. &nbsp;&nbsp;&nbsp;<\/p>\n\n\n\n<p>Este projeto do Sesc tem o objetivo de levar atendimento odontol\u00f3gico e pessoas de baixa renda e oferta estes servi\u00e7os em parceria com os munic\u00edpios atrav\u00e9s da Secretaria Municipal de Sa\u00fade.<\/p>\n\n\n\n<p>Cada unidade m\u00f3vel possui 14 metros de comprimento, 2,5 de largura e 4,5 de altura e possuem quatro equipamentos odontol\u00f3gicos com cadeira, unidade auxiliar (broca, seringas de ar e de \u00e1gua), cuspideira, instrumental de exame cl\u00ednico (pin\u00e7a, sonda, espelho), sugadores. Aparelho de<br>Raio-X; Sala de esteriliza\u00e7\u00e3o.<\/p>\n\n\n\n<p>Para os pacientes que aguardar\u00e3o atendimento, ter\u00e1 uma sala de espera que fica ao lado de fora da carreta com uma tenda montada para receber o p\u00fablico. Os pacientes n\u00e3o s\u00f3 aguardam atendimento, mas participam de oficinas educativas, assistem v\u00eddeos e aprendem maneiras efetivas de prevenir doen\u00e7as.<\/p>\n\n\n\n<p>Depois fazer um cadastro na cl\u00ednica m\u00f3vel, os pacientes escovam os dentes. Nestes espa\u00e7os que s\u00e3o os Escov\u00f3dromos, eles aprendem a fazer a limpeza correta da boca e usar o fio dental. Esta \u00e9 a melhor maneira de evitar c\u00e1ries e outras doen\u00e7as.<\/p>\n\n\n\n<p>A carreta ficar\u00e1 em Pontal do Paran\u00e1 entre os dias 1\u00ba de outubro e 20 de dezembro.<\/p>\n\n\n\n<p>Rafaela Takiguchi<\/p>\n","protected":false},"excerpt":{"rendered":"<p>O Projeto OdontoSesc chegar\u00e1 ainda esta semana em Pontal do Paran\u00e1 para atender aquele cidad\u00e3o que j\u00e1 \u00e9 atendido nas Unidades B\u00e1sicas de Sa\u00fade (UBS). Os pacientes far\u00e3o diversos tipos de tratamento dent\u00e1rio, dentre eles, extra\u00e7\u00e3o, limpeza com fl\u00faor, tratamento de c\u00e1ries entre outros. &nbsp;&nbsp;&nbsp; Este projeto do Sesc tem o objetivo de levar atendimento [&hellip;]<\/p>\n","protected":false},"author":2,"featured_media":34818,"comment_status":"open","ping_status":"open","sticky":false,"template":"","format":"standard","meta":{"advanced_seo_description":"","jetpack_seo_html_title":"","jetpack_seo_noindex":false,"_jetpack_memberships_contains_paid_content":false,"footnotes":""},"categories":[40],"tags":[],"class_list":{"0":"post-34817","1":"post","2":"type-post","3":"status-publish","4":"format-standard","5":"has-post-thumbnail","7":"category-destaques"},"jetpack_featured_media_url":"https:\/\/www.paranapraia.com.br\/wp-content\/uploads\/2021\/09\/gd_280921114327_photo5084975609423178153_jpg.jpg","jetpack_sharing_enabled":true,"_links":{"self":[{"href":"https:\/\/www.paranapraia.com.br\/index.php\/wp-json\/wp\/v2\/posts\/34817"}],"collection":[{"href":"https:\/\/www.paranapraia.com.br\/index.php\/wp-json\/wp\/v2\/posts"}],"about":[{"href":"https:\/\/www.paranapraia.com.br\/index.php\/wp-json\/wp\/v2\/types\/post"}],"author":[{"embeddable":true,"href":"https:\/\/www.paranapraia.com.br\/index.php\/wp-json\/wp\/v2\/users\/2"}],"replies":[{"embeddable":true,"href":"https:\/\/www.paranapraia.com.br\/index.php\/wp-json\/wp\/v2\/comments?post=34817"}],"version-history":[{"count":1,"href":"https:\/\/www.paranapraia.com.br\/index.php\/wp-json\/wp\/v2\/posts\/34817\/revisions"}],"predecessor-version":[{"id":34819,"href":"https:\/\/www.paranapraia.com.br\/index.php\/wp-json\/wp\/v2\/posts\/34817\/revisions\/34819"}],"wp:featuredmedia":[{"embeddable":true,"href":"https:\/\/www.paranapraia.com.br\/index.php\/wp-json\/wp\/v2\/media\/34818"}],"wp:attachment":[{"href":"https:\/\/www.paranapraia.com.br\/index.php\/wp-json\/wp\/v2\/media?parent=34817"}],"wp:term":[{"taxonomy":"category","embeddable":true,"href":"https:\/\/www.paranapraia.com.br\/index.php\/wp-json\/wp\/v2\/categories?post=34817"},{"taxonomy":"post_tag","embeddable":true,"href":"https:\/\/www.paranapraia.com.br\/index.php\/wp-json\/wp\/v2\/tags?post=34817"}],"curies":[{"name":"wp","href":"https:\/\/api.w.org\/{rel}","templated":true}]}}