{"id":34791,"date":"2021-09-28T09:48:42","date_gmt":"2021-09-28T12:48:42","guid":{"rendered":"https:\/\/www.paranapraia.com.br\/?p=34791"},"modified":"2021-09-28T09:48:43","modified_gmt":"2021-09-28T12:48:43","slug":"gestores-de-cadeias-e-coordenadores-do-depen-discutem-adequacao-das-carceragens","status":"publish","type":"post","link":"https:\/\/www.paranapraia.com.br\/index.php\/2021\/09\/28\/gestores-de-cadeias-e-coordenadores-do-depen-discutem-adequacao-das-carceragens\/","title":{"rendered":"Gestores de cadeias e coordenadores do Depen discutem adequa\u00e7\u00e3o das carceragens"},"content":{"rendered":"\n<p>O Departamento Penitenci\u00e1rio do Paran\u00e1 (Depen) realizou um encontro com os gestores de cadeias p\u00fablicas e coordenadores regionais do \u00f3rg\u00e3o de todo o Estado. A reuni\u00e3o aconteceu em Curitiba&nbsp;e um dos temas discutidos foi a readequa\u00e7\u00e3o das novas carceragens, recentemente transferidas \u00e0 gest\u00e3o do Depen, por meio de decreto estadual.<\/p>\n\n\n\n<p>\u201cEsse \u00e9 um momento importante, principalmente para os gestores de cadeia. Al\u00e9m de abrir espa\u00e7o para o alinhamento do trabalho, a iniciativa tem por objetivo oferecer treinamento e valorizar esses profissionais\u201d, explicou o vice-diretor do Depen, Luiz Francisco da Silveira.<\/p>\n\n\n\n<p>Ap\u00f3s o decreto n\u00ba 8784\/2021, o Depen assumiu a gest\u00e3o plena do sistema prisional no Estado. Carceragens que eram administradas pela Pol\u00edcia Civil foram transferidas definitivamente para o Departamento Penitenci\u00e1rio, que agora far\u00e1 a readequa\u00e7\u00e3o desses espa\u00e7os. Os gestores de cadeia ser\u00e3o respons\u00e1veis por adequar as novas carceragens aos&nbsp;procedimentos da Lei de Execu\u00e7\u00e3o Penal.<\/p>\n\n\n\n<p>\u201cNossa inten\u00e7\u00e3o \u00e9 trabalhar a integra\u00e7\u00e3o desses novos espa\u00e7os \u00e0s unidades penais j\u00e1 existentes. Para isso, o Depen aplicar\u00e1 mais recursos na organiza\u00e7\u00e3o, implanta\u00e7\u00e3o de servi\u00e7os e treinamento de pessoal, para que o atendimento oferecido seja similar ao que ocorre nas penitenci\u00e1rias e cadeias p\u00fablicas\u201d, afirmou Silveira.<\/p>\n\n\n\n<p>Segundo o Assessor de Seguran\u00e7a do Depen, Alisson Andrade, os chefes de cadeia tiveram aulas de protocolos de seguran\u00e7a, tratamento penal e direitos humanos, rotinas administrativas e recursos humanos, no\u00e7\u00f5es em intelig\u00eancia penitenci\u00e1ria, al\u00e9m de uma visita t\u00e9cnica nas cadeias p\u00fablicas de Curitiba e Regi\u00e3o Metropolitana.<\/p>\n\n\n\n<p>\u201cEles puderam acompanhar de perto e ver na pr\u00e1tica o que o Depen fez nas cadeias p\u00fablicas da regi\u00e3o de Curitiba ap\u00f3s assumir a gest\u00e3o plena. Agora queremos que levem esse conhecimento e repliquem o trabalho em todo o Estado\u201d, disse.<\/p>\n\n\n\n<p>\u201cA capacita\u00e7\u00e3o demonstra que a nossa categoria cresce rumo \u00e0&nbsp;profissionaliza\u00e7\u00e3o e ao reconhecimento&nbsp;que h\u00e1 anos estamos buscando e que hoje come\u00e7a a se tornar realidade\u201d, disse o chefe&nbsp;regional de Ponta Grossa, Robilan Andrey Ribeiro.<\/p>\n\n\n\n<p><strong>REGIONALIZA\u00c7\u00c3O&nbsp;<\/strong>\u2013 O encontro com os coordenadores regionais debateu, al\u00e9m das novas carceragens, o planejamento da Opera\u00e7\u00e3o Ver\u00e3o e o retorno das visitas presenciais, que deve ocorrer nos pr\u00f3ximos meses.<\/p>\n\n\n\n<p>O Depen realizou ainda, a concess\u00e3o simb\u00f3lica dos novos uniformes que ser\u00e3o entregues para todos os servidores do sistema prisional do Estado. Cada chefe de cadeia e coordenador regional, recebeu um lote de uniforme completo. O restante do material deve ser distribu\u00eddo nos pr\u00f3ximos dias.<\/p>\n\n\n\n<p>AEN<\/p>\n","protected":false},"excerpt":{"rendered":"<p>O Departamento Penitenci\u00e1rio do Paran\u00e1 (Depen) realizou um encontro com os gestores de cadeias p\u00fablicas e coordenadores regionais do \u00f3rg\u00e3o de todo o Estado. A reuni\u00e3o aconteceu em Curitiba&nbsp;e um dos temas discutidos foi a readequa\u00e7\u00e3o das novas carceragens, recentemente transferidas \u00e0 gest\u00e3o do Depen, por meio de decreto estadual. \u201cEsse \u00e9 um momento importante, [&hellip;]<\/p>\n","protected":false},"author":2,"featured_media":34792,"comment_status":"open","ping_status":"open","sticky":false,"template":"","format":"standard","meta":{"advanced_seo_description":"","jetpack_seo_html_title":"","jetpack_seo_noindex":false,"_jetpack_memberships_contains_paid_content":false,"footnotes":""},"categories":[33],"tags":[],"class_list":{"0":"post-34791","1":"post","2":"type-post","3":"status-publish","4":"format-standard","5":"has-post-thumbnail","7":"category-policia"},"jetpack_featured_media_url":"https:\/\/www.paranapraia.com.br\/wp-content\/uploads\/2021\/09\/news_interna_WhatsApp_Image_20210927_at_17.05.45.jpeg","jetpack_sharing_enabled":true,"_links":{"self":[{"href":"https:\/\/www.paranapraia.com.br\/index.php\/wp-json\/wp\/v2\/posts\/34791"}],"collection":[{"href":"https:\/\/www.paranapraia.com.br\/index.php\/wp-json\/wp\/v2\/posts"}],"about":[{"href":"https:\/\/www.paranapraia.com.br\/index.php\/wp-json\/wp\/v2\/types\/post"}],"author":[{"embeddable":true,"href":"https:\/\/www.paranapraia.com.br\/index.php\/wp-json\/wp\/v2\/users\/2"}],"replies":[{"embeddable":true,"href":"https:\/\/www.paranapraia.com.br\/index.php\/wp-json\/wp\/v2\/comments?post=34791"}],"version-history":[{"count":1,"href":"https:\/\/www.paranapraia.com.br\/index.php\/wp-json\/wp\/v2\/posts\/34791\/revisions"}],"predecessor-version":[{"id":34793,"href":"https:\/\/www.paranapraia.com.br\/index.php\/wp-json\/wp\/v2\/posts\/34791\/revisions\/34793"}],"wp:featuredmedia":[{"embeddable":true,"href":"https:\/\/www.paranapraia.com.br\/index.php\/wp-json\/wp\/v2\/media\/34792"}],"wp:attachment":[{"href":"https:\/\/www.paranapraia.com.br\/index.php\/wp-json\/wp\/v2\/media?parent=34791"}],"wp:term":[{"taxonomy":"category","embeddable":true,"href":"https:\/\/www.paranapraia.com.br\/index.php\/wp-json\/wp\/v2\/categories?post=34791"},{"taxonomy":"post_tag","embeddable":true,"href":"https:\/\/www.paranapraia.com.br\/index.php\/wp-json\/wp\/v2\/tags?post=34791"}],"curies":[{"name":"wp","href":"https:\/\/api.w.org\/{rel}","templated":true}]}}