{"id":34788,"date":"2021-09-28T09:05:22","date_gmt":"2021-09-28T12:05:22","guid":{"rendered":"https:\/\/www.paranapraia.com.br\/?p=34788"},"modified":"2021-09-28T09:05:23","modified_gmt":"2021-09-28T12:05:23","slug":"mutirao-retira-250-quilos-de-lixo-do-rio-nhundiaquara-em-morretes","status":"publish","type":"post","link":"https:\/\/www.paranapraia.com.br\/index.php\/2021\/09\/28\/mutirao-retira-250-quilos-de-lixo-do-rio-nhundiaquara-em-morretes\/","title":{"rendered":"Mutir\u00e3o retira 250 quilos de lixo do Rio Nhundiaquara, em Morretes"},"content":{"rendered":"\n<p>Os empregados da Sanepar participaram nesta segunda-feira (27) do mutir\u00e3o de limpeza do Rio Nhundiaquara&nbsp;em Morretes.&nbsp; De forma volunt\u00e1ria, 50 empregados retiraram cerca de 250 quilos de res\u00edduos das margens do rio.&nbsp;A primeira-dama Luciana Saito Massa participou das atividades&nbsp;em Morretes. O material que pode ser reciclado ser\u00e1 encaminhado para a Associa\u00e7\u00e3o Coletores de Morretes (Acomarem).&nbsp; &nbsp;<\/p>\n\n\n\n<p>A sensibiliza\u00e7\u00e3o dos moradores em rela\u00e7\u00e3o ao uso racional da \u00e1gua, crise h\u00eddrica e descarte irregular de lixo que s\u00e3o grandes poluidores dos rios urbanos integraram as atividades.<\/p>\n\n\n\n<p>A a\u00e7\u00e3o est\u00e1 dentro das a\u00e7\u00f5es da Semana do Voluntariado, que promove uma s\u00e9rie de iniciativas em v\u00e1rias regi\u00f5es do Paran\u00e1. Al\u00e9m de Morretes, que reuniu empregados daquela unidade, de Matinhos e de Guaratuba, foi feita uma a\u00e7\u00e3o em Maring\u00e1. Na cidade-can\u00e7\u00e3o, o evento mobilizou volunt\u00e1rios que participaram de um circuito com cinco atividades ambientais e plantio de 50 mudas de esp\u00e9cies nativas. Das margens do C\u00f3rrego Mandacaru foram retirados sof\u00e1s, colch\u00f5es e centenas de res\u00edduos pl\u00e1sticos.<\/p>\n\n\n\n<p>\u201cA Sanepar \u00e9 uma grande parceira nas a\u00e7\u00f5es sociais.&nbsp;Agradecemos a solidariedade da equipe que tem participado ativamente das a\u00e7\u00f5es de voluntariado em todo Estado\u201d, destacou a primeira-dama Luciana Saito Massa, que participou das atividades&nbsp;em Morretes.<\/p>\n\n\n\n<p>O presidente da Sanepar, Claudio Stabile,&nbsp;destacou o lado solid\u00e1rio dos empregados da empresa. \u201cA solidariedade j\u00e1 faz parte do funcion\u00e1rio. Eles est\u00e3o sempre dispostos a ajudar, principalmente nas quest\u00f5es socioambientais\u201d, disse.<\/p>\n\n\n\n<p>Essas a\u00e7\u00f5es ambientais cumprem tr\u00eas Objetivos de Desenvolvimento Sustent\u00e1vel (ODS): Objetivo 6 &#8211; \u00c1gua Pot\u00e1vel e Saneamento,&nbsp;que \u00e9 assegurar a disponibilidade e gest\u00e3o sustent\u00e1vel da \u00e1gua e saneamento para todas e todos; Objetivo 11&nbsp;&#8211;&nbsp;Cidades e Comunidades Sustent\u00e1veis, tornar as cidades e os assentamentos humanos inclusivos, seguros, resilientes e sustent\u00e1veis; e Objetivo 12 &#8211; Consumo e Produ\u00e7\u00e3o Sustent\u00e1veis, para assegurar padr\u00f5es de produ\u00e7\u00e3o e de consumo sustent\u00e1veis.<\/p>\n\n\n\n<p><strong>NO PARAN\u00c1<\/strong>&nbsp;\u2013 A Semana do Voluntariado no Paran\u00e1 foi criada em 1990, tendo o dia 27 como data alusiva ao Volunt\u00e1rio do Paran\u00e1. Seu objetivo \u00e9 incentivar e multiplicar a\u00e7\u00f5es volunt\u00e1rias por todo territ\u00f3rio paranaense. A iniciativa \u00e9 da Superintend\u00eancia Geral de A\u00e7\u00e3o Solid\u00e1ria (SGAS), do Governo do Estado.<\/p>\n\n\n\n<p>Eventos online e presenciais ser\u00e3o realizados todos os dias da semana em diferentes cidades, com a promo\u00e7\u00e3o de empresas p\u00fablicas estatais e outros \u00f3rg\u00e3os, observando os cuidados relativos \u00e0 pandemia.<\/p>\n\n\n\n<p>AEN<\/p>\n","protected":false},"excerpt":{"rendered":"<p>Os empregados da Sanepar participaram nesta segunda-feira (27) do mutir\u00e3o de limpeza do Rio Nhundiaquara&nbsp;em Morretes.&nbsp; De forma volunt\u00e1ria, 50 empregados retiraram cerca de 250 quilos de res\u00edduos das margens do rio.&nbsp;A primeira-dama Luciana Saito Massa participou das atividades&nbsp;em Morretes. O material que pode ser reciclado ser\u00e1 encaminhado para a Associa\u00e7\u00e3o Coletores de Morretes (Acomarem).&nbsp; [&hellip;]<\/p>\n","protected":false},"author":2,"featured_media":34789,"comment_status":"open","ping_status":"open","sticky":false,"template":"","format":"standard","meta":{"advanced_seo_description":"","jetpack_seo_html_title":"","jetpack_seo_noindex":false,"_jetpack_memberships_contains_paid_content":false,"footnotes":""},"categories":[40],"tags":[],"class_list":{"0":"post-34788","1":"post","2":"type-post","3":"status-publish","4":"format-standard","5":"has-post-thumbnail","7":"category-destaques"},"jetpack_featured_media_url":"https:\/\/www.paranapraia.com.br\/wp-content\/uploads\/2021\/09\/news_interna_20210927__Voluntariado_em_Morretes_324.jpg","jetpack_sharing_enabled":true,"_links":{"self":[{"href":"https:\/\/www.paranapraia.com.br\/index.php\/wp-json\/wp\/v2\/posts\/34788"}],"collection":[{"href":"https:\/\/www.paranapraia.com.br\/index.php\/wp-json\/wp\/v2\/posts"}],"about":[{"href":"https:\/\/www.paranapraia.com.br\/index.php\/wp-json\/wp\/v2\/types\/post"}],"author":[{"embeddable":true,"href":"https:\/\/www.paranapraia.com.br\/index.php\/wp-json\/wp\/v2\/users\/2"}],"replies":[{"embeddable":true,"href":"https:\/\/www.paranapraia.com.br\/index.php\/wp-json\/wp\/v2\/comments?post=34788"}],"version-history":[{"count":1,"href":"https:\/\/www.paranapraia.com.br\/index.php\/wp-json\/wp\/v2\/posts\/34788\/revisions"}],"predecessor-version":[{"id":34790,"href":"https:\/\/www.paranapraia.com.br\/index.php\/wp-json\/wp\/v2\/posts\/34788\/revisions\/34790"}],"wp:featuredmedia":[{"embeddable":true,"href":"https:\/\/www.paranapraia.com.br\/index.php\/wp-json\/wp\/v2\/media\/34789"}],"wp:attachment":[{"href":"https:\/\/www.paranapraia.com.br\/index.php\/wp-json\/wp\/v2\/media?parent=34788"}],"wp:term":[{"taxonomy":"category","embeddable":true,"href":"https:\/\/www.paranapraia.com.br\/index.php\/wp-json\/wp\/v2\/categories?post=34788"},{"taxonomy":"post_tag","embeddable":true,"href":"https:\/\/www.paranapraia.com.br\/index.php\/wp-json\/wp\/v2\/tags?post=34788"}],"curies":[{"name":"wp","href":"https:\/\/api.w.org\/{rel}","templated":true}]}}