{"id":34785,"date":"2021-09-27T16:11:57","date_gmt":"2021-09-27T19:11:57","guid":{"rendered":"https:\/\/www.paranapraia.com.br\/?p=34785"},"modified":"2021-09-27T16:11:58","modified_gmt":"2021-09-27T19:11:58","slug":"linda-evangelista-a-supermodelo-que-ficou-deformada-apos-procedimento-estetico","status":"publish","type":"post","link":"https:\/\/www.paranapraia.com.br\/index.php\/2021\/09\/27\/linda-evangelista-a-supermodelo-que-ficou-deformada-apos-procedimento-estetico\/","title":{"rendered":"Linda Evangelista: a supermodelo que ficou &#8216;deformada&#8217; ap\u00f3s procedimento est\u00e9tico"},"content":{"rendered":"\n<p><strong>A supermodelo canadense Linda Evangelista desabafou nesta quinta-feira (23\/09) em sua conta do Instagram que h\u00e1 cerca de cinco anos se esconde do p\u00fablico porque ficou &#8220;permanentemente deformada&#8221; depois de um procedimento est\u00e9tico para redu\u00e7\u00e3o de gordura.<\/strong><\/p>\n\n\n\n<p>O procedimento n\u00e3o cir\u00fargico pelo qual a modelo passou ganhou popularidade nos \u00faltimos anos e utiliza baixas temperaturas para reduzir os dep\u00f3sitos de gordura em algumas partes do corpo. Entretanto, em vez de a interven\u00e7\u00e3o reduzir as c\u00e9lulas de gordura da modelo, ela as fez aumentar.<\/p>\n\n\n\n<p>&#8220;Deixaram-me, como descreveu a m\u00eddia, &#8216;irreconhec\u00edvel'&#8221;, escreveu a estrela dos anos 90, hoje com 56 anos, aos seus 900 mil seguidores na rede social.<\/p>\n\n\n\n<p>&#8220;Eu desenvolvi uma hiperplasia adiposa paradoxal ou PAH (sigla em ingl\u00eas), um risco do qual eu n\u00e3o fui alertada antes de passar pelos procedimentos. O PAH n\u00e3o apenas destruiu meu sustento, como me colocou em um ciclo de grande depress\u00e3o, profunda tristeza, e nos n\u00edveis mais baixos de autodesprezo. Neste processo, me tornei reclusa.&#8221;<\/p>\n\n\n\n<p>Linda Evangelista afirmou que passou por duas cirurgias para tentar reverter o procedimento est\u00e9tico, mas estas n\u00e3o tiveram sucesso. Ela anunciou tamb\u00e9m ter aberto uma a\u00e7\u00e3o judicial contra a cl\u00ednica que realizou a interven\u00e7\u00e3o.<\/p>\n\n\n\n<p>Procurada, a cl\u00ednica acusada ainda n\u00e3o respondeu a um pedido de posicionamento da BBC.<\/p>\n\n\n\n<p>A modelo se tornou c\u00e9lebre nos anos 90, desfilando nas passarelas mais prestigiadas do mundo e aparecendo na capa de v\u00e1rias edi\u00e7\u00f5es da revista Vogue.<\/p>\n\n\n\n<p>Ele tamb\u00e9m participou de um videoclipe do m\u00fasico George Michael ao lado de suas colegas Naomi Campbell, Cindy Crawford e Christy Turlington.<\/p>\n\n\n\n<p>Estrelas como Gwyneth Paltrow e a estilista Karla Welch expressaram apoio nos coment\u00e1rios do post de Evangelista, assim como os designers Jeremy Scott e Brandon Maxwell.<\/p>\n\n\n\n<p>&#8220;Voc\u00ea \u00e9 e sempre ser\u00e1 uma supermodelo, agora adicionando um supermodelo de coragem&#8221;, escreveu Scott.<\/p>\n\n\n\n<p>Maxwell comentou: &#8220;Eu sempre te reconheci como algu\u00e9m fisicamente bonita, sim, mas mais importante, voc\u00ea verdadeiramente brilhava de dentro. Nos seus momentos mais tenebrosos, que voc\u00ea nunca esque\u00e7a a luz que voc\u00ea irradiou para tantos, e continua.&#8221;<\/p>\n\n\n\n<p>A modelo Karen Elson tamb\u00e9m escreveu na publica\u00e7\u00e3o: &#8220;Doce Linda. Te amo muito, voc\u00ea \u00e9 t\u00e3o corajosa e maravilhosa.&#8221;<\/p>\n\n\n\n<p>BBC<\/p>\n","protected":false},"excerpt":{"rendered":"<p>A supermodelo canadense Linda Evangelista desabafou nesta quinta-feira (23\/09) em sua conta do Instagram que h\u00e1 cerca de cinco anos se esconde do p\u00fablico porque ficou &#8220;permanentemente deformada&#8221; depois de um procedimento est\u00e9tico para redu\u00e7\u00e3o de gordura. O procedimento n\u00e3o cir\u00fargico pelo qual a modelo passou ganhou popularidade nos \u00faltimos anos e utiliza baixas temperaturas [&hellip;]<\/p>\n","protected":false},"author":2,"featured_media":34786,"comment_status":"open","ping_status":"open","sticky":false,"template":"","format":"standard","meta":{"advanced_seo_description":"","jetpack_seo_html_title":"","jetpack_seo_noindex":false,"_jetpack_memberships_contains_paid_content":false,"footnotes":""},"categories":[50],"tags":[],"class_list":{"0":"post-34785","1":"post","2":"type-post","3":"status-publish","4":"format-standard","5":"has-post-thumbnail","7":"category-saude"},"jetpack_featured_media_url":"https:\/\/www.paranapraia.com.br\/wp-content\/uploads\/2021\/09\/120665949_gettyimages-91849388.jpg","jetpack_sharing_enabled":true,"_links":{"self":[{"href":"https:\/\/www.paranapraia.com.br\/index.php\/wp-json\/wp\/v2\/posts\/34785"}],"collection":[{"href":"https:\/\/www.paranapraia.com.br\/index.php\/wp-json\/wp\/v2\/posts"}],"about":[{"href":"https:\/\/www.paranapraia.com.br\/index.php\/wp-json\/wp\/v2\/types\/post"}],"author":[{"embeddable":true,"href":"https:\/\/www.paranapraia.com.br\/index.php\/wp-json\/wp\/v2\/users\/2"}],"replies":[{"embeddable":true,"href":"https:\/\/www.paranapraia.com.br\/index.php\/wp-json\/wp\/v2\/comments?post=34785"}],"version-history":[{"count":1,"href":"https:\/\/www.paranapraia.com.br\/index.php\/wp-json\/wp\/v2\/posts\/34785\/revisions"}],"predecessor-version":[{"id":34787,"href":"https:\/\/www.paranapraia.com.br\/index.php\/wp-json\/wp\/v2\/posts\/34785\/revisions\/34787"}],"wp:featuredmedia":[{"embeddable":true,"href":"https:\/\/www.paranapraia.com.br\/index.php\/wp-json\/wp\/v2\/media\/34786"}],"wp:attachment":[{"href":"https:\/\/www.paranapraia.com.br\/index.php\/wp-json\/wp\/v2\/media?parent=34785"}],"wp:term":[{"taxonomy":"category","embeddable":true,"href":"https:\/\/www.paranapraia.com.br\/index.php\/wp-json\/wp\/v2\/categories?post=34785"},{"taxonomy":"post_tag","embeddable":true,"href":"https:\/\/www.paranapraia.com.br\/index.php\/wp-json\/wp\/v2\/tags?post=34785"}],"curies":[{"name":"wp","href":"https:\/\/api.w.org\/{rel}","templated":true}]}}