{"id":34748,"date":"2021-09-24T11:16:35","date_gmt":"2021-09-24T14:16:35","guid":{"rendered":"https:\/\/www.paranapraia.com.br\/?p=34748"},"modified":"2021-09-24T11:16:36","modified_gmt":"2021-09-24T14:16:36","slug":"95-da-populacao-adulta-ja-recebeu-ao-menos-uma-dose-contra-a-covid-19-no-parana","status":"publish","type":"post","link":"https:\/\/www.paranapraia.com.br\/index.php\/2021\/09\/24\/95-da-populacao-adulta-ja-recebeu-ao-menos-uma-dose-contra-a-covid-19-no-parana\/","title":{"rendered":"95% da popula\u00e7\u00e3o adulta j\u00e1 recebeu ao menos uma dose contra a Covid-19 no Paran\u00e1"},"content":{"rendered":"\n<p>Mais de 8,3 milh\u00f5es de paranaenses j\u00e1 come\u00e7aram sua imuniza\u00e7\u00e3o contra a Covid-19, o equivalente a 95,28% da popula\u00e7\u00e3o adulta imunizada com ao menos uma dose (D1 ou dose \u00fanica). O marco foi ultrapassado nesta sexta-feira (24), mostrando a alta ades\u00e3o do Estado \u00e0 campanha de vacina\u00e7\u00e3o. Foram alvo da campanha 8.308.620 pessoas acima de 18 anos, de um total estimado em 8.720.953 no Estado.<\/p>\n\n\n\n<p>Ao todo, foram 12.828.782 doses aplicadas no Paran\u00e1. Destas, 7.985.790 primeiras doses, 4.499.937 segundas doses, 322.830 doses \u00fanicas e 20.225 doses de refor\u00e7o \u2013 as quais come\u00e7aram a ser aplicadas nessa semana em idosos e pessoas imunossuprimidas.<\/p>\n\n\n\n<p>Al\u00e9m disso, quase 5 milh\u00f5es de paranaenses j\u00e1 est\u00e3o completamente imunizados, seja com a segunda dose ou dose \u00fanica. O n\u00famero \u00e9 de 4.822.767 pessoas protegidas das formas mais graves da doen\u00e7a, o que corresponde a 55,3% dos maiores de 18 anos.<\/p>\n\n\n\n<p>O secret\u00e1rio estadual de Sa\u00fade, Beto Preto, comemorou&nbsp;o avan\u00e7o da vacina\u00e7\u00e3o dentro do prazo previsto pelo calend\u00e1rio estadual. \u201cNossa meta era vacinar 80% dos adultos paranaenses at\u00e9 o final de agosto, o que conclu\u00edmos com duas semanas de anteced\u00eancia, e chegar aos 100% em setembro. \u00c9 com grande alegria que estamos nos aproximando desse objetivo. Grande parte dos munic\u00edpios j\u00e1 conclu\u00edram a chamada por idade e, agora, est\u00e3o realizando uma busca ativa pelos adultos que ainda n\u00e3o come\u00e7aram a imuniza\u00e7\u00e3o\u201d, informa o secret\u00e1rio.<\/p>\n\n\n\n<p><strong>D1 E DOSES \u00daNICAS<\/strong>&nbsp;\u2013 Dos 8,3 milh\u00f5es de imunizados, a maior parte (42,1%) recebeu primeira dose da Covishield, vacina produzida pela Fiocruz\/AstraZeneca\/Oxford. Outros 29,8% receberam doses da Comirnaty, da Pfizer\/BioNTech, e 24,2% da CoronaVac, do Instituto Butantan\/Sinovac. Os demais 3,9% receberam doses \u00fanicas da vacina da Janssen, produzida pela Johnson &amp; Johnson.<\/p>\n\n\n\n<p><strong>MUNIC\u00cdPIOS&nbsp;<\/strong>\u2013 Em n\u00fameros absolutos, o munic\u00edpio que mais possui cidad\u00e3os vacinados com D1 ou DU \u00e9 Curitiba, com 1.422.252 doses aplicadas. A Capital \u00e9 seguida por Londrina (628.380), Maring\u00e1 (586.375), Cascavel (373.545), Ponta Grossa (345.564), S\u00e3o Jos\u00e9 dos Pinhais (318.312), Foz do Igua\u00e7u (300.242), Colombo (246.334), Paranagu\u00e1 (185.434) e Guarapuava (176.650).<\/p>\n\n\n\n<p><strong>ADOLESCENTES\u00a0<\/strong>\u2013 Com o avan\u00e7o da vacina\u00e7\u00e3o nos adultos, o Paran\u00e1 deu in\u00edcio nesta semana na imuniza\u00e7\u00e3o de adolescentes de 12 a 17 anos com comorbidades com a reserva t\u00e9cnica. As primeiras doses do governo federal\u00a0<a rel=\"noreferrer noopener\" href=\"https:\/\/www.aen.pr.gov.br\/modules\/noticias\/article.php?storyid=115410&amp;tit=Ministerio-confirma-99-mil-doses-para-adolescentes-com-comorbidades-lote-chega-na-sexta-\" target=\"_blank\">come\u00e7am a chegar nesta sexta-feira<\/a>, o que deve imprimir mais velocidade tamb\u00e9m nessa faixa et\u00e1ria.<\/p>\n\n\n\n<p>AEN<\/p>\n","protected":false},"excerpt":{"rendered":"<p>Mais de 8,3 milh\u00f5es de paranaenses j\u00e1 come\u00e7aram sua imuniza\u00e7\u00e3o contra a Covid-19, o equivalente a 95,28% da popula\u00e7\u00e3o adulta imunizada com ao menos uma dose (D1 ou dose \u00fanica). O marco foi ultrapassado nesta sexta-feira (24), mostrando a alta ades\u00e3o do Estado \u00e0 campanha de vacina\u00e7\u00e3o. Foram alvo da campanha 8.308.620 pessoas acima de [&hellip;]<\/p>\n","protected":false},"author":2,"featured_media":34749,"comment_status":"open","ping_status":"open","sticky":false,"template":"","format":"standard","meta":{"advanced_seo_description":"","jetpack_seo_html_title":"","jetpack_seo_noindex":false,"_jetpack_memberships_contains_paid_content":false,"footnotes":""},"categories":[50],"tags":[],"class_list":{"0":"post-34748","1":"post","2":"type-post","3":"status-publish","4":"format-standard","5":"has-post-thumbnail","7":"category-saude"},"jetpack_featured_media_url":"https:\/\/www.paranapraia.com.br\/wp-content\/uploads\/2021\/09\/news_interna_vacina_21.jpg","jetpack_sharing_enabled":true,"_links":{"self":[{"href":"https:\/\/www.paranapraia.com.br\/index.php\/wp-json\/wp\/v2\/posts\/34748"}],"collection":[{"href":"https:\/\/www.paranapraia.com.br\/index.php\/wp-json\/wp\/v2\/posts"}],"about":[{"href":"https:\/\/www.paranapraia.com.br\/index.php\/wp-json\/wp\/v2\/types\/post"}],"author":[{"embeddable":true,"href":"https:\/\/www.paranapraia.com.br\/index.php\/wp-json\/wp\/v2\/users\/2"}],"replies":[{"embeddable":true,"href":"https:\/\/www.paranapraia.com.br\/index.php\/wp-json\/wp\/v2\/comments?post=34748"}],"version-history":[{"count":1,"href":"https:\/\/www.paranapraia.com.br\/index.php\/wp-json\/wp\/v2\/posts\/34748\/revisions"}],"predecessor-version":[{"id":34750,"href":"https:\/\/www.paranapraia.com.br\/index.php\/wp-json\/wp\/v2\/posts\/34748\/revisions\/34750"}],"wp:featuredmedia":[{"embeddable":true,"href":"https:\/\/www.paranapraia.com.br\/index.php\/wp-json\/wp\/v2\/media\/34749"}],"wp:attachment":[{"href":"https:\/\/www.paranapraia.com.br\/index.php\/wp-json\/wp\/v2\/media?parent=34748"}],"wp:term":[{"taxonomy":"category","embeddable":true,"href":"https:\/\/www.paranapraia.com.br\/index.php\/wp-json\/wp\/v2\/categories?post=34748"},{"taxonomy":"post_tag","embeddable":true,"href":"https:\/\/www.paranapraia.com.br\/index.php\/wp-json\/wp\/v2\/tags?post=34748"}],"curies":[{"name":"wp","href":"https:\/\/api.w.org\/{rel}","templated":true}]}}