{"id":34745,"date":"2021-09-24T10:22:03","date_gmt":"2021-09-24T13:22:03","guid":{"rendered":"https:\/\/www.paranapraia.com.br\/?p=34745"},"modified":"2021-09-24T10:22:04","modified_gmt":"2021-09-24T13:22:04","slug":"com-novo-cenario-da-pandemia-ensino-presencial-passa-a-ser-prioridade-no-parana","status":"publish","type":"post","link":"https:\/\/www.paranapraia.com.br\/index.php\/2021\/09\/24\/com-novo-cenario-da-pandemia-ensino-presencial-passa-a-ser-prioridade-no-parana\/","title":{"rendered":"Com novo cen\u00e1rio da pandemia, ensino presencial passa a ser prioridade no Paran\u00e1"},"content":{"rendered":"\n<p>A Secretaria de Estado da Sa\u00fade publicou nesta quinta-feira (23) a resolu\u00e7\u00e3o n\u00ba&nbsp;<a href=\"https:\/\/www.aen.pr.gov.br\/arquivos\/2109_Resolucao_SESA_n_860_2021_-_Revoga_a_Res._SESA_735_2021_2-1-18.pdf\" target=\"_blank\" rel=\"noreferrer noopener\">860\/2021<\/a>, que disp\u00f5e sobre novas medidas de preven\u00e7\u00e3o, monitoramento e controle da Covid-19 nas institui\u00e7\u00f5es de ensino p\u00fablicas e privadas do Estado do Paran\u00e1.<\/p>\n\n\n\n<p>A nova resolu\u00e7\u00e3o altera a anterior que regulava a quest\u00e3o (n\u00ba 0735\/2021) e prioriza o retorno presencial \u00e0s atividades de ensino. A garantia da oferta da modalidade online (remota) fica mantida para os estudantes que estiverem em isolamento ou quarentena para Covid-19, bem como para aqueles com comorbidade, ou a crit\u00e9rio m\u00e9dico, sem preju\u00edzo do seu aprendizado.<\/p>\n\n\n\n<p>A capacidade m\u00e1xima dos espa\u00e7os segue com a necessidade de respeitar o distanciamento f\u00edsico de um metro entre as pessoas.<\/p>\n\n\n\n<p>A ado\u00e7\u00e3o e o cumprimento das medidas de preven\u00e7\u00e3o e controle para Covid-19 s\u00e3o de responsabilidade das institui\u00e7\u00f5es de ensino, alunos, pais, colaboradores e todos aqueles que frequentam estes locais.<\/p>\n\n\n\n<p>A altera\u00e7\u00e3o ocorre na semana em que o Paran\u00e1 anunciou o&nbsp;<a href=\"https:\/\/www.aen.pr.gov.br\/modules\/noticias\/article.php?storyid=115351&amp;tit=Parana-anuncia-inicio-da-vacinacao-de-adolescentes-contra-a-Covid-19\" target=\"_blank\" rel=\"noreferrer noopener\">in\u00edcio da imuniza\u00e7\u00e3o em adolescentes<\/a>. Nesta quinta, o Minist\u00e9rio da Sa\u00fade&nbsp;garantiu o&nbsp;<a href=\"https:\/\/www.aen.pr.gov.br\/modules\/noticias\/article.php?storyid=115410&amp;tit=Ministerio-confirma-99-mil-doses-para-adolescentes-com-comorbidades-lote-chega-na-sexta-\" target=\"_blank\" rel=\"noreferrer noopener\">envio de 99.450 doses<\/a>&nbsp;da Pfizer\/Comirnaty ao Paran\u00e1 para a vacina\u00e7\u00e3o de adolescentes com comorbidades e defici\u00eancia permanente. Os imunizantes chegar\u00e3o em dois voos no final da tarde desta sexta-feira (24).<\/p>\n\n\n\n<p>O cen\u00e1rio da pandemia tamb\u00e9m \u00e9 outro, com ocupa\u00e7\u00e3o est\u00e1vel de leitos de UTI e enfermaria e queda na m\u00e9dia m\u00f3vel de casos (55%) e \u00f3bitos (45%).<\/p>\n\n\n\n<p><strong>REDE ESTADUAL<\/strong>&nbsp;\u2013 Com a nova resolu\u00e7\u00e3o, a Rede Estadual de Ensino ir\u00e1 atender os estudantes essencialmente de forma presencial, encerrando as aulas online (por Meet), que s\u00f3 ser\u00e3o mantidas para os casos elencados na Resolu\u00e7\u00e3o:&nbsp;alunos com comorbidade, a crit\u00e9rio m\u00e9dico ou que estejam em isolamento.<\/p>\n\n\n\n<p>Outra exce\u00e7\u00e3o que est\u00e1 mantida para a modalidade remota s\u00e3o turmas em col\u00e9gios onde existe o revezamento pela necessidade do distanciamento. Ou seja, optar pelo ensino remoto n\u00e3o ser\u00e1 mais uma op\u00e7\u00e3o dos respons\u00e1veis pelas crian\u00e7as e adolescentes.<\/p>\n\n\n\n<p>De acordo com a Secretaria de Estado da Educa\u00e7\u00e3o e do Esporte, as escolas da rede p\u00fablica v\u00e3o ter uma semana para se adaptarem \u00e0 nova determina\u00e7\u00e3o e informarem aos pais e respons\u00e1veis que ainda est\u00e3o com os filhos em casa. Atualmente, mais da metade da rede de pouco mais de um milh\u00e3o de alunos j\u00e1 frequenta presencialmente as aulas.<\/p>\n\n\n\n<p>As demais medidas essenciais do protocolo de biosseguran\u00e7a continuam v\u00e1lidas para toda a rede, como vem acontecendo desde o retorno presencial gradual, em maio: obrigatoriedade do uso de m\u00e1scaras;\u00a0ado\u00e7\u00e3o do distanciamento f\u00edsico entre pessoas;\u00a0n\u00e3o compartilhamento de objetos e utens\u00edlios pessoais; a\u00a0limpeza e desinfec\u00e7\u00e3o do ambiente e superf\u00edcies, entre outros.<\/p>\n\n\n\n<p>AEN<\/p>\n","protected":false},"excerpt":{"rendered":"<p>A Secretaria de Estado da Sa\u00fade publicou nesta quinta-feira (23) a resolu\u00e7\u00e3o n\u00ba&nbsp;860\/2021, que disp\u00f5e sobre novas medidas de preven\u00e7\u00e3o, monitoramento e controle da Covid-19 nas institui\u00e7\u00f5es de ensino p\u00fablicas e privadas do Estado do Paran\u00e1. A nova resolu\u00e7\u00e3o altera a anterior que regulava a quest\u00e3o (n\u00ba 0735\/2021) e prioriza o retorno presencial \u00e0s atividades [&hellip;]<\/p>\n","protected":false},"author":2,"featured_media":34746,"comment_status":"open","ping_status":"open","sticky":false,"template":"","format":"standard","meta":{"advanced_seo_description":"","jetpack_seo_html_title":"","jetpack_seo_noindex":false,"_jetpack_memberships_contains_paid_content":false,"footnotes":""},"categories":[40],"tags":[],"class_list":{"0":"post-34745","1":"post","2":"type-post","3":"status-publish","4":"format-standard","5":"has-post-thumbnail","7":"category-destaques"},"jetpack_featured_media_url":"https:\/\/www.paranapraia.com.br\/wp-content\/uploads\/2021\/09\/news_interna_aa-1.jpg","jetpack_sharing_enabled":true,"_links":{"self":[{"href":"https:\/\/www.paranapraia.com.br\/index.php\/wp-json\/wp\/v2\/posts\/34745"}],"collection":[{"href":"https:\/\/www.paranapraia.com.br\/index.php\/wp-json\/wp\/v2\/posts"}],"about":[{"href":"https:\/\/www.paranapraia.com.br\/index.php\/wp-json\/wp\/v2\/types\/post"}],"author":[{"embeddable":true,"href":"https:\/\/www.paranapraia.com.br\/index.php\/wp-json\/wp\/v2\/users\/2"}],"replies":[{"embeddable":true,"href":"https:\/\/www.paranapraia.com.br\/index.php\/wp-json\/wp\/v2\/comments?post=34745"}],"version-history":[{"count":1,"href":"https:\/\/www.paranapraia.com.br\/index.php\/wp-json\/wp\/v2\/posts\/34745\/revisions"}],"predecessor-version":[{"id":34747,"href":"https:\/\/www.paranapraia.com.br\/index.php\/wp-json\/wp\/v2\/posts\/34745\/revisions\/34747"}],"wp:featuredmedia":[{"embeddable":true,"href":"https:\/\/www.paranapraia.com.br\/index.php\/wp-json\/wp\/v2\/media\/34746"}],"wp:attachment":[{"href":"https:\/\/www.paranapraia.com.br\/index.php\/wp-json\/wp\/v2\/media?parent=34745"}],"wp:term":[{"taxonomy":"category","embeddable":true,"href":"https:\/\/www.paranapraia.com.br\/index.php\/wp-json\/wp\/v2\/categories?post=34745"},{"taxonomy":"post_tag","embeddable":true,"href":"https:\/\/www.paranapraia.com.br\/index.php\/wp-json\/wp\/v2\/tags?post=34745"}],"curies":[{"name":"wp","href":"https:\/\/api.w.org\/{rel}","templated":true}]}}