{"id":3470,"date":"2019-03-30T10:02:49","date_gmt":"2019-03-30T13:02:49","guid":{"rendered":"https:\/\/www.paranapraia.com.br\/?p=3470"},"modified":"2019-03-30T10:02:50","modified_gmt":"2019-03-30T13:02:50","slug":"ufpr-adota-novas-medidas-de-seguranca-no-campus-jardim-botanico","status":"publish","type":"post","link":"https:\/\/www.paranapraia.com.br\/index.php\/2019\/03\/30\/ufpr-adota-novas-medidas-de-seguranca-no-campus-jardim-botanico\/","title":{"rendered":"UFPR adota novas medidas de seguran\u00e7a no Campus Jardim Bot\u00e2nico"},"content":{"rendered":"\n<p>Pr\u00f3-reitores, superintendente e estudantes da Universidade Federal do Paran\u00e1 (UFPR) se reuniram na noite desta quarta-feira (27) para discutir a seguran\u00e7a no Campus Jardim Bot\u00e2nico. Novas medidas foram definidas conjuntamente e ser\u00e3o adotadas, como modifica\u00e7\u00e3o das rotas dos vigilantes motorizados, coloca\u00e7\u00e3o de l\u00e2mpadas de led e poda de \u00e1rvores para melhorar a ilumina\u00e7\u00e3o e instala\u00e7\u00e3o de alarmes nos centros acad\u00eamicos. Os locais e as a\u00e7\u00f5es tamb\u00e9m foram determinadas a partir de pesquisa feita com estudantes do Campus.<\/p>\n\n\n\n<p>Participaram da reuni\u00e3o a pr\u00f3-reitora de Assuntos Estudantis da UFPR, Maria Rita de Assis C\u00e9sar; o pr\u00f3-reitor de Administra\u00e7\u00e3o da Universidade, Marco Antonio Ribas Cavalieri; o superintendente de Infraestrutura da UFPR, S\u00e9rgio Michelotto Braga; representantes de 11 centros acad\u00eamicos (CAs) do Campus, do Diret\u00f3rio Central dos Estudantes (DCE) e do Coletivo Feminista Daysi.<\/p>\n\n\n\n<p>Foram discutidas quest\u00f5es de seguran\u00e7a em geral no Campus Jardim Bot\u00e2nico e os arrombamentos nos centros acad\u00eamicos, que passar\u00e3o a ter alarmes que j\u00e1 est\u00e3o sendo providenciados pela Pr\u00f3-reitoria de Administra\u00e7\u00e3o (PRA) e pela Pr\u00f3-reitoria de Planejamento, Or\u00e7amento e Finan\u00e7as (Proplan), com instala\u00e7\u00e3o da Superintend\u00eancia de Infraestrutura (Suinfra). A pr\u00f3-reitora de Assuntos Estudantis da UFPR, Maria Rita, acrescenta que analisou-se que os arrombamentos foram feitos em centros acad\u00eamicos que guardavam dinheiro em suas depend\u00eancias. \u201cFoi solicitado que os CAs evitem esta pr\u00e1tica, pois pode incentivar novas ocorr\u00eancias\u201d, salientou a pr\u00f3-reitora, que ao final ainda disse que a seguran\u00e7a \u00e9 uma a\u00e7\u00e3o colaborativa para o benef\u00edcio de todos.<\/p>\n\n\n\n<p><strong>As novas mudan\u00e7as de seguran\u00e7a ser\u00e3o estendidas aos demais campi da UFPR<\/strong><\/p>\n\n\n\n<p>Uma pesquisa para verificar a percep\u00e7\u00e3o dos estudantes em rela\u00e7\u00e3o \u00e0 seguran\u00e7a do Campus foi feita pelo DCE em parceria com os centros acad\u00eamicos e com a PRA. Um question\u00e1rio foi disponibilizado online durante 10 dias, desde a semana passada, e foi respondido por 745 alunos de diferentes \u00e1reas, como Sa\u00fade, Ci\u00eancias Sociais Aplicadas, Engenharia Florestal e Educa\u00e7\u00e3o F\u00edsica. Os estudantes indicaram pontos que consideram ser vulner\u00e1veis \u2013 os locais ter\u00e3o as novas medidas de seguran\u00e7a implantadas.<\/p>\n\n\n\n<p>Para o secret\u00e1rio-geral do DCE da UFPR, Matteus Henrique de Oliveira, o papel do estudante tamb\u00e9m \u00e9 ajudar a formular pol\u00edticas de seguran\u00e7a. \u201cOs alunos precisam compreender que fazem parte da Universidade, que todos devem colaborar, n\u00e3o \u00e9 uma quest\u00e3o apenas de levar os problemas, mas repensar rotinas e propor pol\u00edticas e a\u00e7\u00f5es de seguran\u00e7a conjuntamente com a Administra\u00e7\u00e3o. Conseguimos levantar e enfrentar problemas e \u00e9 importante que esse canal de comunica\u00e7\u00e3o permane\u00e7a\u201d, considera o estudante de Direito da UFPR.<\/p>\n\n\n\n<p>A pr\u00f3-reitora Maria Rita avalia que a reuni\u00e3o foi fundamental, porque quando se aborda seguran\u00e7a \u00e9 preciso tratar coletivamente. \u201cAs tomadas de decis\u00e3o precisam ser junto aos estudantes. Trata-se de uma amplia\u00e7\u00e3o da pol\u00edtica de seguran\u00e7a com a colabora\u00e7\u00e3o efetiva dos alunos, inclusive sobre o compartilhamento de dados reais, que demonstram que a UFPR n\u00e3o \u00e9 um espa\u00e7o inseguro, embora p\u00fablico e aberto. Por isso mesmo, todos n\u00f3s precisamos verificar nossas rotinas e buscar formas para minimizar as oportunidades para que novas ocorr\u00eancias aconte\u00e7am\u201d, afirma.<\/p>\n\n\n\n<p>A PRA refor\u00e7a a import\u00e2ncia de que as ocorr\u00eancias sejam registradas formalmente, via canais internos e boletim de ocorr\u00eancia, para que seja poss\u00edvel \u00e0 institui\u00e7\u00e3o tomar ci\u00eancia dos casos e agir. Os contatos para notifica\u00e7\u00e3o das ocorr\u00eancias na PRA podem ser feitas pelos contatos pra@ufpr.br ou (41) 99176-1341.<\/p>\n\n\n\n<p>O pr\u00f3-reitor de Administra\u00e7\u00e3o da Universidade, Marco Antonio Ribas Cavalieri, ressalta que \u00e9 muito importante saber onde a comunidade percebe brechas de seguran\u00e7a para agir com precis\u00e3o nesses lugares. \u201c\u00c9 sabendo o que est\u00e1 de fato acontecendo que podemos atuar com mais assertividade nas a\u00e7\u00f5es como a modifica\u00e7\u00e3o de rotas, a melhoria na ilumina\u00e7\u00e3o e outras formas e a\u00e7\u00f5es poss\u00edveis. A seguran\u00e7a de todos n\u00f3s como um processo de constru\u00e7\u00e3o coletiva implica isso. Essa informa\u00e7\u00e3o precisa circular\u201d.<\/p>\n\n\n\n<p>Bem Paran\u00e1<\/p>\n","protected":false},"excerpt":{"rendered":"<p>Pr\u00f3-reitores, superintendente e estudantes da Universidade Federal do Paran\u00e1 (UFPR) se reuniram na noite desta quarta-feira (27) para discutir a seguran\u00e7a no Campus Jardim Bot\u00e2nico. Novas medidas foram definidas conjuntamente e ser\u00e3o adotadas, como modifica\u00e7\u00e3o das rotas dos vigilantes motorizados, coloca\u00e7\u00e3o de l\u00e2mpadas de led e poda de \u00e1rvores para melhorar a ilumina\u00e7\u00e3o e instala\u00e7\u00e3o [&hellip;]<\/p>\n","protected":false},"author":2,"featured_media":3471,"comment_status":"open","ping_status":"open","sticky":false,"template":"","format":"standard","meta":{"advanced_seo_description":"","jetpack_seo_html_title":"","jetpack_seo_noindex":false,"_jetpack_memberships_contains_paid_content":false,"footnotes":""},"categories":[43],"tags":[],"class_list":{"0":"post-3470","1":"post","2":"type-post","3":"status-publish","4":"format-standard","5":"has-post-thumbnail","7":"category-cotidiano"},"jetpack_featured_media_url":"https:\/\/www.paranapraia.com.br\/wp-content\/uploads\/2019\/03\/uf.jpg","jetpack_sharing_enabled":true,"_links":{"self":[{"href":"https:\/\/www.paranapraia.com.br\/index.php\/wp-json\/wp\/v2\/posts\/3470"}],"collection":[{"href":"https:\/\/www.paranapraia.com.br\/index.php\/wp-json\/wp\/v2\/posts"}],"about":[{"href":"https:\/\/www.paranapraia.com.br\/index.php\/wp-json\/wp\/v2\/types\/post"}],"author":[{"embeddable":true,"href":"https:\/\/www.paranapraia.com.br\/index.php\/wp-json\/wp\/v2\/users\/2"}],"replies":[{"embeddable":true,"href":"https:\/\/www.paranapraia.com.br\/index.php\/wp-json\/wp\/v2\/comments?post=3470"}],"version-history":[{"count":1,"href":"https:\/\/www.paranapraia.com.br\/index.php\/wp-json\/wp\/v2\/posts\/3470\/revisions"}],"predecessor-version":[{"id":3472,"href":"https:\/\/www.paranapraia.com.br\/index.php\/wp-json\/wp\/v2\/posts\/3470\/revisions\/3472"}],"wp:featuredmedia":[{"embeddable":true,"href":"https:\/\/www.paranapraia.com.br\/index.php\/wp-json\/wp\/v2\/media\/3471"}],"wp:attachment":[{"href":"https:\/\/www.paranapraia.com.br\/index.php\/wp-json\/wp\/v2\/media?parent=3470"}],"wp:term":[{"taxonomy":"category","embeddable":true,"href":"https:\/\/www.paranapraia.com.br\/index.php\/wp-json\/wp\/v2\/categories?post=3470"},{"taxonomy":"post_tag","embeddable":true,"href":"https:\/\/www.paranapraia.com.br\/index.php\/wp-json\/wp\/v2\/tags?post=3470"}],"curies":[{"name":"wp","href":"https:\/\/api.w.org\/{rel}","templated":true}]}}