{"id":34669,"date":"2021-09-21T11:18:41","date_gmt":"2021-09-21T14:18:41","guid":{"rendered":"https:\/\/www.paranapraia.com.br\/?p=34669"},"modified":"2021-09-21T11:18:42","modified_gmt":"2021-09-21T14:18:42","slug":"parana-anuncia-inicio-da-vacinacao-de-adolescentes-com-comorbidades","status":"publish","type":"post","link":"https:\/\/www.paranapraia.com.br\/index.php\/2021\/09\/21\/parana-anuncia-inicio-da-vacinacao-de-adolescentes-com-comorbidades\/","title":{"rendered":"Paran\u00e1 anuncia in\u00edcio da vacina\u00e7\u00e3o de adolescentes com comorbidades"},"content":{"rendered":"\n<p>O Paran\u00e1 vai come\u00e7ar a vacinar adolescentes de&nbsp;12 a 17 anos com comorbidades e jovens de 17 anos&nbsp;sem comorbidades. A defini\u00e7\u00e3o aconteceu nesta ter\u00e7a-feira (21) em reuni\u00e3o da Secretaria de Estado da Sa\u00fade com&nbsp;o Conselho de Secretarias Municipais de Sa\u00fade do Paran\u00e1 (Cosems\/PR) e a Associa\u00e7\u00e3o dos Munic\u00edpios do Paran\u00e1 (AMP).<\/p>\n\n\n\n<p>Segundo a normativa, a campanha para aqueles com alguma comorbidade acontecer\u00e1&nbsp;em ordem decrescente, e levando em considera\u00e7\u00e3o&nbsp;defici\u00eancias permanentes, gestantes e pu\u00e9rperas, ind\u00edgenas e privados de liberdade.<\/p>\n\n\n\n<p>Os munic\u00edpios devem utilizar doses remanescentes da reserva t\u00e9cnica, exclusivamente do imunizante Pfizer\/BioNTech, considerando que n\u00e3o houve, ainda, repasse de doses destinadas para este p\u00fablico por parte do Minist\u00e9rio da Sa\u00fade. \u00c9 a \u00fanica vacina autorizada pela Ag\u00eancia Nacional de Vigil\u00e2ncia Sanit\u00e1ria (Anvisa). A orienta\u00e7\u00e3o ainda ser\u00e1 deliberada na Comiss\u00e3o Intergestores Bipartite (CIB) nesta quarta-feira (22), com previs\u00e3o de in\u00edcio efetivo na quinta (23).<\/p>\n\n\n\n<p>O an\u00fancio formal foi feito pelo governador Carlos Massa Ratinho Junior. &#8220;Toda a campanha de vacina\u00e7\u00e3o est\u00e1 sendo constru\u00edda com base no&nbsp;di\u00e1logo no Paran\u00e1. Agora, vamos come\u00e7ar a vacina\u00e7\u00e3o nos adolescentes com comorbidades e a partir da semana que vem naqueles sem comorbidades de 17 anos&#8221;, disse. &#8220;A vacina\u00e7\u00e3o tem demonstrado que \u00e9 a grande arma contra a pandemia. E a ades\u00e3o tem sido muito alta no Paran\u00e1. Com os adultos vacinados, estamos partindo para os adolescentes&#8221;.<\/p>\n\n\n\n<p>\u201cEste \u00e9 o primeiro passo que estamos dando para iniciar a imuniza\u00e7\u00e3o deste p\u00fablico que j\u00e1 est\u00e1 amparado pelo Plano Nacional de Imuniza\u00e7\u00f5es \u2013 PNI. Os munic\u00edpios sinalizaram que existe a possibilidade deste avan\u00e7o e agora esperamos em conjunto, que o Minist\u00e9rio da Sa\u00fade reveja essa posi\u00e7\u00e3o e que todos possamos avan\u00e7ar na vacina\u00e7\u00e3o tamb\u00e9m, dos adolescentes em geral\u201d, acrescentou o secret\u00e1rio de Estado da Sa\u00fade, Beto Preto.<\/p>\n\n\n\n<p><strong>17 ANOS<\/strong>&nbsp;\u2013 Na reuni\u00e3o, as entidades tamb\u00e9m acordaram a pr\u00f3xima ter\u00e7a-feira (28) marcar\u00e1 o in\u00edcio&nbsp;da vacina\u00e7\u00e3o de adolescentes, exclusivamente de 17 anos, sem comorbidades. O andamento&nbsp;para as demais faixas et\u00e1rias ser\u00e1 viabilizado desde que o Minist\u00e9rio da Sa\u00fade reavalie o posicionamento e inclua a imuniza\u00e7\u00e3o deste p\u00fablico sem condi\u00e7\u00f5es pr\u00e9-existentes&nbsp;no PNI.&nbsp;<\/p>\n\n\n\n<p>\u201cVamos oficiar o Minist\u00e9rio da Sa\u00fade para que envie vacinas para este p\u00fablico. \u00c9 importante reiterarmos que o Paran\u00e1 quer vacinar toda a popula\u00e7\u00e3o de forma indistinta e apoia, baseado nos mais diversos estudos e conhecimentos cient\u00edficos, a imuniza\u00e7\u00e3o de todos os adolescentes\u201d, refor\u00e7ou o secret\u00e1rio.&nbsp;<\/p>\n\n\n\n<p>O presidente do Cosems\/PR e secret\u00e1rio municipal de Mangueirinha, Ivoliciano Leonarchik, disse h\u00e1 um&nbsp;pedido para que os 399 munic\u00edpios cumpram a recomenda\u00e7\u00e3o estadual. \u201cPedimos que os gestores sigam essa orienta\u00e7\u00e3o e n\u00e3o tomem decis\u00f5es isoladas, visto que fizemos uma ampla discuss\u00e3o e oportunizamos essa pactua\u00e7\u00e3o tamb\u00e9m com os pequenos munic\u00edpios. Desde o in\u00edcio da pandemia temos trabalhado desta forma e devemos continuar caminhar juntos\u201d, afirmou.<\/p>\n\n\n\n<p>A secret\u00e1ria Municipal de Sa\u00fade de Curitiba, M\u00e1rcia Hu\u00e7ulak, tamb\u00e9m esteve presente na reuni\u00e3o.&nbsp;\u201cOs munic\u00edpios fizeram um bom trabalho durante a campanha, n\u00e3o perdendo doses e sempre mantendo a primeira e segunda dose dentro do cronograma. Agora discutimos que poder\u00edamos dispor dessas doses remanescentes da reserva t\u00e9cnica e iniciar a imuniza\u00e7\u00e3o deste grupo\u201d, afirmou.<\/p>\n\n\n\n<p><strong>REPESCAGEM&nbsp;<\/strong>\u2013 Tamb\u00e9m foi definido que os munic\u00edpios que ainda n\u00e3o terminaram a vacina\u00e7\u00e3o da popula\u00e7\u00e3o adulta (acima de 18 anos)&nbsp;devem aplicar preferencialmente o imunizante da CoronaVac como primeira e segunda dose, uma vez que o Estado recebeu os imunizantes e tem a garantia do fechamento do esquema vacinal.<\/p>\n\n\n\n<figure class=\"wp-block-image\"><img decoding=\"async\" src=\"https:\/\/www.aen.pr.gov.br\/modules\/galeria\/uploads\/68992\/DSC_6493.jpg\" alt=\"\"\/><figcaption>A defini\u00e7\u00e3o aconteceu nesta ter\u00e7a-feira (21) em reuni\u00e3o da Secretaria de Estado da Sa\u00fade com&nbsp;o Conselho de Secretarias Municipais de Sa\u00fade do Paran\u00e1 (Cosems\/PR) e a Associa\u00e7\u00e3o dos Munic\u00edpios do Paran\u00e1 (AMP). Foto: Am\u00e9rico Ant\u00f4nio\/SESA<\/figcaption><\/figure>\n\n\n\n<p><strong>PRESEN\u00c7AS&nbsp;<\/strong>\u2013 Participaram da reuni\u00e3o a diretoria do Cosems\/PR, o presidente da AMP e prefeito de Jesu\u00edtas, Jos\u00e9 Aparecido Weiller J\u00fanior, al\u00e9m de demais gestores municipais.<\/p>\n\n\n\n<p><strong>Confira a\u00a0<a rel=\"noreferrer noopener\" href=\"https:\/\/www.aen.pr.gov.br\/arquivos\/2109Nota_Publica_-_Vacinacao_de_adolescentes_1.pdf\" target=\"_blank\">NOTA P\u00daBLICA<\/a>\u00a0da pactua\u00e7\u00e3o sobre vacina\u00e7\u00e3o em adolescentes.<\/strong><\/p>\n\n\n\n<p>AEN<\/p>\n","protected":false},"excerpt":{"rendered":"<p>O Paran\u00e1 vai come\u00e7ar a vacinar adolescentes de&nbsp;12 a 17 anos com comorbidades e jovens de 17 anos&nbsp;sem comorbidades. A defini\u00e7\u00e3o aconteceu nesta ter\u00e7a-feira (21) em reuni\u00e3o da Secretaria de Estado da Sa\u00fade com&nbsp;o Conselho de Secretarias Municipais de Sa\u00fade do Paran\u00e1 (Cosems\/PR) e a Associa\u00e7\u00e3o dos Munic\u00edpios do Paran\u00e1 (AMP). Segundo a normativa, a [&hellip;]<\/p>\n","protected":false},"author":2,"featured_media":34670,"comment_status":"open","ping_status":"open","sticky":false,"template":"","format":"standard","meta":{"advanced_seo_description":"","jetpack_seo_html_title":"","jetpack_seo_noindex":false,"_jetpack_memberships_contains_paid_content":false,"footnotes":""},"categories":[50],"tags":[],"class_list":{"0":"post-34669","1":"post","2":"type-post","3":"status-publish","4":"format-standard","5":"has-post-thumbnail","7":"category-saude"},"jetpack_featured_media_url":"https:\/\/www.paranapraia.com.br\/wp-content\/uploads\/2021\/09\/news_interna_PSX_20210504_112446.jpg","jetpack_sharing_enabled":true,"_links":{"self":[{"href":"https:\/\/www.paranapraia.com.br\/index.php\/wp-json\/wp\/v2\/posts\/34669"}],"collection":[{"href":"https:\/\/www.paranapraia.com.br\/index.php\/wp-json\/wp\/v2\/posts"}],"about":[{"href":"https:\/\/www.paranapraia.com.br\/index.php\/wp-json\/wp\/v2\/types\/post"}],"author":[{"embeddable":true,"href":"https:\/\/www.paranapraia.com.br\/index.php\/wp-json\/wp\/v2\/users\/2"}],"replies":[{"embeddable":true,"href":"https:\/\/www.paranapraia.com.br\/index.php\/wp-json\/wp\/v2\/comments?post=34669"}],"version-history":[{"count":1,"href":"https:\/\/www.paranapraia.com.br\/index.php\/wp-json\/wp\/v2\/posts\/34669\/revisions"}],"predecessor-version":[{"id":34671,"href":"https:\/\/www.paranapraia.com.br\/index.php\/wp-json\/wp\/v2\/posts\/34669\/revisions\/34671"}],"wp:featuredmedia":[{"embeddable":true,"href":"https:\/\/www.paranapraia.com.br\/index.php\/wp-json\/wp\/v2\/media\/34670"}],"wp:attachment":[{"href":"https:\/\/www.paranapraia.com.br\/index.php\/wp-json\/wp\/v2\/media?parent=34669"}],"wp:term":[{"taxonomy":"category","embeddable":true,"href":"https:\/\/www.paranapraia.com.br\/index.php\/wp-json\/wp\/v2\/categories?post=34669"},{"taxonomy":"post_tag","embeddable":true,"href":"https:\/\/www.paranapraia.com.br\/index.php\/wp-json\/wp\/v2\/tags?post=34669"}],"curies":[{"name":"wp","href":"https:\/\/api.w.org\/{rel}","templated":true}]}}