{"id":34666,"date":"2021-09-21T11:16:17","date_gmt":"2021-09-21T14:16:17","guid":{"rendered":"https:\/\/www.paranapraia.com.br\/?p=34666"},"modified":"2021-09-21T11:16:18","modified_gmt":"2021-09-21T14:16:18","slug":"primavera-deve-ter-variacoes-bruscas-de-temperatura-e-chuvas-abaixo-da-media","status":"publish","type":"post","link":"https:\/\/www.paranapraia.com.br\/index.php\/2021\/09\/21\/primavera-deve-ter-variacoes-bruscas-de-temperatura-e-chuvas-abaixo-da-media\/","title":{"rendered":"Primavera deve ter varia\u00e7\u00f5es bruscas de temperatura e chuvas abaixo da m\u00e9dia"},"content":{"rendered":"\n<p>A primavera come\u00e7a \u00e0s 16h21 desta quarta-feira (22).&nbsp;Segundo a previs\u00e3o do Sistema de Tecnologia e Monitoramento Ambiental do Paran\u00e1 (Simepar), o primeiro dia da esta\u00e7\u00e3o ser\u00e1 parcialmente nublado nas regi\u00f5es Oeste, Noroeste, Norte, Norte Pioneiro, Sul, Sudoeste, Litoral e Regi\u00e3o Metropolitana de Curitiba. As temperaturas devem variar entre 6\u00baC em Agudos do Sul, Pi\u00ean e Rio Negro e 33\u00baC em Umuarama. Nas \u00e1reas pr\u00f3ximas da divisa com Santa Catarina, nos Campos Gerais, no Litoral e na Capital, as temperaturas m\u00e1ximas ficam entre 17\u00baC e 20\u00baC.<\/p>\n\n\n\n<p>\u201cPara os pr\u00f3ximos meses est\u00e3o previstas varia\u00e7\u00f5es bruscas da temperatura do ar em curtos per\u00edodos devido \u00e0 passagem de frentes frias sobre o Paran\u00e1\u201d, afirma o meteorologista do Simepar, Reinaldo Kneib.<\/p>\n\n\n\n<p>De modo geral, nos per\u00edodos secos, o r\u00e1pido aquecimento diurno formar\u00e1 ondas de calor, sobretudo nas faixas Norte e Oeste. Al\u00e9m disso, massas de ar frio e sistemas de precipita\u00e7\u00e3o deslocando-se lentamente nas proximidades da Costa Sul do Brasil manter\u00e3o as temperaturas amenas na Regi\u00e3o Leste, entre Curitiba e as praias.<\/p>\n\n\n\n<p>No Litoral, a temperatura m\u00e9dia do ar e o regime de chuvas seguir\u00e3o os padr\u00f5es climatol\u00f3gicos da esta\u00e7\u00e3o. Nas demais regi\u00f5es, a temperatura m\u00e9dia do ar tende a ficar entre pr\u00f3xima e acima da m\u00e9dia. J\u00e1 as chuvas devem manter-se abaixo da normal climatol\u00f3gica.<\/p>\n\n\n\n<p><strong>LA NI\u00d1A<\/strong>&nbsp;\u2013 O conjunto dos modelos clim\u00e1ticos indica a probabilidade elevada de ocorr\u00eancia do fen\u00f4meno La Ni\u00f1a nas \u00e1guas do Oceano Pac\u00edfico Equatorial ao longo da primavera. O resfriamento da temperatura da superf\u00edcie das \u00e1guas altera os padr\u00f5es globais de chuvas e temperaturas.<\/p>\n\n\n\n<p>O meteorologista observa que o aumento gradual do volume de chuvas e das temperaturas m\u00e9dias s\u00e3o pr\u00f3prios da esta\u00e7\u00e3o: \u201cAglomerados de nuvens de tempestade denominados Sistemas Convectivos de Mesoescala (SCM) costumam formar-se na regi\u00e3o do Paraguai ou no pr\u00f3prio territ\u00f3rio paranaense\u201d, explica.<\/p>\n\n\n\n<p>Os maiores valores de temperaturas m\u00ednimas e m\u00e1ximas ocorrem habitualmente nas regi\u00f5es Oeste, Sudoeste, Norte e no Litoral. J\u00e1 as chuvas s\u00e3o causadas pelas frentes frias e\/ou quentes e outros sistemas de curta dura\u00e7\u00e3o que se desenvolvem em fun\u00e7\u00e3o das altas temperaturas e da maior quantidade de umidade no ar no Estado e em \u00e1reas pr\u00f3ximas, como Paraguai, norte da Argentina e estados vizinhos.<\/p>\n\n\n\n<p>Por ser uma esta\u00e7\u00e3o de transi\u00e7\u00e3o entre os regimes clim\u00e1ticos do inverno e do ver\u00e3o, a primavera favorece eventos meteorol\u00f3gicos severos como fortes rajadas de ventos, granizo, chuvas volumosas e grande quantidade de raios, que s\u00f3 podem ser detectados em curto prazo.<\/p>\n\n\n\n<p>O Simepar faz o monitoramento sistem\u00e1tico das condi\u00e7\u00f5es do tempo e emite alertas com anteced\u00eancia de poucas horas, possibilitando a ado\u00e7\u00e3o de medidas de preven\u00e7\u00e3o e mitiga\u00e7\u00e3o dos efeitos na sociedade. Para receber esses alertas no celular, os interessados podem cadastrar-se na Defesa Civil Estadual enviando uma mensagem para o telefone 40199 com o n\u00famero do seu CEP (C\u00f3digo de Endere\u00e7amento Postal).<\/p>\n\n\n\n<p><strong>AGROMETEOROLOGIA&nbsp;<\/strong>\u2013 A agrometeorologista do Instituto de Desenvolvimento Rural do Paran\u00e1-Iapar-Emater (IDR-PR), Heverly Morais, alerta para os impactos da crise h\u00eddrica e dos eventos meteorol\u00f3gicos extremos sobre a agricultura e a pecu\u00e1ria no contexto das altas temperaturas previstas para a primavera.<\/p>\n\n\n\n<p>\u201cAs grandes culturas como soja, milho e feij\u00e3o podem sofrer atraso na semeadura, germina\u00e7\u00e3o desuniforme da lavoura, crescimento inadequado das plantas e mau desenvolvimento dos gr\u00e3os\u201d, afirma. Ela recomenda ao produtor escalonar a semeadura em talh\u00f5es com cultivares de ciclos diferentes, manter o equil\u00edbrio nutricional das plantas, utilizar sementes de boa qualidade, bem como n\u00e3o empregar popula\u00e7\u00e3o de organismos superior \u00e0 indicada.<\/p>\n\n\n\n<p>Para melhorar a estrutura do solo e o armazenamento da \u00e1gua no sistema, Heverly sugere o cultivo e a incorpora\u00e7\u00e3o de plantas de cobertura em sistema de plantio direto. \u201cEssa t\u00e9cnica melhora os atributos f\u00edsicos e qu\u00edmicos do solo, favorece o aumento de infiltra\u00e7\u00e3o da \u00e1gua, aprofunda as ra\u00edzes da cultura, reduz a temperatura e a evapora\u00e7\u00e3o do solo e mant\u00e9m a \u00e1gua dispon\u00edvel para as plantas em per\u00edodos de estiagem fraca e moderada\u201d, explica a pesquisadora.<\/p>\n\n\n\n<p>Culturas como caf\u00e9, cana-de-a\u00e7\u00facar, mandioca e frut\u00edferas correm alto risco de serem prejudicadas pela m\u00e1 distribui\u00e7\u00e3o das chuvas ao longo da esta\u00e7\u00e3o. Al\u00e9m disso, as altas temperaturas podem afetar as hortali\u00e7as, sobretudo as folhosas. As oler\u00edcolas precisar\u00e3o de muita \u00e1gua de irriga\u00e7\u00e3o \u2013 um desafio diante dos baixos n\u00edveis dos mananciais como rios, riachos, lagos e nascentes.<\/p>\n\n\n\n<p><strong>Veja a tabela dos valores das m\u00e9dias mensais hist\u00f3ricas da faixa de varia\u00e7\u00e3o da chuva, temperaturas m\u00ednimas e m\u00e1ximas por regi\u00e3o do Paran\u00e1, nos meses de outubro, novembro e dezembro:<\/strong><\/p>\n\n\n\n<figure class=\"wp-block-image\"><img decoding=\"async\" src=\"https:\/\/www.aen.pr.gov.br\/modules\/galeria\/uploads\/68986\/tabela2.jpg\" alt=\"\"\/><figcaption>Foto: SIMEPAR<\/figcaption><\/figure>\n\n\n\n<p>AEN<\/p>\n","protected":false},"excerpt":{"rendered":"<p>A primavera come\u00e7a \u00e0s 16h21 desta quarta-feira (22).&nbsp;Segundo a previs\u00e3o do Sistema de Tecnologia e Monitoramento Ambiental do Paran\u00e1 (Simepar), o primeiro dia da esta\u00e7\u00e3o ser\u00e1 parcialmente nublado nas regi\u00f5es Oeste, Noroeste, Norte, Norte Pioneiro, Sul, Sudoeste, Litoral e Regi\u00e3o Metropolitana de Curitiba. As temperaturas devem variar entre 6\u00baC em Agudos do Sul, Pi\u00ean e [&hellip;]<\/p>\n","protected":false},"author":2,"featured_media":34667,"comment_status":"open","ping_status":"open","sticky":false,"template":"","format":"standard","meta":{"advanced_seo_description":"","jetpack_seo_html_title":"","jetpack_seo_noindex":false,"_jetpack_memberships_contains_paid_content":false,"footnotes":""},"categories":[40],"tags":[],"class_list":{"0":"post-34666","1":"post","2":"type-post","3":"status-publish","4":"format-standard","5":"has-post-thumbnail","7":"category-destaques"},"jetpack_featured_media_url":"https:\/\/www.paranapraia.com.br\/wp-content\/uploads\/2021\/09\/news_interna_IMG_4951.jpg","jetpack_sharing_enabled":true,"_links":{"self":[{"href":"https:\/\/www.paranapraia.com.br\/index.php\/wp-json\/wp\/v2\/posts\/34666"}],"collection":[{"href":"https:\/\/www.paranapraia.com.br\/index.php\/wp-json\/wp\/v2\/posts"}],"about":[{"href":"https:\/\/www.paranapraia.com.br\/index.php\/wp-json\/wp\/v2\/types\/post"}],"author":[{"embeddable":true,"href":"https:\/\/www.paranapraia.com.br\/index.php\/wp-json\/wp\/v2\/users\/2"}],"replies":[{"embeddable":true,"href":"https:\/\/www.paranapraia.com.br\/index.php\/wp-json\/wp\/v2\/comments?post=34666"}],"version-history":[{"count":1,"href":"https:\/\/www.paranapraia.com.br\/index.php\/wp-json\/wp\/v2\/posts\/34666\/revisions"}],"predecessor-version":[{"id":34668,"href":"https:\/\/www.paranapraia.com.br\/index.php\/wp-json\/wp\/v2\/posts\/34666\/revisions\/34668"}],"wp:featuredmedia":[{"embeddable":true,"href":"https:\/\/www.paranapraia.com.br\/index.php\/wp-json\/wp\/v2\/media\/34667"}],"wp:attachment":[{"href":"https:\/\/www.paranapraia.com.br\/index.php\/wp-json\/wp\/v2\/media?parent=34666"}],"wp:term":[{"taxonomy":"category","embeddable":true,"href":"https:\/\/www.paranapraia.com.br\/index.php\/wp-json\/wp\/v2\/categories?post=34666"},{"taxonomy":"post_tag","embeddable":true,"href":"https:\/\/www.paranapraia.com.br\/index.php\/wp-json\/wp\/v2\/tags?post=34666"}],"curies":[{"name":"wp","href":"https:\/\/api.w.org\/{rel}","templated":true}]}}