{"id":34663,"date":"2021-09-21T10:06:07","date_gmt":"2021-09-21T13:06:07","guid":{"rendered":"https:\/\/www.paranapraia.com.br\/?p=34663"},"modified":"2021-09-21T10:06:08","modified_gmt":"2021-09-21T13:06:08","slug":"atletas-pontalenses-de-taekwondo-obtem-excelentes-resultados-com-medalhas-em-campeonato-paranaense","status":"publish","type":"post","link":"https:\/\/www.paranapraia.com.br\/index.php\/2021\/09\/21\/atletas-pontalenses-de-taekwondo-obtem-excelentes-resultados-com-medalhas-em-campeonato-paranaense\/","title":{"rendered":"Atletas pontalenses de taekwondo obt\u00e9m excelentes resultados com medalhas em campeonato Paranaense"},"content":{"rendered":"\n<p>Atletas de Pontal do Paran\u00e1 participam de campeonato Paranaense de Taekwondo 2021 que aconteceu em Matinhos neste \u00faltimo final de semana. O secret\u00e1rio municipal de Esporte, Lazer e Juventude Jo\u00e3o Carlos Marcon participou do evento.<\/p>\n\n\n\n<p>O evento aconteceu na Arena Vicente Gurski e trouxe medalhas para Pontal do Paran\u00e1 e classifica\u00e7\u00e3o nacional.<\/p>\n\n\n\n<p>Participaram atletas da Liga Tae Kombat, Equipe Machado TKD &nbsp;e a escolinha de taekwondo (projeto municipal) chamado Pontal do Paran\u00e1 Taekwondo.<\/p>\n\n\n\n<p>Classifica\u00e7\u00e3o<\/p>\n\n\n\n<p>Da liga Kombat<\/p>\n\n\n\n<p>1\u00b0 lugar Pedro Henrique de Lima Carvalho -59kg juvenil faixa preta<\/p>\n\n\n\n<p>3\u00b0lugar Kailani Merisio da Silva -73kg sub 21 faixa preta<\/p>\n\n\n\n<p>Estes dois atletas foram classificados para o super campeonato brasileiro.<\/p>\n\n\n\n<p>Jessica Caroline Machado, vice-campe\u00e3o categoria +73kg Faixa preta -Classificada para o Brasileiro no Rio de Janeiro no m\u00eas de novembro.<\/p>\n\n\n\n<p>Jaqueline Aparecida de Oliveira, vice-campe\u00e3 na categoria 53kg faixa preta, tamb\u00e9m classificada para o Brasileiro no Rio de Janeiro.<\/p>\n\n\n\n<p>Kailany Victoria Scarrabotto, vice-campe\u00e3 categoria 49 kg faixa azul escuro a ponta Preta<\/p>\n\n\n\n<p>Diego Batista dos Santos campe\u00e3o na categoria master 1 colorida.<\/p>\n\n\n\n<p>Renata Fernandes dos Santos 1\u00ba lugar classificada para o brasileiro na categoria at\u00e9 53 kg.<\/p>\n\n\n\n<p>Roberth Alves Maranh\u00e3o 1\u00ba lugar juvenil branca at\u00e9&nbsp; 63 Kg.<\/p>\n\n\n\n<p>De acordo com Loeci Leandro Santos, \u00e9 uma grande satisfa\u00e7\u00e3o ver os atletas pontalenses brilhando nos campeonatos e se classificando para campeonatos nacionais. Leandro, conhecido por todos os atletas, fica emocionado em falar sobre o campeonato. \u201cTodos estes atletas eu treinei e hoje muitos j\u00e1 s\u00e3o tamb\u00e9m professores. Para mim \u00e9 muito gratificante porque eu acordo e durmo com o taekwondo na cabe\u00e7a\u201d.<\/p>\n\n\n\n<p>O mestre Leandro disse ainda que o taekwondo \u00e9 sua vida. \u201cO taekwondo \u00e9 a minha vida. O esporte \u00e9 permanente o tempo todo. Eu parabenizo todos os atletas e t\u00e9cnicos por esta conquista\u201d. Definiu.<\/p>\n\n\n\n<p>Cinco destes atletas de taekwondo foram contemplados com o aux\u00edlio atleta para ajuda de custos.<\/p>\n\n\n\n<p>Assessoria<\/p>\n","protected":false},"excerpt":{"rendered":"<p>Atletas de Pontal do Paran\u00e1 participam de campeonato Paranaense de Taekwondo 2021 que aconteceu em Matinhos neste \u00faltimo final de semana. O secret\u00e1rio municipal de Esporte, Lazer e Juventude Jo\u00e3o Carlos Marcon participou do evento. O evento aconteceu na Arena Vicente Gurski e trouxe medalhas para Pontal do Paran\u00e1 e classifica\u00e7\u00e3o nacional. Participaram atletas da [&hellip;]<\/p>\n","protected":false},"author":2,"featured_media":34664,"comment_status":"open","ping_status":"open","sticky":false,"template":"","format":"standard","meta":{"advanced_seo_description":"","jetpack_seo_html_title":"","jetpack_seo_noindex":false,"_jetpack_memberships_contains_paid_content":false,"footnotes":""},"categories":[37],"tags":[],"class_list":{"0":"post-34663","1":"post","2":"type-post","3":"status-publish","4":"format-standard","5":"has-post-thumbnail","7":"category-esporte"},"jetpack_featured_media_url":"https:\/\/www.paranapraia.com.br\/wp-content\/uploads\/2021\/09\/gd_200921165712_whatsapp_image_20210920_at_13_07_00_jpeg.jpeg","jetpack_sharing_enabled":true,"_links":{"self":[{"href":"https:\/\/www.paranapraia.com.br\/index.php\/wp-json\/wp\/v2\/posts\/34663"}],"collection":[{"href":"https:\/\/www.paranapraia.com.br\/index.php\/wp-json\/wp\/v2\/posts"}],"about":[{"href":"https:\/\/www.paranapraia.com.br\/index.php\/wp-json\/wp\/v2\/types\/post"}],"author":[{"embeddable":true,"href":"https:\/\/www.paranapraia.com.br\/index.php\/wp-json\/wp\/v2\/users\/2"}],"replies":[{"embeddable":true,"href":"https:\/\/www.paranapraia.com.br\/index.php\/wp-json\/wp\/v2\/comments?post=34663"}],"version-history":[{"count":1,"href":"https:\/\/www.paranapraia.com.br\/index.php\/wp-json\/wp\/v2\/posts\/34663\/revisions"}],"predecessor-version":[{"id":34665,"href":"https:\/\/www.paranapraia.com.br\/index.php\/wp-json\/wp\/v2\/posts\/34663\/revisions\/34665"}],"wp:featuredmedia":[{"embeddable":true,"href":"https:\/\/www.paranapraia.com.br\/index.php\/wp-json\/wp\/v2\/media\/34664"}],"wp:attachment":[{"href":"https:\/\/www.paranapraia.com.br\/index.php\/wp-json\/wp\/v2\/media?parent=34663"}],"wp:term":[{"taxonomy":"category","embeddable":true,"href":"https:\/\/www.paranapraia.com.br\/index.php\/wp-json\/wp\/v2\/categories?post=34663"},{"taxonomy":"post_tag","embeddable":true,"href":"https:\/\/www.paranapraia.com.br\/index.php\/wp-json\/wp\/v2\/tags?post=34663"}],"curies":[{"name":"wp","href":"https:\/\/api.w.org\/{rel}","templated":true}]}}