{"id":34660,"date":"2021-09-21T09:50:50","date_gmt":"2021-09-21T12:50:50","guid":{"rendered":"https:\/\/www.paranapraia.com.br\/?p=34660"},"modified":"2021-09-21T09:50:51","modified_gmt":"2021-09-21T12:50:51","slug":"parana-divulga-convocacao-para-os-jogos-escolares-brasileiros","status":"publish","type":"post","link":"https:\/\/www.paranapraia.com.br\/index.php\/2021\/09\/21\/parana-divulga-convocacao-para-os-jogos-escolares-brasileiros\/","title":{"rendered":"Paran\u00e1 divulga convoca\u00e7\u00e3o para os Jogos Escolares Brasileiros"},"content":{"rendered":"\n<p>A delega\u00e7\u00e3o do Paran\u00e1 j\u00e1 est\u00e1 definida para os Jogos Escolares Brasileiros (JEBS). O Governo do Paran\u00e1, por meio da Superintend\u00eancia Geral de Esporte, juntamente com a&nbsp;Federa\u00e7\u00e3o do Desporto Escolar do Paran\u00e1 (FDE-PR), divulgou na noite desta segunda-feira (20)&nbsp;a lista dos atletas e t\u00e9cnicos que representar\u00e3o o Estado em 17 modalidades entre 29 de outubro e 05 de novembro no Rio de Janeiro.<\/p>\n\n\n\n<p>Os JEBS s\u00e3o realizados pela Confedera\u00e7\u00e3o Brasileira de Desporto Escolar (CBDE) e o Minist\u00e9rio da Cidadania, por meio da Secretaria Especial do Esporte, que&nbsp;custeia todos os gastos para a etapa nacional (transporte, hospedagem e alimenta\u00e7\u00e3o).<\/p>\n\n\n\n<p>A etapa estadual foi realizada entre agosto e in\u00edcio de setembro pelo Governo do Paran\u00e1 com apoio da FDE-PR e dos munic\u00edpios. A partir dela chegou-se ao filtro final, que re\u00fane&nbsp;215 atletas na delega\u00e7\u00e3o.&nbsp;Cerca de 40 t\u00e9cnicos e auxiliares t\u00e9cnicos acompanhar\u00e3o os estudantes paranaenses no desafio.<\/p>\n\n\n\n<p>Entre as modalidades est\u00e3o&nbsp;atletismo, basquetebol, badminton, ciclismo, futsal, gin\u00e1stica r\u00edtmica e art\u00edstica, handebol, jud\u00f4, karat\u00ea, nata\u00e7\u00e3o, taekwondo, t\u00eanis de mesa, voleibol, v\u00f4lei de praia, wrestling e xadrez.<\/p>\n\n\n\n<p><strong>JEBS&nbsp;<\/strong>\u2013 Os JEBS&nbsp;de 2021 reunir\u00e3o mais de sete mil atletas de todos os estados no Parque Ol\u00edmpico do Rio de Janeiro. Parte das competi\u00e7\u00f5es servir\u00e1 como seletiva&nbsp;para os Jogos Sul-Americanos Escolares, que tamb\u00e9m ser\u00e3o realizados no Brasil.&nbsp;<\/p>\n\n\n\n<p><strong>Confira a lista de convocados\u00a0<a rel=\"noreferrer noopener\" href=\"https:\/\/www.esporte.pr.gov.br\/sites\/default\/arquivos_restritos\/files\/documento\/2021-09\/convocacao_jebs.pdf\" target=\"_blank\">AQUI<\/a>.<\/strong><\/p>\n\n\n\n<p>AEN<\/p>\n","protected":false},"excerpt":{"rendered":"<p>A delega\u00e7\u00e3o do Paran\u00e1 j\u00e1 est\u00e1 definida para os Jogos Escolares Brasileiros (JEBS). O Governo do Paran\u00e1, por meio da Superintend\u00eancia Geral de Esporte, juntamente com a&nbsp;Federa\u00e7\u00e3o do Desporto Escolar do Paran\u00e1 (FDE-PR), divulgou na noite desta segunda-feira (20)&nbsp;a lista dos atletas e t\u00e9cnicos que representar\u00e3o o Estado em 17 modalidades entre 29 de outubro [&hellip;]<\/p>\n","protected":false},"author":2,"featured_media":34661,"comment_status":"open","ping_status":"open","sticky":false,"template":"","format":"standard","meta":{"advanced_seo_description":"","jetpack_seo_html_title":"","jetpack_seo_noindex":false,"_jetpack_memberships_contains_paid_content":false,"footnotes":""},"categories":[40],"tags":[],"class_list":{"0":"post-34660","1":"post","2":"type-post","3":"status-publish","4":"format-standard","5":"has-post-thumbnail","7":"category-destaques"},"jetpack_featured_media_url":"https:\/\/www.paranapraia.com.br\/wp-content\/uploads\/2021\/09\/news_interna_61490a3abf401whatsapp_image_20210920_at_19.09.18.jpeg","jetpack_sharing_enabled":true,"_links":{"self":[{"href":"https:\/\/www.paranapraia.com.br\/index.php\/wp-json\/wp\/v2\/posts\/34660"}],"collection":[{"href":"https:\/\/www.paranapraia.com.br\/index.php\/wp-json\/wp\/v2\/posts"}],"about":[{"href":"https:\/\/www.paranapraia.com.br\/index.php\/wp-json\/wp\/v2\/types\/post"}],"author":[{"embeddable":true,"href":"https:\/\/www.paranapraia.com.br\/index.php\/wp-json\/wp\/v2\/users\/2"}],"replies":[{"embeddable":true,"href":"https:\/\/www.paranapraia.com.br\/index.php\/wp-json\/wp\/v2\/comments?post=34660"}],"version-history":[{"count":1,"href":"https:\/\/www.paranapraia.com.br\/index.php\/wp-json\/wp\/v2\/posts\/34660\/revisions"}],"predecessor-version":[{"id":34662,"href":"https:\/\/www.paranapraia.com.br\/index.php\/wp-json\/wp\/v2\/posts\/34660\/revisions\/34662"}],"wp:featuredmedia":[{"embeddable":true,"href":"https:\/\/www.paranapraia.com.br\/index.php\/wp-json\/wp\/v2\/media\/34661"}],"wp:attachment":[{"href":"https:\/\/www.paranapraia.com.br\/index.php\/wp-json\/wp\/v2\/media?parent=34660"}],"wp:term":[{"taxonomy":"category","embeddable":true,"href":"https:\/\/www.paranapraia.com.br\/index.php\/wp-json\/wp\/v2\/categories?post=34660"},{"taxonomy":"post_tag","embeddable":true,"href":"https:\/\/www.paranapraia.com.br\/index.php\/wp-json\/wp\/v2\/tags?post=34660"}],"curies":[{"name":"wp","href":"https:\/\/api.w.org\/{rel}","templated":true}]}}