{"id":3466,"date":"2019-03-30T09:59:52","date_gmt":"2019-03-30T12:59:52","guid":{"rendered":"https:\/\/www.paranapraia.com.br\/?p=3466"},"modified":"2019-03-30T10:00:29","modified_gmt":"2019-03-30T13:00:29","slug":"bolsonaro-tem-um-amor-muito-grande-pelos-caminhoneiros-diz-ministro","status":"publish","type":"post","link":"https:\/\/www.paranapraia.com.br\/index.php\/2019\/03\/30\/bolsonaro-tem-um-amor-muito-grande-pelos-caminhoneiros-diz-ministro\/","title":{"rendered":"Bolsonaro tem &#8216;um amor muito grande&#8217; pelos caminhoneiros, diz ministro"},"content":{"rendered":"\n<p>Na noite desta sexta-feira (29), o ministro da Casa Civil, Onyx Lorenzoni, usou sua conta no Twitter para divulgar um v\u00eddeo no qual aparecem o presidente Jair Bolsonaro (PSL) e o ministro de Infraestrutura, Tarc\u00edsio de Freitas, anunciando novas medidas a favor dos caminhoneiros. Eles prometeram aumentar a fiscaliza\u00e7\u00e3o pelo&nbsp;cumprimento da lei do frete m\u00ednimo, criar pontos de descansos e melhorar as estradas.<\/p>\n\n\n\n<p>Chegou a sua hora! Saiba mais sobre ter seu neg\u00f3cio online com essas dicas valiosas! <\/p>\n\n\n\n<p>Tanto o presidente como o ministro iniciam seus v\u00eddeos chamando os motoristas de &#8220;amigos caminhoneiros&#8221;. Freitas afirma que o presidente &#8220;tem um amor muito grande pela categoria&#8221;. O presidente n\u00e3o havia publicado o v\u00eddeo em nenhuma das suas redes at\u00e9 as 23h desta sexta.<\/p>\n\n\n\n<p>Bolsonaro havia prometido o an\u00fancio de novas medidas na quinta-feira (28), quando fez uma transmiss\u00e3o ao vivo pelo Facebook na qual divulgou a nova pol\u00edtica de pre\u00e7os e a cria\u00e7\u00e3o de um cart\u00e3o pr\u00e9-pago&nbsp;de combust\u00edveis&nbsp;para os caminhoneiros. As medidas visam aumentar a previsibilidade de gastos dos motoristas.<\/p>\n\n\n\n<p>A mensagem de quinta n\u00e3o foi bem recebida pelos caminhoneiros, que t\u00eam falado sobre a possibilidade de uma nova paralisa\u00e7\u00e3o. &#8220;A categoria n\u00e3o tem dinheiro para comer, como vai ter condi\u00e7\u00f5es para gastar R$ 5 mil para adiantar o \u00f3leo diesel [no cart\u00e3o pr\u00e9-pago]&#8221;, afirmou Ariovaldo Junior Almeida, diretor do Sindicato dos Caminhoneiros de Ourinhos, interior de S\u00e3o Paulo, sobre a possibilidade de adiantar a compra de combust\u00edvel com o cart\u00e3o, fixando o pre\u00e7o pago por litro de diesel.<\/p>\n\n\n\n<p>&#8220;Foi a mesma coisa que jogar gasolina em fogo. \u00c9 muito tempo que estamos esperando por um posicionamento&#8221;, disse Pl\u00ednio Dias, presidente do Sinditac-PR (Sindicato dos Transportadores Aut\u00f4nomos do Paran\u00e1).<\/p>\n\n\n\n<p>No v\u00eddeo de sexta, o ministro frisou as medidas relacionadas ao pre\u00e7o do diesel e&nbsp;afirmou que o governo ir\u00e1 aumentar a fiscaliza\u00e7\u00e3o nas rodovias para que a tabela do frete seja&nbsp;cumprida. Tamb\u00e9m prometeu a constru\u00e7\u00e3o de postos de descanso e a melhoria das estradas. O pagamento de um valor m\u00ednimo&nbsp;pelas transportadoras \u00e9 uma das&nbsp;principais reivindica\u00e7\u00f5es do setor.<\/p>\n\n\n\n<p>&#8220;O presidente determinou que o minist\u00e9rio trabalhe para melhorar a condi\u00e7\u00e3o de vida dos caminhoneiros na estrada. Ele tem um amor muito grande pela categoria e \u00e9 isso que n\u00f3s vamos fazer. Vamos intensificar a fiscaliza\u00e7\u00e3o do cumprimento&nbsp;da lei do piso m\u00ednimo do frete, vamos construir postos de parada nas rodovias concessionadas, junto dos servi\u00e7os ao usu\u00e1rio&#8221;, afirma Tarc\u00edsio em v\u00eddeo feito pelo celular, como se fosse uma selfie.<\/p>\n\n\n\n<p>O ministro tamb\u00e9m anunciou que em abril ser\u00e1 feito um teste (projeto-piloto) do Documento de Transporte Eletr\u00f4nico, no Espirito Santo. O sistema tamb\u00e9m \u00e9 pedido pelos caminhoneiros pois promete&nbsp;facilitar&nbsp;a fiscaliza\u00e7\u00e3o e a puni\u00e7\u00e3o contra as transportadoras que n\u00e3o obedecerem as regras de carga.<\/p>\n\n\n\n<p>Bem Paran\u00e1<\/p>\n","protected":false},"excerpt":{"rendered":"<p>Na noite desta sexta-feira (29), o ministro da Casa Civil, Onyx Lorenzoni, usou sua conta no Twitter para divulgar um v\u00eddeo no qual aparecem o presidente Jair Bolsonaro (PSL) e o ministro de Infraestrutura, Tarc\u00edsio de Freitas, anunciando novas medidas a favor dos caminhoneiros. Eles prometeram aumentar a fiscaliza\u00e7\u00e3o pelo&nbsp;cumprimento da lei do frete m\u00ednimo, [&hellip;]<\/p>\n","protected":false},"author":2,"featured_media":3468,"comment_status":"open","ping_status":"open","sticky":false,"template":"","format":"standard","meta":{"advanced_seo_description":"","jetpack_seo_html_title":"","jetpack_seo_noindex":false,"_jetpack_memberships_contains_paid_content":false,"footnotes":""},"categories":[1],"tags":[],"class_list":{"0":"post-3466","1":"post","2":"type-post","3":"status-publish","4":"format-standard","5":"has-post-thumbnail","7":"category-sem-categoria"},"jetpack_featured_media_url":"https:\/\/www.paranapraia.com.br\/wp-content\/uploads\/2019\/03\/cami.jpg","jetpack_sharing_enabled":true,"_links":{"self":[{"href":"https:\/\/www.paranapraia.com.br\/index.php\/wp-json\/wp\/v2\/posts\/3466"}],"collection":[{"href":"https:\/\/www.paranapraia.com.br\/index.php\/wp-json\/wp\/v2\/posts"}],"about":[{"href":"https:\/\/www.paranapraia.com.br\/index.php\/wp-json\/wp\/v2\/types\/post"}],"author":[{"embeddable":true,"href":"https:\/\/www.paranapraia.com.br\/index.php\/wp-json\/wp\/v2\/users\/2"}],"replies":[{"embeddable":true,"href":"https:\/\/www.paranapraia.com.br\/index.php\/wp-json\/wp\/v2\/comments?post=3466"}],"version-history":[{"count":2,"href":"https:\/\/www.paranapraia.com.br\/index.php\/wp-json\/wp\/v2\/posts\/3466\/revisions"}],"predecessor-version":[{"id":3469,"href":"https:\/\/www.paranapraia.com.br\/index.php\/wp-json\/wp\/v2\/posts\/3466\/revisions\/3469"}],"wp:featuredmedia":[{"embeddable":true,"href":"https:\/\/www.paranapraia.com.br\/index.php\/wp-json\/wp\/v2\/media\/3468"}],"wp:attachment":[{"href":"https:\/\/www.paranapraia.com.br\/index.php\/wp-json\/wp\/v2\/media?parent=3466"}],"wp:term":[{"taxonomy":"category","embeddable":true,"href":"https:\/\/www.paranapraia.com.br\/index.php\/wp-json\/wp\/v2\/categories?post=3466"},{"taxonomy":"post_tag","embeddable":true,"href":"https:\/\/www.paranapraia.com.br\/index.php\/wp-json\/wp\/v2\/tags?post=3466"}],"curies":[{"name":"wp","href":"https:\/\/api.w.org\/{rel}","templated":true}]}}