{"id":34657,"date":"2021-09-21T09:48:38","date_gmt":"2021-09-21T12:48:38","guid":{"rendered":"https:\/\/www.paranapraia.com.br\/?p=34657"},"modified":"2021-09-21T09:48:39","modified_gmt":"2021-09-21T12:48:39","slug":"mdb-traca-metas-para-2022","status":"publish","type":"post","link":"https:\/\/www.paranapraia.com.br\/index.php\/2021\/09\/21\/mdb-traca-metas-para-2022\/","title":{"rendered":"MDB tra\u00e7a metas para 2022"},"content":{"rendered":"\n<p>O deputado Anibelli Neto comandou na manh\u00e3 desta segunda-feira uma reuni\u00e3o da nova executiva do MDB. Em pauta, os rumos do partido que est\u00e1 entre os tr\u00eas maiores partidos em recursos e tempo de televis\u00e3o e est\u00e1 no centro dos debates.<\/p>\n\n\n\n<p>Na reuni\u00e3o foram definidas as prioridades da atual gest\u00e3o. Ficou definido que o MDB do Paran\u00e1 vai apoiar a senadora Simone Tebet para a Presid\u00eancia da Rep\u00fablica e um nome do Paran\u00e1 para disputar o Senado.<\/p>\n\n\n\n<p>Como parte da reorganiza\u00e7\u00e3o est\u00e1 tamb\u00e9m a discuss\u00e3o da chapa de candidatos a deputado estadual e federal para as elei\u00e7\u00f5es de 2022 e a chapa de prefeitos, vices e vereadores para as elei\u00e7\u00f5es de 2024.<\/p>\n\n\n\n<p>A executiva definiu tamb\u00e9m que ser\u00e1 feito conversas com todas as for\u00e7as pol\u00edticas para alcan\u00e7ar os objetivos do partido.<\/p>\n\n\n\n<p><strong>Tebet<\/strong><\/p>\n\n\n\n<p>A senadora Simone Tebet estar\u00e1 no Paran\u00e1 dia 6 novembro para participar de um grande encontro do partido com a Funda\u00e7\u00e3o Ulysses Guimar\u00e3es e a Conven\u00e7\u00e3o da Juventude Estadual do MDB.<\/p>\n\n\n\n<p>Assessoria<\/p>\n","protected":false},"excerpt":{"rendered":"<p>O deputado Anibelli Neto comandou na manh\u00e3 desta segunda-feira uma reuni\u00e3o da nova executiva do MDB. Em pauta, os rumos do partido que est\u00e1 entre os tr\u00eas maiores partidos em recursos e tempo de televis\u00e3o e est\u00e1 no centro dos debates. Na reuni\u00e3o foram definidas as prioridades da atual gest\u00e3o. Ficou definido que o MDB [&hellip;]<\/p>\n","protected":false},"author":2,"featured_media":34658,"comment_status":"open","ping_status":"open","sticky":false,"template":"","format":"standard","meta":{"advanced_seo_description":"","jetpack_seo_html_title":"","jetpack_seo_noindex":false,"_jetpack_memberships_contains_paid_content":false,"footnotes":""},"categories":[32],"tags":[],"class_list":{"0":"post-34657","1":"post","2":"type-post","3":"status-publish","4":"format-standard","5":"has-post-thumbnail","7":"category-politica"},"jetpack_featured_media_url":"https:\/\/www.paranapraia.com.br\/wp-content\/uploads\/2021\/09\/200921-860x280-1.png","jetpack_sharing_enabled":true,"_links":{"self":[{"href":"https:\/\/www.paranapraia.com.br\/index.php\/wp-json\/wp\/v2\/posts\/34657"}],"collection":[{"href":"https:\/\/www.paranapraia.com.br\/index.php\/wp-json\/wp\/v2\/posts"}],"about":[{"href":"https:\/\/www.paranapraia.com.br\/index.php\/wp-json\/wp\/v2\/types\/post"}],"author":[{"embeddable":true,"href":"https:\/\/www.paranapraia.com.br\/index.php\/wp-json\/wp\/v2\/users\/2"}],"replies":[{"embeddable":true,"href":"https:\/\/www.paranapraia.com.br\/index.php\/wp-json\/wp\/v2\/comments?post=34657"}],"version-history":[{"count":1,"href":"https:\/\/www.paranapraia.com.br\/index.php\/wp-json\/wp\/v2\/posts\/34657\/revisions"}],"predecessor-version":[{"id":34659,"href":"https:\/\/www.paranapraia.com.br\/index.php\/wp-json\/wp\/v2\/posts\/34657\/revisions\/34659"}],"wp:featuredmedia":[{"embeddable":true,"href":"https:\/\/www.paranapraia.com.br\/index.php\/wp-json\/wp\/v2\/media\/34658"}],"wp:attachment":[{"href":"https:\/\/www.paranapraia.com.br\/index.php\/wp-json\/wp\/v2\/media?parent=34657"}],"wp:term":[{"taxonomy":"category","embeddable":true,"href":"https:\/\/www.paranapraia.com.br\/index.php\/wp-json\/wp\/v2\/categories?post=34657"},{"taxonomy":"post_tag","embeddable":true,"href":"https:\/\/www.paranapraia.com.br\/index.php\/wp-json\/wp\/v2\/tags?post=34657"}],"curies":[{"name":"wp","href":"https:\/\/api.w.org\/{rel}","templated":true}]}}