{"id":34654,"date":"2021-09-21T09:46:03","date_gmt":"2021-09-21T12:46:03","guid":{"rendered":"https:\/\/www.paranapraia.com.br\/?p=34654"},"modified":"2021-09-21T09:46:04","modified_gmt":"2021-09-21T12:46:04","slug":"parana-lanca-novo-arranjo-de-pesquisa-e-investe-em-estudos-sobre-o-uso-sustentavel-da-agua","status":"publish","type":"post","link":"https:\/\/www.paranapraia.com.br\/index.php\/2021\/09\/21\/parana-lanca-novo-arranjo-de-pesquisa-e-investe-em-estudos-sobre-o-uso-sustentavel-da-agua\/","title":{"rendered":"Paran\u00e1 lan\u00e7a novo arranjo de pesquisa e investe em estudos sobre o uso sustent\u00e1vel da \u00e1gua"},"content":{"rendered":"\n<p>O Governo do Estado, por meio da&nbsp;<strong><a href=\"http:\/\/www.fappr.pr.gov.br\/\" target=\"_blank\" rel=\"noreferrer noopener\">Funda\u00e7\u00e3o Arauc\u00e1ria<\/a><\/strong>&nbsp;(FA) e da Superintend\u00eancia Geral de Ci\u00eancia, Tecnologia e Ensino Superior (<strong><a href=\"http:\/\/www.seti.pr.gov.br\/\" target=\"_blank\" rel=\"noreferrer noopener\">Seti<\/a><\/strong>), lan\u00e7ou nesta segunda-feira (20) o Novo Arranjo de Pesquisa e Inova\u00e7\u00e3o (Napi) \u00c1guas. Inicialmente ser\u00e3o investidos R$ 866.540,00.<\/p>\n\n\n\n<p>\u201cCom esta mobiliza\u00e7\u00e3o que estamos conseguindo agora, precisamos pensar em montarmos uma estrat\u00e9gia de sociedade economizadora de \u00e1gua, que envolve fundamentalmente a educa\u00e7\u00e3o\u201d, disse o presidente da Funda\u00e7\u00e3o Arauc\u00e1ria (FA), Ramiro Wahrhaftig.<\/p>\n\n\n\n<p>O objetivo do Napi, segundo ele, \u00e9 implantar e ativar a rede de pesquisadores no tema \u00e1gua, tamb\u00e9m formalizar e ativar cada vez mais parcerias e dar in\u00edcio \u00e0 constru\u00e7\u00e3o do banco de dados ambiental do Paran\u00e1. Al\u00e9m disso, realizar pesquisas e atividades que envolvam os setores estrat\u00e9gicos (emergentes, transversais e estruturais) da sociedade na busca do uso racional deste recurso.<\/p>\n\n\n\n<p>O superintendente de Ci\u00eancia, Tecnologia e Ensino Superior, Aldo Bona, afirmou que pesquisadores j\u00e1 v\u00eam trabalhando intensamente neste tema isoladamente h\u00e1 algum tempo e a partir de agora, de maneira integrada, para elaborar&nbsp;uma estrat\u00e9gia, inclusive de financiamento estadual, e que resultar\u00e1 em contribui\u00e7\u00f5es para a sociedade como um todo para o enfrentamento \u00e0 quest\u00e3o h\u00eddrica.<\/p>\n\n\n\n<p>A coordenadora do Napi \u00c1guas, professora da Universidade Federal do Paran\u00e1, Yara Moretto, lembrou que a \u00e1gua \u00e9 patrim\u00f4nio nacional, de valor inestim\u00e1vel, sem a qual n\u00e3o \u00e9 poss\u00edvel a manuten\u00e7\u00e3o dos seres vivos. Da\u00ed a responsabilidade das institui\u00e7\u00f5es no desenvolvimento de pesquisas que zelem&nbsp;permanentemente&nbsp;pela sua qualidade e preserva\u00e7\u00e3o.<\/p>\n\n\n\n<p>\u201cO papel estrat\u00e9gico desempenhado pelas pesquisas em recursos h\u00eddricos, no avan\u00e7o cient\u00edfico e tecnol\u00f3gico, bem como na conserva\u00e7\u00e3o e uso sustent\u00e1vel da biodiversidade, do uso e re\u00faso da \u00e1gua e os servi\u00e7os ecossist\u00eamicos fornecidos s\u00e3o indissoci\u00e1veis ao desenvolvimento regional\u201d, ressaltou.<\/p>\n\n\n\n<p><strong>PARCERIAS&nbsp;<\/strong>\u2013 O projeto desenvolvido no Novo Arranjo de Pesquisa e Inova\u00e7\u00e3o \u00c1guas chama-se \u201cIndicadores e \u00edndices de vulnerabilidade e exposi\u00e7\u00e3o aos efeitos das mudan\u00e7as clim\u00e1ticas em setores estrat\u00e9gicos no Estado do Paran\u00e1\u201d e foi proposto em parceria com a Alian\u00e7a Tropical de Pesquisa da \u00c1gua (TWRA \u2013 Tropical Water Research Alliance).<\/p>\n\n\n\n<p>\u201cEm nome dos 208 pesquisadores e mais de 60 institui\u00e7\u00f5es que comp\u00f5em a TWRA, quero dizer que o Paran\u00e1 \u00e9 aquele Estado a ser perseguido nas a\u00e7\u00f5es governamentais, como podemos esperar para o futuro do nosso Pa\u00eds. O Estado&nbsp;est\u00e1 \u00e0 frente, liderando todo um processo que certamente vai ser admirado e copiado por todas as unidades da Federa\u00e7\u00e3o\u201d, destacou o presidente da TWRA, Jos\u00e9 Francisco Gon\u00e7alves.<\/p>\n\n\n\n<p>O diretor de Ci\u00eancia, Tecnologia e Inova\u00e7\u00e3o da Funda\u00e7\u00e3o Arauc\u00e1ria, Luiz M\u00e1rcio Spinosa, refor\u00e7ou que o Napi \u00c1guas atende \u00e0s \u00e1reas priorit\u00e1rias do Estado respeitando os requisitos de desenvolvimento sustent\u00e1vel. \u201cCome\u00e7a com o fomento de R$ 866.540,00, mas estamos trabalhando em parcerias para aumentarmos este recurso futuramente\u201d, disse.<\/p>\n\n\n\n<p>Ao destacar a import\u00e2ncia da iniciativa e colocar a institui\u00e7\u00e3o como parceira, o presidente da Sanepar, Claudio Stabile, afirma que trata-se de uma a\u00e7\u00e3o de sa\u00fade p\u00fablica e preventiva. \u201cA escassez h\u00eddrica que n\u00e3o s\u00f3 o Paran\u00e1 enfrenta, mas todo o planeta, exige de n\u00f3s a\u00e7\u00f5es para que as pr\u00f3ximas gera\u00e7\u00f5es n\u00e3o sofram tanto quanto estamos neste momento. N\u00f3s estamos muito atentos ao trip\u00e9 da sustentabilidade, aos ODS, que em coleta e tratamento de esgoto atendemos a 11 deles\u201d.<\/p>\n\n\n\n<p>Segundo o ex-presidente do CNPq e membro da TWRA, M\u00e1rio Neto Borges, este \u00e9 um tema muito relevante.&nbsp; &#8220;Esta \u00e9 uma iniciativa brilhante do Governo do Estado, com a participa\u00e7\u00e3o das universidades p\u00fablicas e privadas, que precisa ser fortalecida e avan\u00e7ar muito. A multidisciplinaridade deste assunto tamb\u00e9m \u00e9 muito importante para o sucesso deste projeto\u201d, enfatizou.<\/p>\n\n\n\n<p>Tamb\u00e9m s\u00e3o parceiros do Napi \u00c1guas o Simepar e a Funda\u00e7\u00e3o Parque Tecnol\u00f3gico de Itaipu. A cerim\u00f4nia de lan\u00e7amento pode ser conferida no&nbsp;canal da&nbsp;<a href=\"https:\/\/www.youtube.com\/watch?v=zvvJXPv_VsE\" target=\"_blank\" rel=\"noreferrer noopener\">Funda\u00e7\u00e3o Arauc\u00e1ria no YouTube.<\/a>&nbsp;<\/p>\n\n\n\n<p><strong>TWRA<\/strong>\u00a0&#8211; A Alian\u00e7a Tropical de Pesquisa da \u00c1gua (TWRA \u2013 Tropical Water Research Alliance) \u00e9 uma associa\u00e7\u00e3o que derivou da parceria entre institui\u00e7\u00f5es (p\u00fablicas e privadas) e o meio acad\u00eamico do Brasil e da Austr\u00e1lia, que busca promover uma abordagem integrada para a pesquisa e gest\u00e3o das bacias hidrogr\u00e1ficas tropicais buscando solu\u00e7\u00f5es pr\u00e1ticas e tecnol\u00f3gicas para os problemas ambientais.<\/p>\n\n\n\n<p>AEN<\/p>\n","protected":false},"excerpt":{"rendered":"<p>O Governo do Estado, por meio da&nbsp;Funda\u00e7\u00e3o Arauc\u00e1ria&nbsp;(FA) e da Superintend\u00eancia Geral de Ci\u00eancia, Tecnologia e Ensino Superior (Seti), lan\u00e7ou nesta segunda-feira (20) o Novo Arranjo de Pesquisa e Inova\u00e7\u00e3o (Napi) \u00c1guas. Inicialmente ser\u00e3o investidos R$ 866.540,00. \u201cCom esta mobiliza\u00e7\u00e3o que estamos conseguindo agora, precisamos pensar em montarmos uma estrat\u00e9gia de sociedade economizadora de \u00e1gua, [&hellip;]<\/p>\n","protected":false},"author":2,"featured_media":34655,"comment_status":"open","ping_status":"open","sticky":false,"template":"","format":"standard","meta":{"advanced_seo_description":"","jetpack_seo_html_title":"","jetpack_seo_noindex":false,"_jetpack_memberships_contains_paid_content":false,"footnotes":""},"categories":[34],"tags":[],"class_list":{"0":"post-34654","1":"post","2":"type-post","3":"status-publish","4":"format-standard","5":"has-post-thumbnail","7":"category-meio-ambiente"},"jetpack_featured_media_url":"https:\/\/www.paranapraia.com.br\/wp-content\/uploads\/2021\/09\/news_interna_20210324_AGB_Passauna8.jpg","jetpack_sharing_enabled":true,"_links":{"self":[{"href":"https:\/\/www.paranapraia.com.br\/index.php\/wp-json\/wp\/v2\/posts\/34654"}],"collection":[{"href":"https:\/\/www.paranapraia.com.br\/index.php\/wp-json\/wp\/v2\/posts"}],"about":[{"href":"https:\/\/www.paranapraia.com.br\/index.php\/wp-json\/wp\/v2\/types\/post"}],"author":[{"embeddable":true,"href":"https:\/\/www.paranapraia.com.br\/index.php\/wp-json\/wp\/v2\/users\/2"}],"replies":[{"embeddable":true,"href":"https:\/\/www.paranapraia.com.br\/index.php\/wp-json\/wp\/v2\/comments?post=34654"}],"version-history":[{"count":1,"href":"https:\/\/www.paranapraia.com.br\/index.php\/wp-json\/wp\/v2\/posts\/34654\/revisions"}],"predecessor-version":[{"id":34656,"href":"https:\/\/www.paranapraia.com.br\/index.php\/wp-json\/wp\/v2\/posts\/34654\/revisions\/34656"}],"wp:featuredmedia":[{"embeddable":true,"href":"https:\/\/www.paranapraia.com.br\/index.php\/wp-json\/wp\/v2\/media\/34655"}],"wp:attachment":[{"href":"https:\/\/www.paranapraia.com.br\/index.php\/wp-json\/wp\/v2\/media?parent=34654"}],"wp:term":[{"taxonomy":"category","embeddable":true,"href":"https:\/\/www.paranapraia.com.br\/index.php\/wp-json\/wp\/v2\/categories?post=34654"},{"taxonomy":"post_tag","embeddable":true,"href":"https:\/\/www.paranapraia.com.br\/index.php\/wp-json\/wp\/v2\/tags?post=34654"}],"curies":[{"name":"wp","href":"https:\/\/api.w.org\/{rel}","templated":true}]}}