{"id":34648,"date":"2021-09-21T09:18:43","date_gmt":"2021-09-21T12:18:43","guid":{"rendered":"https:\/\/www.paranapraia.com.br\/?p=34648"},"modified":"2021-09-21T09:18:44","modified_gmt":"2021-09-21T12:18:44","slug":"parana-recebe-20-geladeiras-e-quatro-camaras-frias-do-movimento-unidos-pela-vacina","status":"publish","type":"post","link":"https:\/\/www.paranapraia.com.br\/index.php\/2021\/09\/21\/parana-recebe-20-geladeiras-e-quatro-camaras-frias-do-movimento-unidos-pela-vacina\/","title":{"rendered":"Paran\u00e1 recebe 20 geladeiras e quatro c\u00e2maras frias do movimento Unidos pela Vacina"},"content":{"rendered":"\n<p>A Secretaria de Estado da Sa\u00fade (Sesa) recebeu 20 geladeiras e quatro c\u00e2maras frias \u2013 ou ultrafreezers \u2013 por meio do movimento Unidos pela Vacina. Os novos equipamentos auxiliar\u00e3o no armazenamento de insumos como vacinas e medicamentos, nas 22 Regionais de Sa\u00fade. A entrega aconteceu nesta segunda-feira (20) na Coordena\u00e7\u00e3o de Material de Patrim\u00f4nio (Comp).<\/p>\n\n\n\n<p>\u201cQuero agradecer a esse movimento em nome do Governo do Estado. Este projeto \u00e9 organizado por pessoas engajadas, solid\u00e1rias, e em meio a Covid-19, mais do que nunca, precisamos de todos. Aqui no Paran\u00e1 essa parceria tem dado muito certo\u201d, disse o secret\u00e1rio de Estado da Sa\u00fade, Beto Preto.<\/p>\n\n\n\n<p>Os equipamentos est\u00e3o \u00e0 disposi\u00e7\u00e3o da Vigil\u00e2ncia Epidemiol\u00f3gica do Paran\u00e1 e devem ser distribu\u00eddos para as Regionais de Sa\u00fade nos pr\u00f3ximos dias.<\/p>\n\n\n\n<p>\u201cEstamos juntos nesse momento t\u00e3o dif\u00edcil em que n\u00e3o h\u00e1 nada melhor que a uni\u00e3o e os esfor\u00e7os conjuntos para realmente contribuirmos com toda a sociedade do nosso Estado\u201d, afirmou Regina Maria Arns da Rocha, l\u00edder do movimento Unidos pela Vacina no Paran\u00e1 e presidente do MEX Brasil.<\/p>\n\n\n\n<p><strong>MOVIMENTO<\/strong>&nbsp;\u2013 O governador Carlos Massa Ratinho Junior confirmou a&nbsp;<a href=\"https:\/\/www.aen.pr.gov.br\/modules\/noticias\/article.php?storyid=111580\" target=\"_blank\" rel=\"noreferrer noopener\">ades\u00e3o do Paran\u00e1<\/a>&nbsp;ao movimento Unidos pela Vacina no dia 31 de mar\u00e7o deste ano. O projeto re\u00fane diferentes organiza\u00e7\u00f5es e tem por objetivo apoiar estados e munic\u00edpios no combate \u00e0 Covid-19. A ideia \u00e9 auxiliar o Sistema \u00danico de Sa\u00fade (SUS) com solu\u00e7\u00f5es de log\u00edstica e compra de insumos. O movimento \u00e9 coordenado pelo Grupo Mulheres do Brasil, com a participa\u00e7\u00e3o de mais de 75 mil apoiadores.<\/p>\n\n\n\n<p>No Paran\u00e1, o projeto conta com o apoio de entidades como Federa\u00e7\u00e3o das Ind\u00fastrias do Paran\u00e1 (Fiep), Associa\u00e7\u00e3o Comercial do Paran\u00e1 (ACP), OAB-PR, Federa\u00e7\u00e3o das Associa\u00e7\u00f5es Comerciais e Empresariais do Estado do Paran\u00e1 (Faciap) e Sistema Ocepar, entre outros.<\/p>\n\n\n\n<p><strong>PARTICIPA\u00c7\u00d5ES<\/strong>\u00a0\u2013 Estiveram no Cemepar as participantes do Comit\u00ea Gestor do projeto no Paran\u00e1; da Sesa, o chefe de gabinete C\u00e9sar Neves; a coordenadora da Vigil\u00e2ncia Epidemiol\u00f3gica, Ac\u00e1cia Nasr; a chefe do Programa Estadual de Imuniza\u00e7\u00e3o, Vera Rita da Maia; e o coordenador do setor de Obras, Adilson Silva Lino.<\/p>\n\n\n\n<p>AEN<\/p>\n","protected":false},"excerpt":{"rendered":"<p>A Secretaria de Estado da Sa\u00fade (Sesa) recebeu 20 geladeiras e quatro c\u00e2maras frias \u2013 ou ultrafreezers \u2013 por meio do movimento Unidos pela Vacina. Os novos equipamentos auxiliar\u00e3o no armazenamento de insumos como vacinas e medicamentos, nas 22 Regionais de Sa\u00fade. A entrega aconteceu nesta segunda-feira (20) na Coordena\u00e7\u00e3o de Material de Patrim\u00f4nio (Comp). [&hellip;]<\/p>\n","protected":false},"author":2,"featured_media":34649,"comment_status":"open","ping_status":"open","sticky":false,"template":"","format":"standard","meta":{"advanced_seo_description":"","jetpack_seo_html_title":"","jetpack_seo_noindex":false,"_jetpack_memberships_contains_paid_content":false,"footnotes":""},"categories":[40],"tags":[],"class_list":{"0":"post-34648","1":"post","2":"type-post","3":"status-publish","4":"format-standard","5":"has-post-thumbnail","7":"category-destaques"},"jetpack_featured_media_url":"https:\/\/www.paranapraia.com.br\/wp-content\/uploads\/2021\/09\/news_interna_61491282c9cfedsc_6382.jpg","jetpack_sharing_enabled":true,"_links":{"self":[{"href":"https:\/\/www.paranapraia.com.br\/index.php\/wp-json\/wp\/v2\/posts\/34648"}],"collection":[{"href":"https:\/\/www.paranapraia.com.br\/index.php\/wp-json\/wp\/v2\/posts"}],"about":[{"href":"https:\/\/www.paranapraia.com.br\/index.php\/wp-json\/wp\/v2\/types\/post"}],"author":[{"embeddable":true,"href":"https:\/\/www.paranapraia.com.br\/index.php\/wp-json\/wp\/v2\/users\/2"}],"replies":[{"embeddable":true,"href":"https:\/\/www.paranapraia.com.br\/index.php\/wp-json\/wp\/v2\/comments?post=34648"}],"version-history":[{"count":1,"href":"https:\/\/www.paranapraia.com.br\/index.php\/wp-json\/wp\/v2\/posts\/34648\/revisions"}],"predecessor-version":[{"id":34650,"href":"https:\/\/www.paranapraia.com.br\/index.php\/wp-json\/wp\/v2\/posts\/34648\/revisions\/34650"}],"wp:featuredmedia":[{"embeddable":true,"href":"https:\/\/www.paranapraia.com.br\/index.php\/wp-json\/wp\/v2\/media\/34649"}],"wp:attachment":[{"href":"https:\/\/www.paranapraia.com.br\/index.php\/wp-json\/wp\/v2\/media?parent=34648"}],"wp:term":[{"taxonomy":"category","embeddable":true,"href":"https:\/\/www.paranapraia.com.br\/index.php\/wp-json\/wp\/v2\/categories?post=34648"},{"taxonomy":"post_tag","embeddable":true,"href":"https:\/\/www.paranapraia.com.br\/index.php\/wp-json\/wp\/v2\/tags?post=34648"}],"curies":[{"name":"wp","href":"https:\/\/api.w.org\/{rel}","templated":true}]}}