{"id":3462,"date":"2019-03-30T09:57:22","date_gmt":"2019-03-30T12:57:22","guid":{"rendered":"https:\/\/www.paranapraia.com.br\/?p=3462"},"modified":"2019-03-30T09:57:23","modified_gmt":"2019-03-30T12:57:23","slug":"suspeito-de-matar-namorada-a-facadas-em-ponta-grossa-vira-reu-por-feminicidio","status":"publish","type":"post","link":"https:\/\/www.paranapraia.com.br\/index.php\/2019\/03\/30\/suspeito-de-matar-namorada-a-facadas-em-ponta-grossa-vira-reu-por-feminicidio\/","title":{"rendered":"Suspeito de matar namorada a facadas em Ponta Grossa vira r\u00e9u por feminic\u00eddio"},"content":{"rendered":"\n<p> Um homem suspeito de ter matado a namorada a facadas virou r\u00e9u nesta sexta-feira (29), acusado de feminic\u00eddio. Jhonatan Campos, 22 anos, foi denunciado pelo Minist\u00e9rio P\u00fablico do Paran\u00e1 (MP-PR) pela morte de Lidiane Oliveira, em Ponta Grossa (regi\u00e3o dos Campos Gerais). <\/p>\n\n\n\n<p>Bem Paran\u00e1<\/p>\n","protected":false},"excerpt":{"rendered":"<p>Um homem suspeito de ter matado a namorada a facadas virou r\u00e9u nesta sexta-feira (29), acusado de feminic\u00eddio. Jhonatan Campos, 22 anos, foi denunciado pelo Minist\u00e9rio P\u00fablico do Paran\u00e1 (MP-PR) pela morte de Lidiane Oliveira, em Ponta Grossa (regi\u00e3o dos Campos Gerais). Bem Paran\u00e1<\/p>\n","protected":false},"author":2,"featured_media":3463,"comment_status":"open","ping_status":"open","sticky":false,"template":"","format":"standard","meta":{"advanced_seo_description":"","jetpack_seo_html_title":"","jetpack_seo_noindex":false,"_jetpack_memberships_contains_paid_content":false,"footnotes":""},"categories":[33],"tags":[],"class_list":{"0":"post-3462","1":"post","2":"type-post","3":"status-publish","4":"format-standard","5":"has-post-thumbnail","7":"category-policia"},"jetpack_featured_media_url":"https:\/\/www.paranapraia.com.br\/wp-content\/uploads\/2019\/03\/femi.jpeg","jetpack_sharing_enabled":true,"_links":{"self":[{"href":"https:\/\/www.paranapraia.com.br\/index.php\/wp-json\/wp\/v2\/posts\/3462"}],"collection":[{"href":"https:\/\/www.paranapraia.com.br\/index.php\/wp-json\/wp\/v2\/posts"}],"about":[{"href":"https:\/\/www.paranapraia.com.br\/index.php\/wp-json\/wp\/v2\/types\/post"}],"author":[{"embeddable":true,"href":"https:\/\/www.paranapraia.com.br\/index.php\/wp-json\/wp\/v2\/users\/2"}],"replies":[{"embeddable":true,"href":"https:\/\/www.paranapraia.com.br\/index.php\/wp-json\/wp\/v2\/comments?post=3462"}],"version-history":[{"count":1,"href":"https:\/\/www.paranapraia.com.br\/index.php\/wp-json\/wp\/v2\/posts\/3462\/revisions"}],"predecessor-version":[{"id":3464,"href":"https:\/\/www.paranapraia.com.br\/index.php\/wp-json\/wp\/v2\/posts\/3462\/revisions\/3464"}],"wp:featuredmedia":[{"embeddable":true,"href":"https:\/\/www.paranapraia.com.br\/index.php\/wp-json\/wp\/v2\/media\/3463"}],"wp:attachment":[{"href":"https:\/\/www.paranapraia.com.br\/index.php\/wp-json\/wp\/v2\/media?parent=3462"}],"wp:term":[{"taxonomy":"category","embeddable":true,"href":"https:\/\/www.paranapraia.com.br\/index.php\/wp-json\/wp\/v2\/categories?post=3462"},{"taxonomy":"post_tag","embeddable":true,"href":"https:\/\/www.paranapraia.com.br\/index.php\/wp-json\/wp\/v2\/tags?post=3462"}],"curies":[{"name":"wp","href":"https:\/\/api.w.org\/{rel}","templated":true}]}}