{"id":34591,"date":"2021-09-17T11:08:53","date_gmt":"2021-09-17T14:08:53","guid":{"rendered":"https:\/\/www.paranapraia.com.br\/?p=34591"},"modified":"2021-09-17T11:08:53","modified_gmt":"2021-09-17T14:08:53","slug":"vacinacao-contra-a-covid-19-avanca-e-parana-passa-de-12-milhoes-de-doses-aplicadas","status":"publish","type":"post","link":"https:\/\/www.paranapraia.com.br\/index.php\/2021\/09\/17\/vacinacao-contra-a-covid-19-avanca-e-parana-passa-de-12-milhoes-de-doses-aplicadas\/","title":{"rendered":"Vacina\u00e7\u00e3o contra a Covid-19 avan\u00e7a e Paran\u00e1 passa de 12 milh\u00f5es de doses aplicadas"},"content":{"rendered":"\n<p>A campanha de vacina\u00e7\u00e3o contra a Covid-19 no Paran\u00e1 atingiu uma marca importante nesta sexta-feira (17). O Estado chegou a 12.158.359 de doses aplicadas, avan\u00e7ando no processo iniciado em janeiro. S\u00e3o 7.773.122 primeiras doses (D1), 4.062.967 segundas doses (D2), divididas entre os imunizantes da AstraZenca, Pfizer e CoronaVac, e 322.270 doses \u00fanicas (DU), essas exclusivamente com a Janssen. Os n\u00fameros s\u00e3o do Vacin\u00f4mentro nacional, ferramenta administrada e atualizada pelo Sistema \u00danico de Sa\u00fade (SUS).<\/p>\n\n\n\n<p>Ainda de acordo com o painel, o Paran\u00e1 alcan\u00e7ou 8.095.392 pessoas imunizadas com D1 ou D2, ou 92,8% do p\u00fablico-alvo, aqueles com 18 anos ou mais, grupo estimado pelo Minist\u00e9rio da Sa\u00fade em 8.720.953 \u2013 a meta do Governo do Estado \u00e9 chegar a 100% at\u00e9 o fim deste m\u00eas.<\/p>\n\n\n\n<p><strong>COMPLETO &#8211;<\/strong>&nbsp;A atualiza\u00e7\u00e3o revelou, tamb\u00e9m, que 4.385.237 paranaenses completaram o ciclo vacinal, ou seja, receberam as duas aplica\u00e7\u00f5es ou aplica\u00e7\u00e3o \u00fanica. O quantitativo equivale a 50,2% da popula\u00e7\u00e3o vacin\u00e1vel. \u201cO Paran\u00e1 sempre foi refer\u00eancia em a\u00e7\u00f5es de imuniza\u00e7\u00e3o e contra a Covid-19 n\u00e3o \u00e9 diferente. Temos capacidade de aplicar mais de 150 mil doses por dia. E, com uma programa\u00e7\u00e3o mais constante de envio de vacinas por parte do governo federal, tenho certeza de que os n\u00fameros v\u00e3o subir rapidamente\u201d, destacou o secret\u00e1rio de Estado da Sa\u00fade, Beto Preto.<\/p>\n\n\n\n<p><strong>RECORDES &#8211;<\/strong>&nbsp;Ele lembrou que o Paran\u00e1 vem quebrando recordes consecutivos durante a campanha. Os dados do Vacin\u00f4metro nacional apontam que agosto foi o m\u00eas em que o Estado aplicou mais vacinas contra a doen\u00e7a desde o in\u00edcio do processo. Foram 2.779.756 doses administradas neste per\u00edodo. Este \u00e9 o terceiro m\u00eas consecutivo em que o Paran\u00e1 bate recordes em aplica\u00e7\u00f5es.<\/p>\n\n\n\n<p>Em setembro, at\u00e9 o momento, foram outras 1.064.770 doses, entre D1 (209.023) e D2 mais DU (855.747). \u201cA log\u00edstica de distribui\u00e7\u00e3o por parte do Governo do Estado \u00e9 extremamente veloz e eficiente. Mas refor\u00e7o o pedido para a popula\u00e7\u00e3o procurar os postos de sa\u00fade e buscar a vacina\u00e7\u00e3o. Vacina boa \u00e9 aquela que vai para o bra\u00e7o, somente assim vamos vencer essa guerra contra o v\u00edrus\u201d, acrescentou o secret\u00e1rio.<\/p>\n\n\n\n<p>Nesta quinta-feira (16), o Paran\u00e1 recebeu do Minist\u00e9rio da Sa\u00fade&nbsp;<strong><a href=\"https:\/\/www.aen.pr.gov.br\/modules\/noticias\/article.php?storyid=115249&amp;tit=Imunizantes-que-chegaram-nesta-quinta-ao-Parana-serao-usados-para-completar-esquema-vacinal\" target=\"_blank\" rel=\"noreferrer noopener\">mais 324.930 vacinas contra a Covid-19<\/a><\/strong>. S\u00e3o 115.500 doses do imunizante Covishield (AstraZeneca\/Fiocruz) e 209.430 do Comirnaty (Pfizer\/Biontech), todas de segunda dose (D2), para completar o esquema vacinal da popula\u00e7\u00e3o com idade entre 40 e 59 anos e de alguns grupos priorit\u00e1rios.<\/p>\n\n\n\n<p><strong>MUNIC\u00cdPIOS \u2013<\/strong>&nbsp;Em n\u00fameros absolutos, os munic\u00edpios que mais administraram as vacinas contra a Covid-19 foram Curitiba, com 2.143.031, Londrina (591.855), Maring\u00e1 (548.068), Cascavel (360.995) e Ponta Grossa (326.494).<\/p>\n\n\n\n<p>Proporcionalmente \u00e0 popula\u00e7\u00e3o, segundo o Ranking da Vacina\u00e7\u00e3o da Secretaria de Estado da Sa\u00fade, a cidade que mais avan\u00e7ou na aplica\u00e7\u00e3o de primeiras doses \u00e9 Maring\u00e1, com 98,64% da popula\u00e7\u00e3o vacinada, seguida por Floresta (98,43%), Pontal do Paran\u00e1 (97,65%), Toledo (95,33%) e Matinhos (93,25%).\u00a0\u00a0J\u00e1 em rela\u00e7\u00e3o \u00e0s segundas doses, os destaques s\u00e3o: Esperan\u00e7a Nova (62,49%), Pontal do Paran\u00e1 (61,44%), Sulina (60,16%), S\u00e3o Manoel do Paran\u00e1 (60,01%) e Maring\u00e1 (58,56%).<\/p>\n\n\n\n<p>AEN<\/p>\n","protected":false},"excerpt":{"rendered":"<p>A campanha de vacina\u00e7\u00e3o contra a Covid-19 no Paran\u00e1 atingiu uma marca importante nesta sexta-feira (17). O Estado chegou a 12.158.359 de doses aplicadas, avan\u00e7ando no processo iniciado em janeiro. S\u00e3o 7.773.122 primeiras doses (D1), 4.062.967 segundas doses (D2), divididas entre os imunizantes da AstraZenca, Pfizer e CoronaVac, e 322.270 doses \u00fanicas (DU), essas exclusivamente [&hellip;]<\/p>\n","protected":false},"author":2,"featured_media":34592,"comment_status":"open","ping_status":"open","sticky":false,"template":"","format":"standard","meta":{"advanced_seo_description":"","jetpack_seo_html_title":"","jetpack_seo_noindex":false,"_jetpack_memberships_contains_paid_content":false,"footnotes":""},"categories":[40],"tags":[],"class_list":{"0":"post-34591","1":"post","2":"type-post","3":"status-publish","4":"format-standard","5":"has-post-thumbnail","7":"category-destaques"},"jetpack_featured_media_url":"https:\/\/www.paranapraia.com.br\/wp-content\/uploads\/2021\/09\/news_interna_image00021.jpg","jetpack_sharing_enabled":true,"_links":{"self":[{"href":"https:\/\/www.paranapraia.com.br\/index.php\/wp-json\/wp\/v2\/posts\/34591"}],"collection":[{"href":"https:\/\/www.paranapraia.com.br\/index.php\/wp-json\/wp\/v2\/posts"}],"about":[{"href":"https:\/\/www.paranapraia.com.br\/index.php\/wp-json\/wp\/v2\/types\/post"}],"author":[{"embeddable":true,"href":"https:\/\/www.paranapraia.com.br\/index.php\/wp-json\/wp\/v2\/users\/2"}],"replies":[{"embeddable":true,"href":"https:\/\/www.paranapraia.com.br\/index.php\/wp-json\/wp\/v2\/comments?post=34591"}],"version-history":[{"count":1,"href":"https:\/\/www.paranapraia.com.br\/index.php\/wp-json\/wp\/v2\/posts\/34591\/revisions"}],"predecessor-version":[{"id":34593,"href":"https:\/\/www.paranapraia.com.br\/index.php\/wp-json\/wp\/v2\/posts\/34591\/revisions\/34593"}],"wp:featuredmedia":[{"embeddable":true,"href":"https:\/\/www.paranapraia.com.br\/index.php\/wp-json\/wp\/v2\/media\/34592"}],"wp:attachment":[{"href":"https:\/\/www.paranapraia.com.br\/index.php\/wp-json\/wp\/v2\/media?parent=34591"}],"wp:term":[{"taxonomy":"category","embeddable":true,"href":"https:\/\/www.paranapraia.com.br\/index.php\/wp-json\/wp\/v2\/categories?post=34591"},{"taxonomy":"post_tag","embeddable":true,"href":"https:\/\/www.paranapraia.com.br\/index.php\/wp-json\/wp\/v2\/tags?post=34591"}],"curies":[{"name":"wp","href":"https:\/\/api.w.org\/{rel}","templated":true}]}}