{"id":34585,"date":"2021-09-17T09:49:12","date_gmt":"2021-09-17T12:49:12","guid":{"rendered":"https:\/\/www.paranapraia.com.br\/?p=34585"},"modified":"2021-09-17T09:49:12","modified_gmt":"2021-09-17T12:49:12","slug":"pontal-do-parana-chegou-aos-18-na-vacinacao-contra-covid-19","status":"publish","type":"post","link":"https:\/\/www.paranapraia.com.br\/index.php\/2021\/09\/17\/pontal-do-parana-chegou-aos-18-na-vacinacao-contra-covid-19\/","title":{"rendered":"Pontal do Paran\u00e1 chegou aos 18 na vacina\u00e7\u00e3o contra Covid 19"},"content":{"rendered":"\n<p><br>Ao som de muita m\u00fasica, a secretaria municipal de sa\u00fade de Pontal do Paran\u00e1 realizou neste dia (16) a vacina\u00e7\u00e3o contra covid 19 para o p\u00fablico com 18 + na primeira dose.<\/p>\n\n\n\n<p>No total, para a primeira dose foram vacinadas 750 pessoas.<\/p>\n\n\n\n<p>O prefeito Rud\u00e3o Gimenes que vem acompanhando de perto \u00e0 vacina\u00e7\u00e3o agradeceu a tosos os envolvidos na campanha. \u201cQuero agradecer a todos que estiveram nessa miss\u00e3o at\u00e9 o momento. Muitos abriram m\u00e3o do lazer com a fam\u00edlia, do conforto da casa e do dia de descanso para estar na vacina\u00e7\u00e3o. Sem voc\u00ea n\u00e3o chegar\u00edamos a esse resultado\u201d.<\/p>\n\n\n\n<p>O prefeito ainda complementou e falou sobre a campanha at\u00e9 o momento. \u201cHoje com quase 800 doses aplicadas completamos um ciclo da vacina\u00e7\u00e3o contra o covid. Chegamos aos 18+ com uma vacina\u00e7\u00e3o maci\u00e7a da popula\u00e7\u00e3o. Reduzimos a idade de forma gradual, sem fazer politicagem e sim vacinando as morbidades e idades que eram indicadas pelo Minist\u00e9rio da Sa\u00fade\u201d. Declarou Gimenes.<\/p>\n\n\n\n<p>Segunda dose<\/p>\n\n\n\n<p>A vacina\u00e7\u00e3o em segunda dose segue de acordo com o calend\u00e1rio: dia 27 de setembro para aqueles que tomaram a primeira dose at\u00e9 2 de julho com Pfizer e AstraZeneca.<\/p>\n\n\n\n<p>Assessoria<\/p>\n","protected":false},"excerpt":{"rendered":"<p>Ao som de muita m\u00fasica, a secretaria municipal de sa\u00fade de Pontal do Paran\u00e1 realizou neste dia (16) a vacina\u00e7\u00e3o contra covid 19 para o p\u00fablico com 18 + na primeira dose. No total, para a primeira dose foram vacinadas 750 pessoas. O prefeito Rud\u00e3o Gimenes que vem acompanhando de perto \u00e0 vacina\u00e7\u00e3o agradeceu a [&hellip;]<\/p>\n","protected":false},"author":2,"featured_media":34586,"comment_status":"open","ping_status":"open","sticky":false,"template":"","format":"standard","meta":{"advanced_seo_description":"","jetpack_seo_html_title":"","jetpack_seo_noindex":false,"_jetpack_memberships_contains_paid_content":false,"footnotes":""},"categories":[40],"tags":[],"class_list":{"0":"post-34585","1":"post","2":"type-post","3":"status-publish","4":"format-standard","5":"has-post-thumbnail","7":"category-destaques"},"jetpack_featured_media_url":"https:\/\/www.paranapraia.com.br\/wp-content\/uploads\/2021\/09\/WhatsApp-Image-2021-09-16-at-16.59.51-2.jpeg","jetpack_sharing_enabled":true,"_links":{"self":[{"href":"https:\/\/www.paranapraia.com.br\/index.php\/wp-json\/wp\/v2\/posts\/34585"}],"collection":[{"href":"https:\/\/www.paranapraia.com.br\/index.php\/wp-json\/wp\/v2\/posts"}],"about":[{"href":"https:\/\/www.paranapraia.com.br\/index.php\/wp-json\/wp\/v2\/types\/post"}],"author":[{"embeddable":true,"href":"https:\/\/www.paranapraia.com.br\/index.php\/wp-json\/wp\/v2\/users\/2"}],"replies":[{"embeddable":true,"href":"https:\/\/www.paranapraia.com.br\/index.php\/wp-json\/wp\/v2\/comments?post=34585"}],"version-history":[{"count":1,"href":"https:\/\/www.paranapraia.com.br\/index.php\/wp-json\/wp\/v2\/posts\/34585\/revisions"}],"predecessor-version":[{"id":34587,"href":"https:\/\/www.paranapraia.com.br\/index.php\/wp-json\/wp\/v2\/posts\/34585\/revisions\/34587"}],"wp:featuredmedia":[{"embeddable":true,"href":"https:\/\/www.paranapraia.com.br\/index.php\/wp-json\/wp\/v2\/media\/34586"}],"wp:attachment":[{"href":"https:\/\/www.paranapraia.com.br\/index.php\/wp-json\/wp\/v2\/media?parent=34585"}],"wp:term":[{"taxonomy":"category","embeddable":true,"href":"https:\/\/www.paranapraia.com.br\/index.php\/wp-json\/wp\/v2\/categories?post=34585"},{"taxonomy":"post_tag","embeddable":true,"href":"https:\/\/www.paranapraia.com.br\/index.php\/wp-json\/wp\/v2\/tags?post=34585"}],"curies":[{"name":"wp","href":"https:\/\/api.w.org\/{rel}","templated":true}]}}