{"id":34573,"date":"2021-09-16T13:58:37","date_gmt":"2021-09-16T16:58:37","guid":{"rendered":"https:\/\/www.paranapraia.com.br\/?p=34573"},"modified":"2021-09-16T13:58:39","modified_gmt":"2021-09-16T16:58:39","slug":"uninter-esta-entre-os-dez-maiores-grupos-de-ensino-superior-do-brasil","status":"publish","type":"post","link":"https:\/\/www.paranapraia.com.br\/index.php\/2021\/09\/16\/uninter-esta-entre-os-dez-maiores-grupos-de-ensino-superior-do-brasil\/","title":{"rendered":"Uninter est\u00e1 entre os dez maiores grupos de ensino superior do Brasil"},"content":{"rendered":"\n<p>O Grupo Uninter est\u00e1 na lista das mil maiores empresas brasileiras do ranking Valor 1000 e entre as dez maiores institui\u00e7\u00f5es de ensino superior do Brasil. O Grupo completou em junho deste ano 25 anos de atividades dedicadas ao desenvolvimento e transforma\u00e7\u00e3o de pessoas por meio da educa\u00e7\u00e3o.<\/p>\n\n\n\n<p>Sua hist\u00f3ria come\u00e7ou em 1996, quando o professor Wilson&nbsp;Picler fundou o Instituto Brasileiro de Po\u0301s-Graduac\u0327a\u0303o e Extensa\u0303o (IBPEX), com o objetivo de oferecer cursos de po\u0301s-graduac\u0327a\u0303o presencial para professores do ensino fundamental em Curitiba. Quatro anos depois, ele criou a Faculdade Internacional de Curitiba (FACINTER) com cursos presenciais de gradua\u00e7\u00e3o para todos os perfis de alunos.<\/p>\n\n\n\n<p>Sempre inovando, em 2003, o grupo lan\u00e7ou seus primeiros cursos de educa\u00e7\u00e3o a dist\u00e2ncia, sendo um dos pioneiros no Brasil. J\u00e1 no ano seguinte, criou a Faculdade de Tecnologia Internacional (Fatec Internacional) para oferecer cursos tecnol\u00f3gicos, com o objetivo de ampliar ainda mais as oportunidades de educa\u00e7\u00e3o.<\/p>\n\n\n\n<p>Em 2006, o grupo criou sua pr\u00f3pria editora, a Intersaberes, e em 2008 lan\u00e7ou a Solu\u00e7\u00e3o Educacional Uninter, material did\u00e1tico completo para o ensino fundamental, ganhador do Pr\u00eamio Jabuti.<\/p>\n\n\n\n<p>Em 2012, com a fus\u00e3o da Facinter e Fatec, nasce oficialmente o Centro Universit\u00e1rio Internacional Uninter, uma das \u00fanicas institui\u00e7\u00f5es de educa\u00e7\u00e3o a dist\u00e2ncia (EAD) do Brasil recredenciada com nota m\u00e1xima pelo Minist\u00e9rio da Educa\u00e7\u00e3o (MEC). Al\u00e9m disso,&nbsp;o centro universit\u00e1rio conquistou o conceito 4 no \u00cdndice Geral de Cursos (IGC), divulgado pelo MEC e, cerca de 27 cursos de gradua\u00e7\u00e3o possuem nota m\u00e1xima.<\/p>\n\n\n\n<p>Foi uma das primeiras institui\u00e7\u00f5es a oferecer a modalidade de educa\u00e7\u00e3o a dist\u00e2ncia (EAD) no pa\u00eds. Tamb\u00e9m \u00e9 pioneira no lan\u00e7amento de v\u00e1rios cursos de gradua\u00e7\u00e3o e especializa\u00e7\u00e3o, sempre promovendo a forma\u00e7\u00e3o acad\u00eamica que o mercado de trabalho necessita e procura. Isso garante aos alunos formados pelo Centro Universit\u00e1rio altos \u00edndices de empregabilidade e aprova\u00e7\u00e3o em concursos p\u00fablicos.<\/p>\n\n\n\n<p>Atrav\u00e9s de diversas iniciativas, a institui\u00e7\u00e3o promove um ensino superior democr\u00e1tico, permitindo que o conhecimento chegue \u00e0s mais diferentes classes sociais e aos lugares mais remotos do Brasil, aliando qualidade educacional, tecnologia e valores justos.<\/p>\n\n\n\n<p>A qualidade do ensino oferecido pela institui\u00e7\u00e3o \u00e9 garantida pelo seu corpo docente, formado por 80% de mestres e doutores, pela tecnologia empregada em todo o processo de aprendizagem dos alunos e pelo desenvolvimento de metodologias \u00e1geis que dinamizam a forma\u00e7\u00e3o para o mercado de trabalho.<\/p>\n\n\n\n<p>Para seu chanceler e fundador, Wilson Picler, a Uninter \u00e9 uma institui\u00e7\u00e3o que tem como diferenciais a qualidade e a inova\u00e7\u00e3o. \u201cPoder transformar vidas com gera\u00e7\u00e3o de empregos e capacita\u00e7\u00e3o de milh\u00f5es de pessoas pelo mundo \u00e9 o prop\u00f3sito da minha exist\u00eancia. E por ter idealizado esse empreendimento, essa grande reuni\u00e3o de valores humanos, sinto-me extremamente realizado e grato por todos que confiaram e embarcaram nessa empreitada\u201d, completa o presidente do Grupo Uninter.<\/p>\n\n\n\n<p><strong>Modalidades e metodologias inovadoras<\/strong><strong><\/strong><\/p>\n\n\n\n<p>Com os avan\u00e7os da tecnologia, a Uninter desenvolveu m\u00e9todos capazes de se adaptar \u00e0 rotina dos alunos. Todos os conte\u00fados podem ser acessados de smartphones, computadores ou tabletes, fazendo de qualquer lugar o seu ambiente de estudos. Com aulas din\u00e2micas e conte\u00fado dispon\u00edvel em diversos formatos, o aluno tamb\u00e9m conta com suporte on-line e presencial.<\/p>\n\n\n\n<p><strong>EAD:<\/strong>&nbsp;modalidade na qual a Uninter \u00e9 uma institui\u00e7\u00e3o refer\u00eancia. Por meio de uma plataforma virtual intuitiva, o aluno assiste \u00e0s aulas quando e onde quiser, seguindo a sua pr\u00f3pria rotina.<\/p>\n\n\n\n<p><strong>Ao vivo telepresencial:<\/strong>&nbsp;nesta metodologia, aplicada sobre o modelo de ensino a dist\u00e2ncia, as aulas s\u00e3o realizadas ao vivo, quatro vezes por semana. A ideia \u00e9 permitir que o aluno tenha a experi\u00eancia da sala de aula, sem precisar estar nela de fato, interagindo e tirando d\u00favidas em tempo real.<\/p>\n\n\n\n<p><strong>Semipresencial:<\/strong>&nbsp;j\u00e1 nesta metodologia, que tamb\u00e9m tem como base a EAD, h\u00e1 uma mescla entre aprendizagem da teoria a dist\u00e2ncia com pr\u00e1ticas presenciais, dentro da sala de aula ou em laborat\u00f3rios modernos.<\/p>\n\n\n\n<p><strong>Presencial:<\/strong>&nbsp;esta modalidade \u00e9 oferecida somente nos campi de Curitiba\/PR, isso<\/p>\n\n\n\n<p>porque o processo de aprendizagem ocorre com 100% da sua carga hor\u00e1ria, presencialmente, em sala de aula.<\/p>\n\n\n\n<p><strong>Vantagens de ser aluno Uninter<\/strong><strong><\/strong><\/p>\n\n\n\n<p><strong>Livros f\u00edsicos e digitais<\/strong><strong><\/strong><\/p>\n\n\n\n<p>Ao inv\u00e9s de simples apostilas, os alunos recebem o melhor conte\u00fado gratuitamente, impresso e digital. Tamb\u00e9m \u00e9 poss\u00edvel acessar um grande acervo online dentro de uma plataforma exclusiva.<\/p>\n\n\n\n<p><strong>Pacote Office<\/strong><strong><\/strong><\/p>\n\n\n\n<p>Todos os alunos recebem acesso gratuito ao melhor pacote online de ferramentas do mundo.<\/p>\n\n\n\n<p><strong>Plataforma digital<\/strong><strong><\/strong><\/p>\n\n\n\n<p>Dentro de um ambiente virtual de aprendizagem moderno, cada estudante pode acessar sua situa\u00e7\u00e3o acad\u00eamica, tirar d\u00favidas, participar de eventos online, entre outras atividades.<\/p>\n\n\n\n<p><strong>Cursos de ingl\u00eas gr\u00e1tis<\/strong><strong><\/strong><\/p>\n\n\n\n<p>Cada aluno matriculado pode aprender um novo idioma 100% online para turbinar o curr\u00edculo.<\/p>\n\n\n\n<p><strong>SIANEE<\/strong><strong><\/strong><\/p>\n\n\n\n<p>O Servi\u00e7o de Inclus\u00e3o e Atendimento aos Alunos com Necessidades Educacionais<\/p>\n\n\n\n<p>Especiais oferece tratamento adequado e emp\u00e1tico a alunos com defici\u00eancia.<\/p>\n\n\n\n<p><strong>Laborat\u00f3rios port\u00e1teis<\/strong><strong><\/strong><\/p>\n\n\n\n<p>Diversos cursos da Uninter contam com ferramentas completas que auxiliam na elabora\u00e7\u00e3o de trabalhos e outros experimentos pr\u00e1ticos sem sair de casa. Os laborat\u00f3rios port\u00e1teis s\u00e3o compostos por assess\u00f3rios de atividades profissional. Entre os cursos beneficiados com esses equipamentos est\u00e3o: Engenharia, Design Gr\u00e1fico, F\u00edsica, Qu\u00edmica, Jornalismo, entre outros.<\/p>\n\n\n\n<p><strong>Pr\u00eamios e reconhecimentos<\/strong><strong><\/strong><\/p>\n\n\n\n<p>Desde 2009, e por doze anos consecutivos, a Uninter \u00e9 a marca mais lembrada em educa\u00e7\u00e3o a dist\u00e2ncia do Brasil no Pr\u00eamio Top Educa\u00e7\u00e3o.<\/p>\n\n\n\n<p>Em 2018, foi eleita a melhor institui\u00e7\u00e3o de educa\u00e7\u00e3o a dist\u00e2ncia do Brasil, segundo a revista brit\u00e2nica Corporate Vision.<\/p>\n\n\n\n<p>\u00c9 a \u00fanica institui\u00e7\u00e3o de educa\u00e7\u00e3o a dist\u00e2ncia com aluno vencedor do Pr\u00eamio Santander Empreendedorismo 2014.<\/p>\n\n\n\n<p>Duas vezes vencedora do Pr\u00eamio Jabuti, considerado o Oscar da literatura brasileira (2015, pela Editora InterSaberes, e 2010, pela Editora Uninter \u2013 IBPEX).<\/p>\n\n\n\n<p>Em 2014, foi eleita a melhor institui\u00e7\u00e3o em educa\u00e7\u00e3o a dist\u00e2ncia do Brasil pela Associa\u00e7\u00e3o Brasileira dos Estudantes de Educa\u00e7\u00e3o a Dist\u00e2ncia (ABE-EAD).<\/p>\n\n\n\n<p>Foi a vencedora do Pr\u00eamio Reclame Aqui 2020 de melhor atendimento do Brasil, na categoria Educa\u00e7\u00e3o \u2013 Universidades e Faculdades.<\/p>\n\n\n\n<p>Em 2020, a Uninter se tornou uma das 10 empresas de maior destaque do Brasil, segundo o Pr\u00eamio Valor 1000 (categoria Educa\u00e7\u00e3o e Ensino), do Jornal Valor Econ\u00f4mico.<\/p>\n\n\n\n<p>A Uninter tamb\u00e9m recebeu o Pr\u00eamio Sesi ODS 2020 e agora faz parte do importante grupo de 200 organiza\u00e7\u00f5es paranaenses que assumiram o protagonismo na realiza\u00e7\u00e3o de boas pr\u00e1ticas para a preven\u00e7\u00e3o e combate \u00e0 Covid-19.<\/p>\n\n\n\n<p><strong>Estrutura Uninter <\/strong><strong><\/strong><\/p>\n\n\n\n<figure class=\"wp-block-table\"><table><tbody><tr><td>Colaboradores: <strong>1600 <\/strong>funcion\u00e1rios nas \u00e1reas administrativa e acad\u00eamica.<\/td><\/tr><tr><td>Alunos formados: mais de <strong>505<\/strong>&nbsp;mil alunos formados.<\/td><\/tr><tr><td>Alunos ativos: mais de <strong>300<\/strong>&nbsp;mil alunos atualmente.<\/td><\/tr><tr><td>Cursos: mais de <strong>400<\/strong>&nbsp;cursos entre <strong>gradua\u00e7\u00e3o, p\u00f3s-gradua\u00e7\u00e3o, mestrado, doutorado e extens\u00e3o<\/strong><strong><\/strong><\/td><\/tr><tr><td>Metodologia de ensino: <strong>presencial, EAD, semipresencial e telepresencial<\/strong>.<\/td><\/tr><tr><td>Polos: <strong>700<\/strong>&nbsp;polos de apoio presencial para alunos da EAD distribu\u00eddos de <strong>norte a sul do Brasil<\/strong>, al\u00e9m de <strong>Estados Unidos, Europa e \u00c1sia.<\/strong><strong><\/strong><\/td><\/tr><\/tbody><\/table><\/figure>\n\n\n\n<p>Assessoria<\/p>\n","protected":false},"excerpt":{"rendered":"<p>O Grupo Uninter est\u00e1 na lista das mil maiores empresas brasileiras do ranking Valor 1000 e entre as dez maiores institui\u00e7\u00f5es de ensino superior do Brasil. O Grupo completou em junho deste ano 25 anos de atividades dedicadas ao desenvolvimento e transforma\u00e7\u00e3o de pessoas por meio da educa\u00e7\u00e3o. Sua hist\u00f3ria come\u00e7ou em 1996, quando o [&hellip;]<\/p>\n","protected":false},"author":2,"featured_media":34574,"comment_status":"open","ping_status":"open","sticky":false,"template":"","format":"standard","meta":{"advanced_seo_description":"","jetpack_seo_html_title":"","jetpack_seo_noindex":false,"_jetpack_memberships_contains_paid_content":false,"footnotes":""},"categories":[40],"tags":[],"class_list":{"0":"post-34573","1":"post","2":"type-post","3":"status-publish","4":"format-standard","5":"has-post-thumbnail","7":"category-destaques"},"jetpack_featured_media_url":"https:\/\/www.paranapraia.com.br\/wp-content\/uploads\/2021\/09\/WhatsApp-Image-2021-09-09-at-16.35.07.jpeg","jetpack_sharing_enabled":true,"_links":{"self":[{"href":"https:\/\/www.paranapraia.com.br\/index.php\/wp-json\/wp\/v2\/posts\/34573"}],"collection":[{"href":"https:\/\/www.paranapraia.com.br\/index.php\/wp-json\/wp\/v2\/posts"}],"about":[{"href":"https:\/\/www.paranapraia.com.br\/index.php\/wp-json\/wp\/v2\/types\/post"}],"author":[{"embeddable":true,"href":"https:\/\/www.paranapraia.com.br\/index.php\/wp-json\/wp\/v2\/users\/2"}],"replies":[{"embeddable":true,"href":"https:\/\/www.paranapraia.com.br\/index.php\/wp-json\/wp\/v2\/comments?post=34573"}],"version-history":[{"count":1,"href":"https:\/\/www.paranapraia.com.br\/index.php\/wp-json\/wp\/v2\/posts\/34573\/revisions"}],"predecessor-version":[{"id":34575,"href":"https:\/\/www.paranapraia.com.br\/index.php\/wp-json\/wp\/v2\/posts\/34573\/revisions\/34575"}],"wp:featuredmedia":[{"embeddable":true,"href":"https:\/\/www.paranapraia.com.br\/index.php\/wp-json\/wp\/v2\/media\/34574"}],"wp:attachment":[{"href":"https:\/\/www.paranapraia.com.br\/index.php\/wp-json\/wp\/v2\/media?parent=34573"}],"wp:term":[{"taxonomy":"category","embeddable":true,"href":"https:\/\/www.paranapraia.com.br\/index.php\/wp-json\/wp\/v2\/categories?post=34573"},{"taxonomy":"post_tag","embeddable":true,"href":"https:\/\/www.paranapraia.com.br\/index.php\/wp-json\/wp\/v2\/tags?post=34573"}],"curies":[{"name":"wp","href":"https:\/\/api.w.org\/{rel}","templated":true}]}}