{"id":34570,"date":"2021-09-16T13:55:46","date_gmt":"2021-09-16T16:55:46","guid":{"rendered":"https:\/\/www.paranapraia.com.br\/?p=34570"},"modified":"2021-09-16T13:55:47","modified_gmt":"2021-09-16T16:55:47","slug":"corpo-de-bombeiros-abre-167-vagas-em-curso-de-guarda-vidas-civil-voluntario-para-temporada","status":"publish","type":"post","link":"https:\/\/www.paranapraia.com.br\/index.php\/2021\/09\/16\/corpo-de-bombeiros-abre-167-vagas-em-curso-de-guarda-vidas-civil-voluntario-para-temporada\/","title":{"rendered":"Corpo de Bombeiros abre 167 vagas em curso de guarda-vidas civil volunt\u00e1rio para temporada"},"content":{"rendered":"\n<p>O Corpo de Bombeiros do Paran\u00e1 vai disponibilizar 167 vagas para o curso destinado a pessoas que queiram trabalhar como guarda-vidas civil no Litoral e nas regi\u00f5es Noroeste e Oeste do Estado na temporada de ver\u00e3o 2021\/2022. A inscri\u00e7\u00e3o para a capacita\u00e7\u00e3o \u00e9 gratuita e deve ser feita no\u00a0site da corpora\u00e7\u00e3o\u00a0at\u00e9 \u00e0s 12h do dia 15 de outubro de 2021.<\/p>\n\n\n\n<p>Os guarda-vidas civis atuar\u00e3o como refor\u00e7o ao trabalho dos bombeiros militares na preven\u00e7\u00e3o de ocorr\u00eancias e no atendimento a afogamentos no mar, rios e lagos.<\/p>\n\n\n\n<p>Das 167 vagas, 90 s\u00e3o para os munic\u00edpios litor\u00e2neos de Matinhos, Guaratuba e Pontal do Paran\u00e1 (30 vagas para cada munic\u00edpio), 30 vagas para a regi\u00e3o de Paranava\u00ed (Noroeste), 25 para Foz do Igua\u00e7u (Oeste), 12 para Umuarama (Noroeste) e 10 para Morretes (Litoral).<\/p>\n\n\n\n<p>Na inscri\u00e7\u00e3o o candidato deve apontar onde quer fazer o curso.&nbsp;Para efetivar a inscri\u00e7\u00e3o \u00e9 necess\u00e1rio&nbsp;ter entre 18 e 50 anos, ser brasileiro nato, ter conclu\u00eddo o Ensino M\u00e9dio at\u00e9 a data de t\u00e9rmino das inscri\u00e7\u00f5es (15 de outubro)&nbsp;e n\u00e3o possuir antecedentes criminais.<\/p>\n\n\n\n<p><strong>ETAPAS&nbsp;<\/strong>\u2013A sele\u00e7\u00e3o ser\u00e1 dividida entre as etapas de inscri\u00e7\u00e3o, exame de capacidade f\u00edsica e entrega de exames, documento e matr\u00edcula. Conclu\u00eddas essas fases, a previs\u00e3o de in\u00edcio da etapa de instru\u00e7\u00e3o \u00e9 no dia 16 de novembro. O est\u00e1gio operacional ocorrer\u00e1 a partir do dia 10 de dezembro.<\/p>\n\n\n\n<p>As datas do cronograma podem ser alteradas pelo Corpo de Bombeiros em edital \u00e0 parte e cabe aos candidatos acompanhar o andamento do concurso no site oficial da institui\u00e7\u00e3o.<\/p>\n\n\n\n<p>No per\u00edodo de est\u00e1gio, o guarda-civil volunt\u00e1rio receber\u00e1 o uniforme e uma ajuda de custo para cobrir despesas de alimenta\u00e7\u00e3o e hospedagem no valor de R$ 100,00 por dia trabalhado.<\/p>\n\n\n\n<p>AEN<\/p>\n","protected":false},"excerpt":{"rendered":"<p>O Corpo de Bombeiros do Paran\u00e1 vai disponibilizar 167 vagas para o curso destinado a pessoas que queiram trabalhar como guarda-vidas civil no Litoral e nas regi\u00f5es Noroeste e Oeste do Estado na temporada de ver\u00e3o 2021\/2022. A inscri\u00e7\u00e3o para a capacita\u00e7\u00e3o \u00e9 gratuita e deve ser feita no\u00a0site da corpora\u00e7\u00e3o\u00a0at\u00e9 \u00e0s 12h do dia [&hellip;]<\/p>\n","protected":false},"author":2,"featured_media":34571,"comment_status":"open","ping_status":"open","sticky":false,"template":"","format":"standard","meta":{"advanced_seo_description":"","jetpack_seo_html_title":"","jetpack_seo_noindex":false,"_jetpack_memberships_contains_paid_content":false,"footnotes":""},"categories":[40],"tags":[],"class_list":{"0":"post-34570","1":"post","2":"type-post","3":"status-publish","4":"format-standard","5":"has-post-thumbnail","7":"category-destaques"},"jetpack_featured_media_url":"https:\/\/www.paranapraia.com.br\/wp-content\/uploads\/2021\/09\/news_interna_EquipedeGuardaVidasPraiaMatinhos.jpg","jetpack_sharing_enabled":true,"_links":{"self":[{"href":"https:\/\/www.paranapraia.com.br\/index.php\/wp-json\/wp\/v2\/posts\/34570"}],"collection":[{"href":"https:\/\/www.paranapraia.com.br\/index.php\/wp-json\/wp\/v2\/posts"}],"about":[{"href":"https:\/\/www.paranapraia.com.br\/index.php\/wp-json\/wp\/v2\/types\/post"}],"author":[{"embeddable":true,"href":"https:\/\/www.paranapraia.com.br\/index.php\/wp-json\/wp\/v2\/users\/2"}],"replies":[{"embeddable":true,"href":"https:\/\/www.paranapraia.com.br\/index.php\/wp-json\/wp\/v2\/comments?post=34570"}],"version-history":[{"count":1,"href":"https:\/\/www.paranapraia.com.br\/index.php\/wp-json\/wp\/v2\/posts\/34570\/revisions"}],"predecessor-version":[{"id":34572,"href":"https:\/\/www.paranapraia.com.br\/index.php\/wp-json\/wp\/v2\/posts\/34570\/revisions\/34572"}],"wp:featuredmedia":[{"embeddable":true,"href":"https:\/\/www.paranapraia.com.br\/index.php\/wp-json\/wp\/v2\/media\/34571"}],"wp:attachment":[{"href":"https:\/\/www.paranapraia.com.br\/index.php\/wp-json\/wp\/v2\/media?parent=34570"}],"wp:term":[{"taxonomy":"category","embeddable":true,"href":"https:\/\/www.paranapraia.com.br\/index.php\/wp-json\/wp\/v2\/categories?post=34570"},{"taxonomy":"post_tag","embeddable":true,"href":"https:\/\/www.paranapraia.com.br\/index.php\/wp-json\/wp\/v2\/tags?post=34570"}],"curies":[{"name":"wp","href":"https:\/\/api.w.org\/{rel}","templated":true}]}}