{"id":34559,"date":"2021-09-15T15:30:25","date_gmt":"2021-09-15T18:30:25","guid":{"rendered":"https:\/\/www.paranapraia.com.br\/?p=34559"},"modified":"2021-09-15T15:30:28","modified_gmt":"2021-09-15T18:30:28","slug":"transporte-coletivo-vai-entrar-em-alguns-balnearios-de-pontal-do-parana","status":"publish","type":"post","link":"https:\/\/www.paranapraia.com.br\/index.php\/2021\/09\/15\/transporte-coletivo-vai-entrar-em-alguns-balnearios-de-pontal-do-parana\/","title":{"rendered":"Transporte coletivo vai entrar em alguns balne\u00e1rios de Pontal do Paran\u00e1"},"content":{"rendered":"\n<p>A comunidade pontalense agora conta com uma novidade muito importante para a mobilidade urbana. A linha da empresa Oce\u00e2nica respons\u00e1vel pelo transporte coletivo municipal, atendendo uma antiga solicita\u00e7\u00e3o da comunidade e agora da prefeitura municipal, est\u00e1 colocando \u00f4nibus da frota para entrar em alguns balne\u00e1rios do munic\u00edpio.<\/p>\n\n\n\n<p>Esta a\u00e7\u00e3o \u00e9 in\u00e9dita na cidade, pois os \u00f4nibus sempre circularam apenas na rodovia, na Pr 412 e nunca tiveram rotas dentro dos balne\u00e1rios. Dificultando para os usu\u00e1rios do transporte coletivo que sempre ficaram sem alternativas para chegar mais pr\u00f3ximos de seus destinos.<\/p>\n\n\n\n<p>Rotas<\/p>\n\n\n\n<p>O projeto ganhou o nome de \u201c\u00d4nibus no Bairro\u201d e por enquanto, a linha est\u00e1 entrando no Balne\u00e1rio Shangril\u00e1. Ele entra na Rua: Campo Mour\u00e3o, vira na Rua S\u00e3o Francisco e sobe na Av. Guaratuba sentido Pontal do Sul. Essa linha entra neste balne\u00e1rio \u00e0s 10h50 e 16h25. J\u00e1 no sentido Praia de Leste faz o inverso \u00e0s 9h45 e \u00e0s 16h20.&nbsp;&nbsp;&nbsp;&nbsp;<\/p>\n\n\n\n<p>No Balne\u00e1rio de Ipanema o \u00f4nibus entra na Av. Xingu, vira na Av. Javari e sobe at\u00e9 a Av. 20 de Dezembro \u00e0s 12h20 e 17h20 no sentido Pontal do Sul. J\u00e1 no sentido Praia de Leste tem \u00f4nibus \u00e0s 12h30 e 17h30.<\/p>\n\n\n\n<p>A outra rota \u00e9 do Jardim Jacarand\u00e1. O \u00f4nibus entra na Rua Agr\u00edcola, passa pelo Col\u00e9gio Ezequiel \u00e0s 6h45 e sobe a Av. Copacabana.<\/p>\n\n\n\n<p>Amplia\u00e7\u00e3o e Mobilidade Urbana<\/p>\n\n\n\n<p>O secret\u00e1rio municipal de Projetos e planejamento urbano, Heitor Kayamori explica que a prefeitura vem cobrando a empresa para ampliar o servi\u00e7o do transporte, na forma de que o usu\u00e1rio se desloque menos com o \u00f4nibus entrando dentro dos balne\u00e1rios. \u201cPodemos dizer quem este \u00e9 um come\u00e7o, est\u00e1 na fase de estudos, mas o intuito \u00e9 ampliar para todos os balne\u00e1rios\u201d.<\/p>\n\n\n\n<p>A prefeitura desde o come\u00e7o da atual gest\u00e3o vem cobrando da empresa de transporte municipal que haja mais mobilidade urbana, para que estes ve\u00edculos n\u00e3o transitem mais apenas pela rodovia e deem este conforto ao usu\u00e1rio. Esta tamb\u00e9m \u00e9 uma reivindica\u00e7\u00e3o que foi tratada e aprovada pelo Conselho Municipal de Mobilidade. \u201cA ideia mesmo \u00e9 que se tenha mais acessibilidade para todos os usu\u00e1rios do transporte coletivo\u201d. Finalizou Kayamori<\/p>\n\n\n\n<p>O prefeito Rud\u00e3o Gimenes j\u00e1 tem a expectativa da expans\u00e3o deste servi\u00e7o. Fazendo com que a empresa amplie linhas para demais balne\u00e1rios. Este empenho j\u00e1 faz parte de plano de campanha. <\/p>\n\n\n\n<p>\u201cFalamos muito disso em campanha, em melhorar a qualidade do transporte e a mobilidade do usu\u00e1rio. Temos a expectativa de que os \u00f4nibus entrem em mais balne\u00e1rios, ampliando este servi\u00e7o, principalmente quando tivermos o Plano de Mobilidade Urbana que ser\u00e1 finalizado at\u00e9 o final do ano ou come\u00e7o de 2022\u201d. Declarou Gimenes. \u00a0<\/p>\n\n\n\n<p>Assessoria<\/p>\n\n\n\n<p><\/p>\n","protected":false},"excerpt":{"rendered":"<p>A comunidade pontalense agora conta com uma novidade muito importante para a mobilidade urbana. A linha da empresa Oce\u00e2nica respons\u00e1vel pelo transporte coletivo municipal, atendendo uma antiga solicita\u00e7\u00e3o da comunidade e agora da prefeitura municipal, est\u00e1 colocando \u00f4nibus da frota para entrar em alguns balne\u00e1rios do munic\u00edpio. Esta a\u00e7\u00e3o \u00e9 in\u00e9dita na cidade, pois os [&hellip;]<\/p>\n","protected":false},"author":2,"featured_media":34560,"comment_status":"open","ping_status":"open","sticky":false,"template":"","format":"standard","meta":{"advanced_seo_description":"","jetpack_seo_html_title":"","jetpack_seo_noindex":false,"_jetpack_memberships_contains_paid_content":false,"footnotes":""},"categories":[40],"tags":[],"class_list":{"0":"post-34559","1":"post","2":"type-post","3":"status-publish","4":"format-standard","5":"has-post-thumbnail","7":"category-destaques"},"jetpack_featured_media_url":"https:\/\/www.paranapraia.com.br\/wp-content\/uploads\/2021\/09\/gd_150921150708_whatsapp_image_20210915_at_14_22_18_jpeg.jpeg","jetpack_sharing_enabled":true,"_links":{"self":[{"href":"https:\/\/www.paranapraia.com.br\/index.php\/wp-json\/wp\/v2\/posts\/34559"}],"collection":[{"href":"https:\/\/www.paranapraia.com.br\/index.php\/wp-json\/wp\/v2\/posts"}],"about":[{"href":"https:\/\/www.paranapraia.com.br\/index.php\/wp-json\/wp\/v2\/types\/post"}],"author":[{"embeddable":true,"href":"https:\/\/www.paranapraia.com.br\/index.php\/wp-json\/wp\/v2\/users\/2"}],"replies":[{"embeddable":true,"href":"https:\/\/www.paranapraia.com.br\/index.php\/wp-json\/wp\/v2\/comments?post=34559"}],"version-history":[{"count":1,"href":"https:\/\/www.paranapraia.com.br\/index.php\/wp-json\/wp\/v2\/posts\/34559\/revisions"}],"predecessor-version":[{"id":34561,"href":"https:\/\/www.paranapraia.com.br\/index.php\/wp-json\/wp\/v2\/posts\/34559\/revisions\/34561"}],"wp:featuredmedia":[{"embeddable":true,"href":"https:\/\/www.paranapraia.com.br\/index.php\/wp-json\/wp\/v2\/media\/34560"}],"wp:attachment":[{"href":"https:\/\/www.paranapraia.com.br\/index.php\/wp-json\/wp\/v2\/media?parent=34559"}],"wp:term":[{"taxonomy":"category","embeddable":true,"href":"https:\/\/www.paranapraia.com.br\/index.php\/wp-json\/wp\/v2\/categories?post=34559"},{"taxonomy":"post_tag","embeddable":true,"href":"https:\/\/www.paranapraia.com.br\/index.php\/wp-json\/wp\/v2\/tags?post=34559"}],"curies":[{"name":"wp","href":"https:\/\/api.w.org\/{rel}","templated":true}]}}