{"id":3454,"date":"2019-03-29T23:42:23","date_gmt":"2019-03-30T02:42:23","guid":{"rendered":"https:\/\/www.paranapraia.com.br\/?p=3454"},"modified":"2019-03-29T23:42:24","modified_gmt":"2019-03-30T02:42:24","slug":"venda-de-pinhao-esta-liberada-a-partir-de-segunda-feira","status":"publish","type":"post","link":"https:\/\/www.paranapraia.com.br\/index.php\/2019\/03\/29\/venda-de-pinhao-esta-liberada-a-partir-de-segunda-feira\/","title":{"rendered":"Venda de pinh\u00e3o est\u00e1 liberada a partir de segunda-feira"},"content":{"rendered":"\n<p>O Instituto Ambiental do Paran\u00e1 (IAP) destaca que a colheita, a venda, o transporte e o armazenamento do pinh\u00e3o est\u00e3o liberados a partir de segunda-feira, 1\u00ba de abril. As normas e instru\u00e7\u00f5es s\u00e3o estabelecidas com o objetivo de conciliar a gera\u00e7\u00e3o de renda e proteger a reprodu\u00e7\u00e3o da arauc\u00e1ria, \u00e1rvore s\u00edmbolo do Paran\u00e1 e amea\u00e7ada de extin\u00e7\u00e3o.<\/p>\n\n\n\n<p>Quer emagrecer, sugerimos que acesse esse link para saber mais sobre essa dica que realmente tem resultados incr\u00edveis: <\/p>\n\n\n\n<p>Mesmo sendo colhido na data permitida, a regulamenta\u00e7\u00e3o pro\u00edbe, em qualquer data, o consumo e a venda das sementes verdes, quando o pinh\u00e3o apresenta cor esbranqui\u00e7ada e alto teor de umidade. Nesse estado, as pinhas podem conter fungos e ser prejudicial \u00e0 sa\u00fade.<\/p>\n\n\n\n<p>A recomenda\u00e7\u00e3o \u00e9 que a semente seja colhida de pinhas que j\u00e1 ca\u00edram, evitando tamb\u00e9m o risco de queda ao subir numa arauc\u00e1ria. \u201c\u00c9 importante respeitar a data estabelecida para maior probabilidade da semente estar madura, garantindo a perpetuidade da esp\u00e9cie e alimenta\u00e7\u00e3o da fauna\u201d, explica o chefe do Departamento de Fiscaliza\u00e7\u00e3o Ambiental do IAP, Ivo Good.<\/p>\n\n\n\n<p>Tamb\u00e9m n\u00e3o \u00e9 permitida a venda de pinh\u00f5es trazidos de outros Estados, sendo obrigat\u00f3rio que respeitar as normas locais.<\/p>\n\n\n\n<p><strong>MULTA<\/strong>&nbsp;&#8211; De acordo com as normas ambientais, a pessoa que for flagrada na venda, transporte ou no armazenamento do pinh\u00e3o antes de 1\u00ba de abril est\u00e1 sujeita a responder a processos administrativo e criminal, al\u00e9m de receber auto de infra\u00e7\u00e3o ambiental e multa de R$ 300,00 para cada 60 quilos de pinh\u00e3o.<\/p>\n\n\n\n<p><strong>DEN\u00daNCIAS<\/strong>&nbsp;&#8211; Den\u00fancias sobre a venda irregular de pinh\u00e3o e demais infra\u00e7\u00f5es ambientais, podem ser feitas no link \u201cFale Conosco\u201d, no site do IAP (http:\/\/www.iap.pr.gov.br), pelo telefone do IAP Curitiba: (41) 3213-3700 ou regionais do IAP e Pol\u00edcia Ambiental.<\/p>\n","protected":false},"excerpt":{"rendered":"<p>O Instituto Ambiental do Paran\u00e1 (IAP) destaca que a colheita, a venda, o transporte e o armazenamento do pinh\u00e3o est\u00e3o liberados a partir de segunda-feira, 1\u00ba de abril. As normas e instru\u00e7\u00f5es s\u00e3o estabelecidas com o objetivo de conciliar a gera\u00e7\u00e3o de renda e proteger a reprodu\u00e7\u00e3o da arauc\u00e1ria, \u00e1rvore s\u00edmbolo do Paran\u00e1 e amea\u00e7ada [&hellip;]<\/p>\n","protected":false},"author":2,"featured_media":3455,"comment_status":"open","ping_status":"open","sticky":false,"template":"","format":"standard","meta":{"advanced_seo_description":"","jetpack_seo_html_title":"","jetpack_seo_noindex":false,"_jetpack_memberships_contains_paid_content":false,"footnotes":""},"categories":[40],"tags":[],"class_list":{"0":"post-3454","1":"post","2":"type-post","3":"status-publish","4":"format-standard","5":"has-post-thumbnail","7":"category-destaques"},"jetpack_featured_media_url":"https:\/\/www.paranapraia.com.br\/wp-content\/uploads\/2019\/03\/pinhao-1.jpg","jetpack_sharing_enabled":true,"_links":{"self":[{"href":"https:\/\/www.paranapraia.com.br\/index.php\/wp-json\/wp\/v2\/posts\/3454"}],"collection":[{"href":"https:\/\/www.paranapraia.com.br\/index.php\/wp-json\/wp\/v2\/posts"}],"about":[{"href":"https:\/\/www.paranapraia.com.br\/index.php\/wp-json\/wp\/v2\/types\/post"}],"author":[{"embeddable":true,"href":"https:\/\/www.paranapraia.com.br\/index.php\/wp-json\/wp\/v2\/users\/2"}],"replies":[{"embeddable":true,"href":"https:\/\/www.paranapraia.com.br\/index.php\/wp-json\/wp\/v2\/comments?post=3454"}],"version-history":[{"count":1,"href":"https:\/\/www.paranapraia.com.br\/index.php\/wp-json\/wp\/v2\/posts\/3454\/revisions"}],"predecessor-version":[{"id":3456,"href":"https:\/\/www.paranapraia.com.br\/index.php\/wp-json\/wp\/v2\/posts\/3454\/revisions\/3456"}],"wp:featuredmedia":[{"embeddable":true,"href":"https:\/\/www.paranapraia.com.br\/index.php\/wp-json\/wp\/v2\/media\/3455"}],"wp:attachment":[{"href":"https:\/\/www.paranapraia.com.br\/index.php\/wp-json\/wp\/v2\/media?parent=3454"}],"wp:term":[{"taxonomy":"category","embeddable":true,"href":"https:\/\/www.paranapraia.com.br\/index.php\/wp-json\/wp\/v2\/categories?post=3454"},{"taxonomy":"post_tag","embeddable":true,"href":"https:\/\/www.paranapraia.com.br\/index.php\/wp-json\/wp\/v2\/tags?post=3454"}],"curies":[{"name":"wp","href":"https:\/\/api.w.org\/{rel}","templated":true}]}}