{"id":34539,"date":"2021-09-04T13:32:00","date_gmt":"2021-09-04T16:32:00","guid":{"rendered":"https:\/\/www.paranapraia.com.br\/?p=34539"},"modified":"2021-09-15T13:46:03","modified_gmt":"2021-09-15T16:46:03","slug":"jovem-faz-laqueadura-aos-25-anos-e-declara-o-corpo-e-meu-a-vida-e-minha-eu-sempre-tive-certeza","status":"publish","type":"post","link":"https:\/\/www.paranapraia.com.br\/index.php\/2021\/09\/04\/jovem-faz-laqueadura-aos-25-anos-e-declara-o-corpo-e-meu-a-vida-e-minha-eu-sempre-tive-certeza\/","title":{"rendered":"Jovem faz laqueadura aos 25 anos e declara: \u201cO corpo \u00e9 meu, a vida \u00e9 minha, eu sempre tive certeza\u201d"},"content":{"rendered":"\n<p>A maternidade, por muitos anos, era considerada um tra\u00e7o inerente \u00e0s mulheres, das quais se esperava que, em algum momento da vida, quisessem ter filhos. Mas sabemos muito bem que essa decis\u00e3o n\u00e3o se aplica a todas.<\/p>\n\n\n\n<p>Karoline Alves trabalha como assistente administrativa e decidiu, aos 25 anos, fazer laqueadura, cirurgia para n\u00e3o ter filhos. De acordo com a BBC News Brasil, ela ficou sabendo que esse procedimento existia na adolesc\u00eancia e relatou que sempre teve a certeza de que n\u00e3o queria ser m\u00e3e.<\/p>\n\n\n\n<p>A jovem comentou que, mesmo utilizando de outros m\u00e9todos contraceptivos, a cada vez que a menstrua\u00e7\u00e3o atrasava, era uma preocupa\u00e7\u00e3o. Alegou que nunca se viu tendo filhos, e ter a possibilidade de fazer a cirurgia lhe daria uma preocupa\u00e7\u00e3o a menos na vida, afirmou.<\/p>\n\n\n\n<h3 class=\"wp-block-heading\">Por\u00e9m as hist\u00f3rias que ouvia sobre a dificuldade do procedimento a desanimaram, pois escutava de muitas pessoas que teria de ter pelo menos dois filhos para se tornar inf\u00e9rtil por meio dessa cirurgia. Karoline achava que isso n\u00e3o fazia sentido, pois exclu\u00eda quem n\u00e3o gostaria de ter filho nenhum.<\/h3>\n\n\n\n<p>Aos 25 anos, ela decidiu checar por si mesma como proceder para conseguir a opera\u00e7\u00e3o. Descobriu que essa era a idade m\u00ednima exigida pela lei para que mulheres fizessem cirurgia de esteriliza\u00e7\u00e3o. Relatou que levou a lei impressa para a m\u00e9dica, caso algu\u00e9m a proibisse de fazer o procedimento. Mas ficou surpreendida de maneira positiva ao ver que n\u00e3o teria resist\u00eancia. Foi a primeira vez que ela entrou em consulta com a profissional m\u00e9dica.<\/p>\n\n\n\n<p>A jovem, agora com 26 anos, comenta que foi um grande al\u00edvio, pois imaginou que seria mais dif\u00edcil por conta das hist\u00f3rias que escutou. Ela decidiu compartilhar sua decis\u00e3o no Facebook, que alcan\u00e7ou 20 mil curtidas e 16 mil coment\u00e1rios.<\/p>\n\n\n\n<p>Declarou que, na maioria, as mensagens eram de pessoas com d\u00favidas sobre o caminho que deveriam seguir para fazer a opera\u00e7\u00e3o e curiosidades sobre como foi passar pelo procedimento. Karoline afirma que quis compartilhar sua hist\u00f3ria para que outras mulheres que n\u00e3o querem ser m\u00e3es saibam que \u00e9 poss\u00edvel e que n\u00e3o desanimem, pois todas precisam correr atr\u00e1s dos direitos.<\/p>\n\n\n\n<h3 class=\"wp-block-heading\">Alguns coment\u00e1rios foram de cr\u00edticas \u00e0 sua decis\u00e3o, mas ela relatou que parou de acompanhar e s\u00f3 responde a quem manda mensagem. Karoline disse que a m\u00e9dica conversou bastante com ela, perguntou se ela tinha certeza, porque \u00e9 um m\u00e9todo radical e a revers\u00e3o \u00e9 dif\u00edcil.<\/h3>\n\n\n\n<p>Como a jovem sempre foi firme em sua decis\u00e3o, ela foi encaminhada para a cirurgia, que s\u00f3 foi realizada depois de exames cl\u00ednicos e acompanhamento psicol\u00f3gico por dois meses. Al\u00e9m disso, foi informada dos riscos, poss\u00edveis efeitos colaterais e que pode ocorrer chances de falha, j\u00e1 que nenhum m\u00e9todo \u00e9 100% seguro, explicou.<\/p>\n\n\n\n<p>Karoline afirma que o corpo \u00e9 dela, a vida tamb\u00e9m, e sempre teve certeza, por isso acha que n\u00e3o vai se arrepender, j\u00e1 que o procedimento foi a realiza\u00e7\u00e3o de um sonho. Disse que a fam\u00edlia aceitou sua decis\u00e3o de n\u00e3o ser m\u00e3e, pois era algo que sempre soube, e lhe deu muito apoio. Quanto \u00e0s pessoas de fora, que a criticam sobre o procedimento, ela conclui que acham que a verdade delas \u00e9 a de todo mundo.<\/p>\n\n\n\n<p>O Segredo<\/p>\n","protected":false},"excerpt":{"rendered":"<p>A maternidade, por muitos anos, era considerada um tra\u00e7o inerente \u00e0s mulheres, das quais se esperava que, em algum momento da vida, quisessem ter filhos. Mas sabemos muito bem que essa decis\u00e3o n\u00e3o se aplica a todas. Karoline Alves trabalha como assistente administrativa e decidiu, aos 25 anos, fazer laqueadura, cirurgia para n\u00e3o ter filhos. [&hellip;]<\/p>\n","protected":false},"author":2,"featured_media":34540,"comment_status":"open","ping_status":"open","sticky":false,"template":"","format":"standard","meta":{"advanced_seo_description":"","jetpack_seo_html_title":"","jetpack_seo_noindex":false,"_jetpack_memberships_contains_paid_content":false,"footnotes":""},"categories":[50],"tags":[],"class_list":{"0":"post-34539","1":"post","2":"type-post","3":"status-publish","4":"format-standard","5":"has-post-thumbnail","7":"category-saude"},"jetpack_featured_media_url":"https:\/\/www.paranapraia.com.br\/wp-content\/uploads\/2021\/09\/1-Capa-site-Jovem-faz-laqueadura-aos-25-anos-e-declara-O-corpo-e-meu-a-vida-e-minha-eu-sempre-tive-certeza.jpg","jetpack_sharing_enabled":true,"_links":{"self":[{"href":"https:\/\/www.paranapraia.com.br\/index.php\/wp-json\/wp\/v2\/posts\/34539"}],"collection":[{"href":"https:\/\/www.paranapraia.com.br\/index.php\/wp-json\/wp\/v2\/posts"}],"about":[{"href":"https:\/\/www.paranapraia.com.br\/index.php\/wp-json\/wp\/v2\/types\/post"}],"author":[{"embeddable":true,"href":"https:\/\/www.paranapraia.com.br\/index.php\/wp-json\/wp\/v2\/users\/2"}],"replies":[{"embeddable":true,"href":"https:\/\/www.paranapraia.com.br\/index.php\/wp-json\/wp\/v2\/comments?post=34539"}],"version-history":[{"count":1,"href":"https:\/\/www.paranapraia.com.br\/index.php\/wp-json\/wp\/v2\/posts\/34539\/revisions"}],"predecessor-version":[{"id":34541,"href":"https:\/\/www.paranapraia.com.br\/index.php\/wp-json\/wp\/v2\/posts\/34539\/revisions\/34541"}],"wp:featuredmedia":[{"embeddable":true,"href":"https:\/\/www.paranapraia.com.br\/index.php\/wp-json\/wp\/v2\/media\/34540"}],"wp:attachment":[{"href":"https:\/\/www.paranapraia.com.br\/index.php\/wp-json\/wp\/v2\/media?parent=34539"}],"wp:term":[{"taxonomy":"category","embeddable":true,"href":"https:\/\/www.paranapraia.com.br\/index.php\/wp-json\/wp\/v2\/categories?post=34539"},{"taxonomy":"post_tag","embeddable":true,"href":"https:\/\/www.paranapraia.com.br\/index.php\/wp-json\/wp\/v2\/tags?post=34539"}],"curies":[{"name":"wp","href":"https:\/\/api.w.org\/{rel}","templated":true}]}}