{"id":34529,"date":"2021-09-14T16:55:42","date_gmt":"2021-09-14T19:55:42","guid":{"rendered":"https:\/\/www.paranapraia.com.br\/?p=34529"},"modified":"2021-09-14T16:55:44","modified_gmt":"2021-09-14T19:55:44","slug":"parana-registra-mais-1-968-casos-e-51-obitos-por-covid-19","status":"publish","type":"post","link":"https:\/\/www.paranapraia.com.br\/index.php\/2021\/09\/14\/parana-registra-mais-1-968-casos-e-51-obitos-por-covid-19\/","title":{"rendered":"Paran\u00e1 registra mais 1.968 casos e 51 \u00f3bitos por Covid-19"},"content":{"rendered":"\n<p>A Secretaria de Estado da Sa\u00fade divulgou nesta&nbsp;ter\u00e7a-feira (14) mais 1.968&nbsp;casos&nbsp;e&nbsp;51&nbsp;mortes em decorr\u00eancia da infec\u00e7\u00e3o causada pelo novo coronav\u00edrus. Os casos s\u00e3o referentes aos meses ou semanas anteriores e n\u00e3o representam a notifica\u00e7\u00e3o das \u00faltimas 24 horas.<\/p>\n\n\n\n<p>Os dados acumulados do monitoramento da Covid-19 mostram que o Paran\u00e1 soma 1.474.961 casos&nbsp;e 37.944 \u00f3bitos&nbsp;pela doen\u00e7a.<\/p>\n\n\n\n<p>Os casos confirmados divulgados nesta data s\u00e3o de mar\u00e7o&nbsp;(1), maio (47),&nbsp;junho (110),&nbsp;julho (22),&nbsp;agosto (208) e&nbsp;setembro (1.580) de 2021.<\/p>\n\n\n\n<p><strong>INTERNADOS<\/strong>&nbsp;\u2013 De acordo com o boletim, 814&nbsp;pacientes com diagn\u00f3stico confirmado est\u00e3o internados. S\u00e3o 583 em leitos SUS (349&nbsp;em UTIs e 234&nbsp;em&nbsp;cl\u00ednicos\/enfermarias) e 231&nbsp;em leitos da rede particular (134&nbsp;em UTIs e 97&nbsp;em&nbsp;cl\u00ednicos\/enfermarias).<\/p>\n\n\n\n<p>H\u00e1 outros 1.399&nbsp;pacientes internados, 714&nbsp;em leitos de UTI e 685&nbsp;em enfermarias, que aguardam resultados de exames. Eles est\u00e3o em leitos das redes p\u00fablica e particular e s\u00e3o considerados casos suspeitos.<\/p>\n\n\n\n<p><strong>\u00d3BITOS&nbsp;<\/strong>\u2013&nbsp;A Sesa informa a morte de mais&nbsp;51&nbsp;pacientes. S\u00e3o&nbsp;27&nbsp;mulheres e&nbsp;24&nbsp;homens, com idades que variam de&nbsp;19&nbsp;a 96&nbsp;anos. Os \u00f3bitos ocorreram entre&nbsp;14&nbsp;de&nbsp;maio e&nbsp;13 de setembro de 2021.<\/p>\n\n\n\n<p>Os pacientes que morreram residiam em Curitiba (12), Londrina (5), Ponta Grossa (3), Toledo (2), S\u00e3o Jos\u00e9 dos Pinhais (2), Rol\u00e2ndia (2), Foz do Igua\u00e7u (2), Colombo (2)&nbsp;e&nbsp;Camb\u00e9 (2).<\/p>\n\n\n\n<p>A informe registra ainda a morte de uma pessoa que residia em cada um dos seguintes munic\u00edpios: Sertaneja, Santa Cruz de Monte Castelo, Pinhais, Palotina, Nova F\u00e1tima, Nova Aurora, Medianeira, Maring\u00e1, Mandagua\u00e7u, Jaguapit\u00e3, Guarapuava, F\u00eanix, Cianorte, Cascavel, Campo Largo, Assis Chateaubriand, Assa\u00ed, Arauc\u00e1ria&nbsp;e&nbsp;Apucarana.<\/p>\n\n\n\n<p><strong>FORA DO PARAN\u00c1<\/strong>&nbsp;\u2013&nbsp;O monitoramento da Sesa registra 6.307&nbsp;casos de n\u00e3o residentes no Estado&nbsp;\u2013&nbsp;219&nbsp;pessoas morreram.<\/p>\n\n\n\n<p>Confira o informe completo\u00a0<strong><a rel=\"noreferrer noopener\" href=\"https:\/\/www.saude.pr.gov.br\/sites\/default\/arquivos_restritos\/files\/documento\/2021-09\/informe_epidemiologico_14_09_2021.pdf\" target=\"_blank\">AQUI<\/a><\/strong>.<\/p>\n\n\n\n<p>AEN<\/p>\n","protected":false},"excerpt":{"rendered":"<p>A Secretaria de Estado da Sa\u00fade divulgou nesta&nbsp;ter\u00e7a-feira (14) mais 1.968&nbsp;casos&nbsp;e&nbsp;51&nbsp;mortes em decorr\u00eancia da infec\u00e7\u00e3o causada pelo novo coronav\u00edrus. Os casos s\u00e3o referentes aos meses ou semanas anteriores e n\u00e3o representam a notifica\u00e7\u00e3o das \u00faltimas 24 horas. Os dados acumulados do monitoramento da Covid-19 mostram que o Paran\u00e1 soma 1.474.961 casos&nbsp;e 37.944 \u00f3bitos&nbsp;pela doen\u00e7a. Os [&hellip;]<\/p>\n","protected":false},"author":2,"featured_media":34530,"comment_status":"open","ping_status":"open","sticky":false,"template":"","format":"standard","meta":{"advanced_seo_description":"","jetpack_seo_html_title":"","jetpack_seo_noindex":false,"_jetpack_memberships_contains_paid_content":false,"footnotes":""},"categories":[40],"tags":[],"class_list":{"0":"post-34529","1":"post","2":"type-post","3":"status-publish","4":"format-standard","5":"has-post-thumbnail","7":"category-destaques"},"jetpack_featured_media_url":"https:\/\/www.paranapraia.com.br\/wp-content\/uploads\/2021\/09\/news_interna_banner_covid_2021-14.jpg","jetpack_sharing_enabled":true,"_links":{"self":[{"href":"https:\/\/www.paranapraia.com.br\/index.php\/wp-json\/wp\/v2\/posts\/34529"}],"collection":[{"href":"https:\/\/www.paranapraia.com.br\/index.php\/wp-json\/wp\/v2\/posts"}],"about":[{"href":"https:\/\/www.paranapraia.com.br\/index.php\/wp-json\/wp\/v2\/types\/post"}],"author":[{"embeddable":true,"href":"https:\/\/www.paranapraia.com.br\/index.php\/wp-json\/wp\/v2\/users\/2"}],"replies":[{"embeddable":true,"href":"https:\/\/www.paranapraia.com.br\/index.php\/wp-json\/wp\/v2\/comments?post=34529"}],"version-history":[{"count":1,"href":"https:\/\/www.paranapraia.com.br\/index.php\/wp-json\/wp\/v2\/posts\/34529\/revisions"}],"predecessor-version":[{"id":34531,"href":"https:\/\/www.paranapraia.com.br\/index.php\/wp-json\/wp\/v2\/posts\/34529\/revisions\/34531"}],"wp:featuredmedia":[{"embeddable":true,"href":"https:\/\/www.paranapraia.com.br\/index.php\/wp-json\/wp\/v2\/media\/34530"}],"wp:attachment":[{"href":"https:\/\/www.paranapraia.com.br\/index.php\/wp-json\/wp\/v2\/media?parent=34529"}],"wp:term":[{"taxonomy":"category","embeddable":true,"href":"https:\/\/www.paranapraia.com.br\/index.php\/wp-json\/wp\/v2\/categories?post=34529"},{"taxonomy":"post_tag","embeddable":true,"href":"https:\/\/www.paranapraia.com.br\/index.php\/wp-json\/wp\/v2\/tags?post=34529"}],"curies":[{"name":"wp","href":"https:\/\/api.w.org\/{rel}","templated":true}]}}