{"id":34524,"date":"2021-09-14T14:24:00","date_gmt":"2021-09-14T17:24:00","guid":{"rendered":"https:\/\/www.paranapraia.com.br\/?p=34524"},"modified":"2021-09-14T14:24:01","modified_gmt":"2021-09-14T17:24:01","slug":"8-milhoes-de-paranaenses-iniciaram-a-imunizacao-contra-a-covid-19-92-da-populacao-adulta","status":"publish","type":"post","link":"https:\/\/www.paranapraia.com.br\/index.php\/2021\/09\/14\/8-milhoes-de-paranaenses-iniciaram-a-imunizacao-contra-a-covid-19-92-da-populacao-adulta\/","title":{"rendered":"8 milh\u00f5es de paranaenses iniciaram a imuniza\u00e7\u00e3o contra a Covid-19, 92% da popula\u00e7\u00e3o adulta"},"content":{"rendered":"\n<p>O Paran\u00e1 ultrapassou nesta ter\u00e7a-feira (14) a marca de 8 milh\u00f5es de pessoas vacinadas com a primeira dose (D1) ou dose \u00fanica (DU) do imunizante contra a Covid-19. Em n\u00fameros absolutos, 8.011.769 doses foram aplicadas na popula\u00e7\u00e3o adulta, entre D1 e DU.<\/p>\n\n\n\n<p>A estimativa do Minist\u00e9rio da Sa\u00fade \u00e9 que o Paran\u00e1 tenha 8.720.953 pessoas elencadas como popula\u00e7\u00e3o vacin\u00e1vel \u2013 acima de 18 anos. Sendo assim, o Estado atingiu agora 91,8% deste grupo com ao menos uma dose. Os dados s\u00e3o do Vacin\u00f4metro nacional, com informa\u00e7\u00f5es da base do Programa Nacional de Imuniza\u00e7\u00f5es (PNI).<\/p>\n\n\n\n<p>Desde o in\u00edcio da campanha no Estado, 11.785.711 doses foram aplicadas, sendo 7.689.951 D1, 321.818 DU e 3.773.942 segundas doses (D2), dos quatro imunizantes dispon\u00edveis: AstraZeneca, CoronaVac, Janssen e Pfizer.<\/p>\n\n\n\n<ul class=\"wp-block-list\"><li><strong><a href=\"https:\/\/www.aen.pr.gov.br\/modules\/noticias\/article.php?storyid=115152&amp;tit=Com-4-milhoes-de-pessoas-completamente-imunizadas-PR-esta-entre-os-lideres-na-vacinacao\" target=\"_blank\" rel=\"noreferrer noopener\">Com 4 milh\u00f5es de pessoas completamente imunizadas, PR se destaca<\/a><\/strong><\/li><li><strong><a href=\"https:\/\/www.aen.pr.gov.br\/modules\/noticias\/article.php?storyid=115173&amp;tit=Com-303-mil-novas-vacinas-Estado-retoma-aplicacao-com-1a-dose-distribuicao-comeca-nesta-terca-\" target=\"_blank\" rel=\"noreferrer noopener\">Com 303 mil novas vacinas, Estado retoma aplica\u00e7\u00e3o com primeira dose<\/a><\/strong><\/li><\/ul>\n\n\n\n<p>O secret\u00e1rio estadual da Sa\u00fade, Beto Preto, falou sobre o avan\u00e7o da campanha no Paran\u00e1. \u201cCom essas 8&nbsp;milh\u00f5es de primeiras doses ou doses \u00fanicas, estamos muito perto de cumprir nossa meta de 100% da popula\u00e7\u00e3o adulta vacinada com, pelo menos, uma dose em setembro\u201d, disse.<\/p>\n\n\n\n<p>Ele&nbsp;tamb\u00e9m destacou o apoio dos munic\u00edpios e do Minist\u00e9rio da Sa\u00fade. \u201cGra\u00e7as ao envio cont\u00ednuo de doses por parte do Minist\u00e9rio da Sa\u00fade e ao apoio dos munic\u00edpios, temos cumprido nosso objetivo de fazer a vacina chegar at\u00e9 o bra\u00e7o dos paranaenses e salvar vidas.\u201d<\/p>\n\n\n\n<p><strong>GRUPOS&nbsp;<\/strong>\u2013O grupo com mais aplica\u00e7\u00f5es entre D1 e DU \u00e9 a popula\u00e7\u00e3o adulta em geral, de 18 a 59 anos, com 4.393.659 doses no total. O Paran\u00e1 \u00e9 o 4\u00ba estado que mais aplicou vacinas neste p\u00fablico no Pa\u00eds, atr\u00e1s do Rio de Janeiro, Minas Gerais e S\u00e3o Paulo, respectivamente.<\/p>\n\n\n\n<p>O grupo de 60 anos ou mais registra 1.724.596 aplica\u00e7\u00f5es, seguido de&nbsp;pessoas com comorbidades (571.050), trabalhadores da sa\u00fade (487.316), trabalhadores do ensino b\u00e1sico (229.405), caminhoneiros (93.727), gestantes (64.656), pessoas com defici\u00eancia permanente (52.032), entre outros grupos menores.<\/p>\n\n\n\n<p><strong>MUNIC\u00cdPIOS&nbsp;<\/strong>\u2013 Curitiba \u00e9 o munic\u00edpio que mais aplicou D1 ou DU na popula\u00e7\u00e3o adulta, em n\u00fameros absolutos, somando 767.484 imunizantes. Depois da Capital, registram n\u00fameros altos:&nbsp;Londrina (210.610 doses), Maring\u00e1 (156.685), S\u00e3o Jos\u00e9 dos Pinhais (129.033) e Cascavel (127.443 doses).<\/p>\n\n\n\n<p><strong>FAIXA ET\u00c1RIA&nbsp;<\/strong>\u2013 Dentre as primeiras doses e doses \u00fanicas, as faixas et\u00e1rias que mais receberam vacinas em n\u00fameros absolutos foram de 25 a 29 anos (592.723 doses), 35 a 39 anos (590.151), 30 a 34 anos (579.963) e 40 a 44 anos (522.104).<\/p>\n\n\n\n<ul class=\"wp-block-list\"><li><strong><a href=\"https:\/\/www.aen.pr.gov.br\/modules\/noticias\/article.php?storyid=115178&amp;tit=Estado-e-Ministerio-da-Saude-debatem-atencao-primaria-no-contexto-da-pandemia\" target=\"_blank\" rel=\"noreferrer noopener\">Estado e Minist\u00e9rio&nbsp;debatem aten\u00e7\u00e3o prim\u00e1ria no contexto da pandemia<\/a><\/strong><\/li><\/ul>\n\n\n\n<p><strong>ADOLESCENTES E DOSE REFOR\u00c7O&nbsp;<\/strong>\u2013 Com a aproximadade de atingir 100% da popula\u00e7\u00e3o adulta com a D1 ou DU, o Paran\u00e1 se prepara para iniciar a vacina\u00e7\u00e3o de adolescentes de 12 a 17 anos com o imunizante da Pfizer e aplicar a dose refor\u00e7o em idosos acima de 70 anos e imunossuprimidos, conforme a orienta\u00e7\u00e3o do Minist\u00e9rio da Sa\u00fade.<\/p>\n\n\n\n<p>Segundo a estimativa do governo federal divulgada na semana passada, at\u00e9 esta quarta-feira (15) todos os estados deveriam receber&nbsp;doses suficientes para finalizar a vacina\u00e7\u00e3o da popula\u00e7\u00e3o adulta, e o Minist\u00e9rio da Sa\u00fade passaria a enviar doses direcionadas para adolescentes e dose refor\u00e7o (3\u00aa dose ou D3). As informa\u00e7\u00f5es foram oficializadas por meio das notas t\u00e9cnicas n\u00fameros 27\/2021 e 36\/2021.<\/p>\n\n\n\n<p>A Divis\u00e3o de Vigil\u00e2ncia do Programa Estadual de Imuniza\u00e7\u00e3o da Secretaria de Estado da Sa\u00fade informa que cerca de meio milh\u00e3o de doses (mais a reserva t\u00e9cnica), destinadas \u00e0 primeira dose ou dose \u00fanica, ainda precisam ser enviadas ao Paran\u00e1 para que o grupo da popula\u00e7\u00e3o adulta seja finalizado.<\/p>\n\n\n\n<p>AEN<\/p>\n","protected":false},"excerpt":{"rendered":"<p>O Paran\u00e1 ultrapassou nesta ter\u00e7a-feira (14) a marca de 8 milh\u00f5es de pessoas vacinadas com a primeira dose (D1) ou dose \u00fanica (DU) do imunizante contra a Covid-19. Em n\u00fameros absolutos, 8.011.769 doses foram aplicadas na popula\u00e7\u00e3o adulta, entre D1 e DU. A estimativa do Minist\u00e9rio da Sa\u00fade \u00e9 que o Paran\u00e1 tenha 8.720.953 pessoas [&hellip;]<\/p>\n","protected":false},"author":2,"featured_media":34525,"comment_status":"open","ping_status":"open","sticky":false,"template":"","format":"standard","meta":{"advanced_seo_description":"","jetpack_seo_html_title":"","jetpack_seo_noindex":false,"_jetpack_memberships_contains_paid_content":false,"footnotes":""},"categories":[40],"tags":[],"class_list":{"0":"post-34524","1":"post","2":"type-post","3":"status-publish","4":"format-standard","5":"has-post-thumbnail","7":"category-destaques"},"jetpack_featured_media_url":"https:\/\/www.paranapraia.com.br\/wp-content\/uploads\/2021\/09\/news_interna_image00011.jpg","jetpack_sharing_enabled":true,"_links":{"self":[{"href":"https:\/\/www.paranapraia.com.br\/index.php\/wp-json\/wp\/v2\/posts\/34524"}],"collection":[{"href":"https:\/\/www.paranapraia.com.br\/index.php\/wp-json\/wp\/v2\/posts"}],"about":[{"href":"https:\/\/www.paranapraia.com.br\/index.php\/wp-json\/wp\/v2\/types\/post"}],"author":[{"embeddable":true,"href":"https:\/\/www.paranapraia.com.br\/index.php\/wp-json\/wp\/v2\/users\/2"}],"replies":[{"embeddable":true,"href":"https:\/\/www.paranapraia.com.br\/index.php\/wp-json\/wp\/v2\/comments?post=34524"}],"version-history":[{"count":1,"href":"https:\/\/www.paranapraia.com.br\/index.php\/wp-json\/wp\/v2\/posts\/34524\/revisions"}],"predecessor-version":[{"id":34526,"href":"https:\/\/www.paranapraia.com.br\/index.php\/wp-json\/wp\/v2\/posts\/34524\/revisions\/34526"}],"wp:featuredmedia":[{"embeddable":true,"href":"https:\/\/www.paranapraia.com.br\/index.php\/wp-json\/wp\/v2\/media\/34525"}],"wp:attachment":[{"href":"https:\/\/www.paranapraia.com.br\/index.php\/wp-json\/wp\/v2\/media?parent=34524"}],"wp:term":[{"taxonomy":"category","embeddable":true,"href":"https:\/\/www.paranapraia.com.br\/index.php\/wp-json\/wp\/v2\/categories?post=34524"},{"taxonomy":"post_tag","embeddable":true,"href":"https:\/\/www.paranapraia.com.br\/index.php\/wp-json\/wp\/v2\/tags?post=34524"}],"curies":[{"name":"wp","href":"https:\/\/api.w.org\/{rel}","templated":true}]}}