{"id":34521,"date":"2021-09-14T11:56:54","date_gmt":"2021-09-14T14:56:54","guid":{"rendered":"https:\/\/www.paranapraia.com.br\/?p=34521"},"modified":"2021-09-14T11:56:56","modified_gmt":"2021-09-14T14:56:56","slug":"secretaria-de-turismo-participa-de-visita-tecnica-do-projeto-roteirizacao-das-colonias","status":"publish","type":"post","link":"https:\/\/www.paranapraia.com.br\/index.php\/2021\/09\/14\/secretaria-de-turismo-participa-de-visita-tecnica-do-projeto-roteirizacao-das-colonias\/","title":{"rendered":"Secretaria de Turismo participa de visita t\u00e9cnica do Projeto Roteiriza\u00e7\u00e3o das Col\u00f4nias"},"content":{"rendered":"\n<p>Na segunda-feira passada (13), a Secretaria de Turismo e Desenvolvimento Econ\u00f4mico de Pontal do Paran\u00e1 participou de reuni\u00e3o e visita t\u00e9cnica a algumas propriedades que fazem parte do Projeto de Roteiriza\u00e7\u00e3o da Col\u00f4nias.<\/p>\n\n\n\n<p>Esta visita t\u00e9cnica foi uma das a\u00e7\u00f5es para a retomada deste projeto. Participaram da visita, F\u00e1tima Aguiar, presidente da Adetur Litoral, Harrison Camargo, secret\u00e1rio de Turismo de Paranagu\u00e1, Susan Ren\u00e9e Klein, Diretora de Turismo de Matinhos e Luciana Goldschmidt Costa, turism\u00f3loga da secretaria municipal de Turismo, representando o secret\u00e1rio Gilberto Kesserle. Al\u00e9m de representantes da UFPR e Emater. Participaram tamb\u00e9m a Associa\u00e7\u00e3o de Produtores das Col\u00f4nia Maria Luiza e comunidades. &nbsp;<\/p>\n\n\n\n<p>Estas visitas t\u00eam o objetivo de desenvolver um roteiro tur\u00edstico integrando os munic\u00edpios que fazem parte do tra\u00e7ado da Estrada das Col\u00f4nias: Paranagu\u00e1, Pontal do Paran\u00e1, Matinhos e Guaratuba, tendo como eixo de unifica\u00e7\u00e3o o pr\u00f3prio tra\u00e7ado da antiga estrada. Esta integra\u00e7\u00e3o entre estes munic\u00edpios promover\u00e1 o desenvolvimento sustent\u00e1vel, com a promo\u00e7\u00e3o tur\u00edstica, valoriza\u00e7\u00e3o da agricultura familiar, do patrim\u00f4nio natural, valoriza\u00e7\u00e3o dos territ\u00f3rios, a preserva\u00e7\u00e3o e utiliza\u00e7\u00e3o do patrim\u00f4nio cultural e paisag\u00edstico.<\/p>\n\n\n\n<p>Assessoria<\/p>\n","protected":false},"excerpt":{"rendered":"<p>Na segunda-feira passada (13), a Secretaria de Turismo e Desenvolvimento Econ\u00f4mico de Pontal do Paran\u00e1 participou de reuni\u00e3o e visita t\u00e9cnica a algumas propriedades que fazem parte do Projeto de Roteiriza\u00e7\u00e3o da Col\u00f4nias. Esta visita t\u00e9cnica foi uma das a\u00e7\u00f5es para a retomada deste projeto. Participaram da visita, F\u00e1tima Aguiar, presidente da Adetur Litoral, Harrison [&hellip;]<\/p>\n","protected":false},"author":2,"featured_media":34522,"comment_status":"open","ping_status":"open","sticky":false,"template":"","format":"standard","meta":{"advanced_seo_description":"","jetpack_seo_html_title":"","jetpack_seo_noindex":false,"_jetpack_memberships_contains_paid_content":false,"footnotes":""},"categories":[40],"tags":[],"class_list":{"0":"post-34521","1":"post","2":"type-post","3":"status-publish","4":"format-standard","5":"has-post-thumbnail","7":"category-destaques"},"jetpack_featured_media_url":"https:\/\/www.paranapraia.com.br\/wp-content\/uploads\/2021\/09\/gd_140921115147_whatsapp_image_20210914_at_10_38_41_2_jpeg.jpeg","jetpack_sharing_enabled":true,"_links":{"self":[{"href":"https:\/\/www.paranapraia.com.br\/index.php\/wp-json\/wp\/v2\/posts\/34521"}],"collection":[{"href":"https:\/\/www.paranapraia.com.br\/index.php\/wp-json\/wp\/v2\/posts"}],"about":[{"href":"https:\/\/www.paranapraia.com.br\/index.php\/wp-json\/wp\/v2\/types\/post"}],"author":[{"embeddable":true,"href":"https:\/\/www.paranapraia.com.br\/index.php\/wp-json\/wp\/v2\/users\/2"}],"replies":[{"embeddable":true,"href":"https:\/\/www.paranapraia.com.br\/index.php\/wp-json\/wp\/v2\/comments?post=34521"}],"version-history":[{"count":1,"href":"https:\/\/www.paranapraia.com.br\/index.php\/wp-json\/wp\/v2\/posts\/34521\/revisions"}],"predecessor-version":[{"id":34523,"href":"https:\/\/www.paranapraia.com.br\/index.php\/wp-json\/wp\/v2\/posts\/34521\/revisions\/34523"}],"wp:featuredmedia":[{"embeddable":true,"href":"https:\/\/www.paranapraia.com.br\/index.php\/wp-json\/wp\/v2\/media\/34522"}],"wp:attachment":[{"href":"https:\/\/www.paranapraia.com.br\/index.php\/wp-json\/wp\/v2\/media?parent=34521"}],"wp:term":[{"taxonomy":"category","embeddable":true,"href":"https:\/\/www.paranapraia.com.br\/index.php\/wp-json\/wp\/v2\/categories?post=34521"},{"taxonomy":"post_tag","embeddable":true,"href":"https:\/\/www.paranapraia.com.br\/index.php\/wp-json\/wp\/v2\/tags?post=34521"}],"curies":[{"name":"wp","href":"https:\/\/api.w.org\/{rel}","templated":true}]}}