{"id":34518,"date":"2021-09-14T10:03:16","date_gmt":"2021-09-14T13:03:16","guid":{"rendered":"https:\/\/www.paranapraia.com.br\/?p=34518"},"modified":"2021-09-14T10:03:18","modified_gmt":"2021-09-14T13:03:18","slug":"idr-parana-prepara-retorno-das-caminhadas-na-natureza","status":"publish","type":"post","link":"https:\/\/www.paranapraia.com.br\/index.php\/2021\/09\/14\/idr-parana-prepara-retorno-das-caminhadas-na-natureza\/","title":{"rendered":"IDR-Paran\u00e1 prepara retorno das Caminhadas na Natureza"},"content":{"rendered":"\n<p>O&nbsp;<strong><a href=\"http:\/\/www.idrparana.pr.gov.br\/\" target=\"_blank\" rel=\"noreferrer noopener\">IDR-Paran\u00e1<\/a><\/strong>&nbsp;(Instituto de Desenvolvimento Rural do Paran\u00e1), as prefeituras, a Anda Brasil, e o Ecobooking v\u00e3o retomar as Caminhadas na Natureza e, para isso, foi criado um protocolo sanit\u00e1rio dirigido a empreendedores, caminhantes e ao pessoal que organiza as atividades para evitar o cont\u00e1gio pelo coronav\u00edrus. O primeiro circuito a ser retomado deve ser o de Mandirituba, na Regi\u00e3o Metropolitana de Curitiba, no dia 24 outubro.<\/p>\n\n\n\n<p>As Caminhadas na Natureza deram um grande impulso \u00e0 atividade tur\u00edstica no meio rural. Em 2019, quando o coronav\u00edrus ainda n\u00e3o tinha chegado ao Brasil, cerca de 70 mil pessoas percorreram os 159 circuitos oficiais de turismo rural no Estado, movimentando a economia de diversas comunidades. Em mar\u00e7o do ano passado, com o agravamento da pandemia, as caminhadas foram suspensas.<\/p>\n\n\n\n<p>De acordo com Terezinha Busanello, coordenadora estadual de Turismo Rural do IDR-Paran\u00e1, logo no in\u00edcio da pandemia muitas propriedades tiveram que evitar a entrada de turistas. Com isso, as fam\u00edlias perderam uma importante fonte de renda, j\u00e1 que os participantes das caminhadas consumiam produtos nas propriedades ao longo do percurso. &#8220;Em agosto do ano passado alguns circuitos foram retomados, mas com pequenos grupos. As propriedades com idosos (grupo de risco) permanecem fechadas \u00e0 visita\u00e7\u00e3o. Atualmente cerca de 80% dos estabelecimentos est\u00e3o recebendo turistas em grupos de 10 a 20 pessoas&#8221;. Ela disse ainda que mesmo antes da cria\u00e7\u00e3o de um protocolo de enfrentamento da Covid, os produtores foram orientados sobre medidas de preven\u00e7\u00e3o contra a dissemina\u00e7\u00e3o da doen\u00e7a.<\/p>\n\n\n\n<ul class=\"wp-block-list\"><li><strong><a href=\"https:\/\/www.aen.pr.gov.br\/modules\/noticias\/article.php?storyid=115096&amp;tit=Governo-e-entidades-discutem-estrategias-para-aumentar-a-seguranca-de-turistas\" target=\"_blank\" rel=\"noreferrer noopener\">Governo e entidades discutem estrat\u00e9gias para aumentar a seguran\u00e7a de turistas<\/a><\/strong><\/li><li><strong><a href=\"https:\/\/www.aen.pr.gov.br\/modules\/noticias\/article.php?storyid=115131&amp;tit=Com-vespinhas-IDR-Parana-ajuda-a-controlar-doenca-que-afeta-plantios-de-citricos\" target=\"_blank\" rel=\"noreferrer noopener\">Com vespinhas, IDR-Paran\u00e1 ajuda a controlar doen\u00e7a que afeta plantios de c\u00edtricos<\/a><\/strong><\/li><\/ul>\n\n\n\n<p>Foka Eline Jeannette Scheffer, de Curitiba, era uma frequentadora ass\u00eddua das Caminhadas. Para ela a expectativa da volta dos passeios na \u00e1rea rural \u00e9 grande. &#8220;Antes da pandemia, eu participava de alguma caminhada todo fim de semana. \u00c9 uma atividade interessante por v\u00e1rios aspectos. \u00c9 um lazer, uma forma de encontrar amigos, fazer novas amizades, ver paisagens rurais e ter acesso mais direto a produtos da agricultura familiar. Est\u00e1 todo mundo ansioso para a volta das Caminhadas&#8221;, afirmou.<\/p>\n\n\n\n<p>No munic\u00edpio de Jussara, no Noroeste, o grupo de caminhantes &#8220;P\u00e9 na Estrada&#8221; chegou a reunir mais de 40 pessoas. No entanto, a pandemia limitou os passeios e o n\u00famero&nbsp;caiu pela metade. Ainda assim, semanalmente&nbsp;percorre&nbsp;alguma trilha na regi\u00e3o. Zenaide Campo Castilholi participa ativamente do grupo e espera o retorno das atividades.<\/p>\n\n\n\n<p>&#8220;Para mim a caminhada significa muita coisa. \u00c9 sa\u00fade. \u00c9 voc\u00ea estar no meio da natureza, poder tomar um banho de cachoeira. Conhecer novos lugares. &nbsp;Eu acho que as caminhadas v\u00e3o voltar sim, mas a gente precisa tomar cuidado. N\u00e3o pode nem apertar a m\u00e3o de outra pessoa. Mas quem sabe um dia, se Deus quiser, as coisas voltem a ser como antes, quando a gente encontrava os amigos e se abra\u00e7ava&#8221;, afirma Zenaide.<\/p>\n\n\n\n<ul class=\"wp-block-list\"><li><strong><a href=\"https:\/\/www.aen.pr.gov.br\/modules\/noticias\/article.php?storyid=115123&amp;tit=Com-recursos-do-Estado-Mangueirinha-implanta-feira-do-produtor-e-impulsiona-agricultura\" target=\"_blank\" rel=\"noreferrer noopener\">Com recursos do Estado, Mangueirinha implanta feira do produtor e impulsiona agricultura<\/a><\/strong><\/li><\/ul>\n\n\n\n<p>No munic\u00edpio de Ver\u00ea, no Sudoeste, as Caminhadas na Natureza chegaram a reunir 800 participantes no circuito \u00c1guas do Ver\u00ea. Rosangela Regonato, da secretaria municipal de Turismo, disse que a organiza\u00e7\u00e3o do evento est\u00e1 analisando a possibilidade de retorno. Segundo ela, como os caminhantes ficaram muito tempo sem a atividade, \u00e9 natural que uma caminhada atraia mais gente. &#8220;A preocupa\u00e7\u00e3o \u00e9 que para colocar em pr\u00e1tica o protocolo de seguran\u00e7a vamos precisar de muita gente trabalhando na organiza\u00e7\u00e3o da Caminhada. Ent\u00e3o, ainda estamos analisando&#8221;, ressaltou. A secretaria j\u00e1 tem a previs\u00e3o de realizar a caminhada no dia 24 de outubro, mas aguarda a redu\u00e7\u00e3o do registro de casos de coronav\u00edrus na regi\u00e3o.<\/p>\n\n\n\n<p><strong>PROTOCOLO<\/strong>&nbsp;&#8211; Para que as Caminhadas sejam seguras, o protocolo definido pelo IDR-Paran\u00e1 e outras institui\u00e7\u00f5es inclui v\u00e1rias medidas que j\u00e1 est\u00e3o sendo divulgadas entre os organizadores, caminhantes e produtores rurais envolvidos na atividade. S\u00e3o regras referentes a como fazer os deslocamentos evitando-se a lota\u00e7\u00e3o m\u00e1xima do ve\u00edculo e sempre com as janelas abertas. Todos os participantes precisam usar m\u00e1scara e gel nas m\u00e3os antes de entrar no ve\u00edculo. Os caminhantes devem estar com a cobertura vacinal completa para participar da atividade.<\/p>\n\n\n\n<ul class=\"wp-block-list\"><li><strong><a href=\"https:\/\/www.aen.pr.gov.br\/modules\/noticias\/article.php?storyid=114994&amp;tit=IDR-Parana-inaugura-nova-unidade-em-Cascavel-para-atendimento-a-agricultores\" target=\"_blank\" rel=\"noreferrer noopener\">IDR-Paran\u00e1 inaugura nova unidade em Cascavel para atendimento a agricultores<\/a><\/strong><\/li><\/ul>\n\n\n\n<p>O protocolo orienta ainda que os apertos de m\u00e3os sejam evitados e o respeito ao&nbsp;distanciamento m\u00ednimo de 1,5 metro entre as pessoas. Os organizadores devem priorizar reuni\u00f5es ao ar livre. Todos os envolvidos presencialmente na organiza\u00e7\u00e3o do evento precisam&nbsp;estar com a cobertura vacinal completa contra a Covid 19. Os caminhantes devem ser divididos em pequenos grupos e orienta-se que eles n\u00e3o entrem nas casas dos produtores.<\/p>\n\n\n\n<p>Qualquer pessoa que for manipular algum material deve higienizar as m\u00e3os antes e depois com \u00e1lcool gel. O espa\u00e7o que for receber os caminhantes para almo\u00e7o ou caf\u00e9 deve ter mesas posicionadas com, no m\u00ednimo, dois metros de dist\u00e2ncia uma da outra. Os organizadores precisam medir a temperatura corporal, antes do in\u00edcio das atividades. \u00a0Se algu\u00e9m apresentar sintomas de gripe deve avisar a organiza\u00e7\u00e3o do evento, afastar-se de suas atividades e procurar um m\u00e9dico. Ao fazer sua inscri\u00e7\u00e3o, o caminhante ter\u00e1 acesso ao protocolo.<\/p>\n\n\n\n<p>AEN<\/p>\n","protected":false},"excerpt":{"rendered":"<p>O&nbsp;IDR-Paran\u00e1&nbsp;(Instituto de Desenvolvimento Rural do Paran\u00e1), as prefeituras, a Anda Brasil, e o Ecobooking v\u00e3o retomar as Caminhadas na Natureza e, para isso, foi criado um protocolo sanit\u00e1rio dirigido a empreendedores, caminhantes e ao pessoal que organiza as atividades para evitar o cont\u00e1gio pelo coronav\u00edrus. O primeiro circuito a ser retomado deve ser o de [&hellip;]<\/p>\n","protected":false},"author":2,"featured_media":34519,"comment_status":"open","ping_status":"open","sticky":false,"template":"","format":"standard","meta":{"advanced_seo_description":"","jetpack_seo_html_title":"","jetpack_seo_noindex":false,"_jetpack_memberships_contains_paid_content":false,"footnotes":""},"categories":[40],"tags":[],"class_list":{"0":"post-34518","1":"post","2":"type-post","3":"status-publish","4":"format-standard","5":"has-post-thumbnail","7":"category-destaques"},"jetpack_featured_media_url":"https:\/\/www.paranapraia.com.br\/wp-content\/uploads\/2021\/09\/news_interna_caminhadascapa.jpeg","jetpack_sharing_enabled":true,"_links":{"self":[{"href":"https:\/\/www.paranapraia.com.br\/index.php\/wp-json\/wp\/v2\/posts\/34518"}],"collection":[{"href":"https:\/\/www.paranapraia.com.br\/index.php\/wp-json\/wp\/v2\/posts"}],"about":[{"href":"https:\/\/www.paranapraia.com.br\/index.php\/wp-json\/wp\/v2\/types\/post"}],"author":[{"embeddable":true,"href":"https:\/\/www.paranapraia.com.br\/index.php\/wp-json\/wp\/v2\/users\/2"}],"replies":[{"embeddable":true,"href":"https:\/\/www.paranapraia.com.br\/index.php\/wp-json\/wp\/v2\/comments?post=34518"}],"version-history":[{"count":1,"href":"https:\/\/www.paranapraia.com.br\/index.php\/wp-json\/wp\/v2\/posts\/34518\/revisions"}],"predecessor-version":[{"id":34520,"href":"https:\/\/www.paranapraia.com.br\/index.php\/wp-json\/wp\/v2\/posts\/34518\/revisions\/34520"}],"wp:featuredmedia":[{"embeddable":true,"href":"https:\/\/www.paranapraia.com.br\/index.php\/wp-json\/wp\/v2\/media\/34519"}],"wp:attachment":[{"href":"https:\/\/www.paranapraia.com.br\/index.php\/wp-json\/wp\/v2\/media?parent=34518"}],"wp:term":[{"taxonomy":"category","embeddable":true,"href":"https:\/\/www.paranapraia.com.br\/index.php\/wp-json\/wp\/v2\/categories?post=34518"},{"taxonomy":"post_tag","embeddable":true,"href":"https:\/\/www.paranapraia.com.br\/index.php\/wp-json\/wp\/v2\/tags?post=34518"}],"curies":[{"name":"wp","href":"https:\/\/api.w.org\/{rel}","templated":true}]}}