{"id":34504,"date":"2021-09-13T15:08:58","date_gmt":"2021-09-13T18:08:58","guid":{"rendered":"https:\/\/www.paranapraia.com.br\/?p=34504"},"modified":"2021-09-13T15:09:00","modified_gmt":"2021-09-13T18:09:00","slug":"as-belas-tartarugas-marinhas-carismaticas-migratorias-e-uma-das-especies-de-animais-mais-antigas-da-terra","status":"publish","type":"post","link":"https:\/\/www.paranapraia.com.br\/index.php\/2021\/09\/13\/as-belas-tartarugas-marinhas-carismaticas-migratorias-e-uma-das-especies-de-animais-mais-antigas-da-terra\/","title":{"rendered":"As belas tartarugas marinhas. Carism\u00e1ticas, migrat\u00f3rias e uma das esp\u00e9cies de animais mais antigas da Terra"},"content":{"rendered":"\n<p><strong>As belas tartarugas marinhas. Carism\u00e1ticas, migrat\u00f3rias e uma das esp\u00e9cies de animais mais antigas da Terra<\/strong><\/p>\n\n\n\n<p>No dia 16 de junho comemoramos os Dia Internacional das Tartarugas Marinhas! E porque que essa data? Conscientizar as pessoas sobre a import\u00e2ncia desse animal para a fauna marinha e sobretudo a amea\u00e7a que sofrem a d\u00e9cadas em todos os oceanos.<\/p>\n\n\n\n<figure class=\"wp-block-image size-large\"><img loading=\"lazy\" decoding=\"async\" width=\"1024\" height=\"643\" src=\"https:\/\/www.paranapraia.com.br\/wp-content\/uploads\/2021\/09\/tartaruga-verde-1024x643.jpeg\" alt=\"\" class=\"wp-image-34505\" srcset=\"https:\/\/www.paranapraia.com.br\/wp-content\/uploads\/2021\/09\/tartaruga-verde-1024x643.jpeg 1024w, https:\/\/www.paranapraia.com.br\/wp-content\/uploads\/2021\/09\/tartaruga-verde-300x188.jpeg 300w, https:\/\/www.paranapraia.com.br\/wp-content\/uploads\/2021\/09\/tartaruga-verde-768x482.jpeg 768w, https:\/\/www.paranapraia.com.br\/wp-content\/uploads\/2021\/09\/tartaruga-verde-696x437.jpeg 696w, https:\/\/www.paranapraia.com.br\/wp-content\/uploads\/2021\/09\/tartaruga-verde-1068x671.jpeg 1068w, https:\/\/www.paranapraia.com.br\/wp-content\/uploads\/2021\/09\/tartaruga-verde-669x420.jpeg 669w, https:\/\/www.paranapraia.com.br\/wp-content\/uploads\/2021\/09\/tartaruga-verde.jpeg 1280w\" sizes=\"(max-width: 1024px) 100vw, 1024px\" \/><\/figure>\n\n\n\n<p>&nbsp;&nbsp;&nbsp;&nbsp;&nbsp;Tartaruga-verde (<em>Chelonia mydas<\/em>), Foto: Noeli Ribeiro<\/p>\n\n\n\n<p><strong>\u201cEsses animais fazem parte de uma cadeia de rela\u00e7\u00f5es ecol\u00f3gicas fundamental para o desenvolvimento e sobreviv\u00eancia de todo o ecossistema que inclui as praias, as dunas e os oceanos\u201d. <\/strong><strong><\/strong><\/p>\n\n\n\n<p>As tartarugas marinhas s\u00e3o conhecidas como engenheiras do mar, pois transportam nutrientes entre componentes do ecossistema, garantindo energia vital \u00e0 sobreviv\u00eancia de diversas formas de vida, tais como os bancos de grama marinha (nos quais elas s\u00e3o respons\u00e1veis pela ciclagem nos nutrientes), para peixes, crust\u00e1ceos, moluscos, esponjas, medusas, entre outros. Atuam tamb\u00e9m como substrato para organismos epibiontes, que se agregam em sua carapa\u00e7a. As caracter\u00edsticas ecol\u00f3gicas das tartarugas marinhas contribuem para a manuten\u00e7\u00e3o da qualidade e sa\u00fade ecossist\u00eamica.<\/p>\n\n\n\n<p>No mundo, s\u00e3o conhecidas sete esp\u00e9cies de tartarugas-marinhas: a tartaruga-de-couro <em>(Dermochelys coriacea<\/em>), tartaruga-cabe\u00e7uda (<em>Caretta caretta<\/em>); tartaruga-verde (<em>Chelonia mydas<\/em>), tartaruga-oliva (<em>Lepidochelys olivacea<\/em>), tartaruga-de-pente (<em>Eretmochelys imbricata<\/em>); tartaruga-de-Kemp (<em>Lepidochelys kempii<\/em>)<strong>&nbsp;<\/strong>e a tartaruga-marinha-australiana (<em>Natator depressus<\/em>).<\/p>\n\n\n\n<figure class=\"wp-block-image size-large\"><img loading=\"lazy\" decoding=\"async\" width=\"1024\" height=\"680\" src=\"https:\/\/www.paranapraia.com.br\/wp-content\/uploads\/2021\/09\/tartaruga-de-couro-1024x680.jpg\" alt=\"\" class=\"wp-image-34506\" srcset=\"https:\/\/www.paranapraia.com.br\/wp-content\/uploads\/2021\/09\/tartaruga-de-couro-1024x680.jpg 1024w, https:\/\/www.paranapraia.com.br\/wp-content\/uploads\/2021\/09\/tartaruga-de-couro-300x199.jpg 300w, https:\/\/www.paranapraia.com.br\/wp-content\/uploads\/2021\/09\/tartaruga-de-couro-768x510.jpg 768w, https:\/\/www.paranapraia.com.br\/wp-content\/uploads\/2021\/09\/tartaruga-de-couro-696x462.jpg 696w, https:\/\/www.paranapraia.com.br\/wp-content\/uploads\/2021\/09\/tartaruga-de-couro-1068x709.jpg 1068w, https:\/\/www.paranapraia.com.br\/wp-content\/uploads\/2021\/09\/tartaruga-de-couro-632x420.jpg 632w, https:\/\/www.paranapraia.com.br\/wp-content\/uploads\/2021\/09\/tartaruga-de-couro.jpg 1200w\" sizes=\"(max-width: 1024px) 100vw, 1024px\" \/><\/figure>\n\n\n\n<p>Tartaruga de couro ou tartaruga gigante (<em>Dermochelys cori\u00e1cea). Foto: Projeto TAMAR<\/em><\/p>\n\n\n\n<p>Em geral, as tartarugas marinhas apresentam distribui\u00e7\u00e3o cosmopolita, com \u00e1reas de alimenta\u00e7\u00e3o nas regi\u00f5es tropicais e subtropicais de todo o mundo; com exce\u00e7\u00e3o da tartaruga-marinha-australiana que \u00e9 end\u00eamica da regi\u00e3o da Austr\u00e1lia, e a tartaruga-de-kemp que ocorre apenas no Golfo do M\u00e9xico e na costa leste dos Estados Unidos. As tartarugas-de-couro tamb\u00e9m tem uma distribui\u00e7\u00e3o diferente, pois al\u00e9m de \u00e1reas equatoriais, tropicais e subtropicais, s\u00e3o registradas at\u00e9 as latitudes temperadas e subpolares.<\/p>\n\n\n\n<p>Cinco esp\u00e9cies ocorrem no litoral brasileiro, a verde, oliva, de couro, de pente e a cabe\u00e7uda. As principais \u00e1reas reprodutivas das tartarugas marinhas no Brasil s\u00e3o: litoral norte do Rio de Janeiro, litoral da Bahia e litoral norte do Esp\u00edrito Santo para a tartaruga-cabe\u00e7uda; litoral norte do Esp\u00edrito Santo para a tartaruga-de-couro; litoral norte da Bahia e sul do Rio Grande do Norte para a tartaruga-de-pente; litoral de Sergipe para tartaruga-oliva; e as Ilhas oce\u00e2nicas de Fernando de Noronha, Atol das Rocas e Trindade, para a tartaruga-verde<strong>.<\/strong><strong><\/strong><\/p>\n\n\n\n<figure class=\"wp-block-image size-large\"><img loading=\"lazy\" decoding=\"async\" width=\"1024\" height=\"682\" src=\"https:\/\/www.paranapraia.com.br\/wp-content\/uploads\/2021\/09\/tartaruga-de-pente-1024x682.jpeg\" alt=\"\" class=\"wp-image-34507\" srcset=\"https:\/\/www.paranapraia.com.br\/wp-content\/uploads\/2021\/09\/tartaruga-de-pente-1024x682.jpeg 1024w, https:\/\/www.paranapraia.com.br\/wp-content\/uploads\/2021\/09\/tartaruga-de-pente-300x200.jpeg 300w, https:\/\/www.paranapraia.com.br\/wp-content\/uploads\/2021\/09\/tartaruga-de-pente-768x511.jpeg 768w, https:\/\/www.paranapraia.com.br\/wp-content\/uploads\/2021\/09\/tartaruga-de-pente-696x463.jpeg 696w, https:\/\/www.paranapraia.com.br\/wp-content\/uploads\/2021\/09\/tartaruga-de-pente-1068x711.jpeg 1068w, https:\/\/www.paranapraia.com.br\/wp-content\/uploads\/2021\/09\/tartaruga-de-pente-631x420.jpeg 631w, https:\/\/www.paranapraia.com.br\/wp-content\/uploads\/2021\/09\/tartaruga-de-pente.jpeg 1280w\" sizes=\"(max-width: 1024px) 100vw, 1024px\" \/><\/figure>\n\n\n\n<p>&nbsp;&nbsp;&nbsp;&nbsp;&nbsp;&nbsp;&nbsp;&nbsp;&nbsp;&nbsp;&nbsp;&nbsp;&nbsp;&nbsp;Tartaruga-de-pente (<em>Eretmochelys imbricata<\/em>). Foto: Paula Vianna<\/p>\n\n\n\n<p>As tartarugas marinhas passam a maior parte do seu ciclo de vida em \u00e1reas de alimenta\u00e7\u00e3o, transitando entre \u00e1reas com alta disponibilidade de recursos e investindo em crescimento at\u00e9 atingir a maturidade sexual (20-30 anos). Como estas regi\u00f5es abrigam diferentes esp\u00e9cies e estoques gen\u00e9ticos \u00e9 fundamental compreender a dieta e a ecologia alimentar dos animais, assim como a rela\u00e7\u00e3o com as \u00e1reas utilizadas. Uma vez conhecida a ecologia alimentar das tartarugas marinhas, pode-se definir a potencial \u00e1rea de alimenta\u00e7\u00e3o para cada fase de vida, a disponibilidade de alimentos nas diferentes regi\u00f5es, os impactos potenciais aos quais estas \u00e1reas est\u00e3o submetidas e o grau de exposi\u00e7\u00e3o \u00e0 riscos para os animais. A costa brasileira \u00e9 reconhecida por sua import\u00e2ncia para a alimenta\u00e7\u00e3o de indiv\u00edduos das cinco esp\u00e9cies de tartarugas marinhas.<\/p>\n\n\n\n<p>O ciclo de vida complexo das tartarugas marinhas envolve praias de nidifica\u00e7\u00e3o e as regi\u00f5es costeira e oce\u00e2nica para migra\u00e7\u00e3o e alimenta\u00e7\u00e3o. O<strong>&nbsp;<\/strong>uso de m\u00faltiplos habitats em diferentes est\u00e1gios de vida resulta em exposi\u00e7\u00e3o dos animais \u00e0 uma s\u00e9rie de impactos diretos e indiretos, ampliando desafios para diagn\u00f3sticos de riscos e efetiva\u00e7\u00e3o de a\u00e7\u00f5es de conserva\u00e7\u00e3o das esp\u00e9cies. Caracter\u00edsticas do grupo como o longo ciclo de vida, a matura\u00e7\u00e3o sexual tardia, o baixo sucesso reprodutivo e os diferentes impactos que afetam os animais em todos os est\u00e1gios de vida s\u00e3o os fatores que levam estes animais ao risco de extin\u00e7\u00e3o em todo o mundo.<\/p>\n\n\n\n<figure class=\"wp-block-image size-large\"><img loading=\"lazy\" decoding=\"async\" width=\"1024\" height=\"1024\" src=\"https:\/\/www.paranapraia.com.br\/wp-content\/uploads\/2021\/09\/tartaruga-cabecuda2-1024x1024.jpeg\" alt=\"\" class=\"wp-image-34508\" srcset=\"https:\/\/www.paranapraia.com.br\/wp-content\/uploads\/2021\/09\/tartaruga-cabecuda2-1024x1024.jpeg 1024w, https:\/\/www.paranapraia.com.br\/wp-content\/uploads\/2021\/09\/tartaruga-cabecuda2-300x300.jpeg 300w, https:\/\/www.paranapraia.com.br\/wp-content\/uploads\/2021\/09\/tartaruga-cabecuda2-150x150.jpeg 150w, https:\/\/www.paranapraia.com.br\/wp-content\/uploads\/2021\/09\/tartaruga-cabecuda2-768x768.jpeg 768w, https:\/\/www.paranapraia.com.br\/wp-content\/uploads\/2021\/09\/tartaruga-cabecuda2-696x696.jpeg 696w, https:\/\/www.paranapraia.com.br\/wp-content\/uploads\/2021\/09\/tartaruga-cabecuda2-1068x1068.jpeg 1068w, https:\/\/www.paranapraia.com.br\/wp-content\/uploads\/2021\/09\/tartaruga-cabecuda2-420x420.jpeg 420w, https:\/\/www.paranapraia.com.br\/wp-content\/uploads\/2021\/09\/tartaruga-cabecuda2.jpeg 1078w\" sizes=\"(max-width: 1024px) 100vw, 1024px\" \/><\/figure>\n\n\n\n<p>Tartaruga-cabe\u00e7uda (<em>Caretta caretta<\/em>). Foto Erika Beux<\/p>\n\n\n\n<p>S\u00e3o reconhecidos grandes impactos globais sobre as tartarugas marinhas como a ca\u00e7a e consumo de carne e ovos<strong>, <\/strong>a captura incidental em redes pesqueiras de emalhe, espinh\u00e9is pel\u00e1gicos, redes de arrasto e a pesca com dinamites; a destrui\u00e7\u00e3o do habitat pela ocupa\u00e7\u00e3o humana eros\u00f5es costeiras. A polui\u00e7\u00e3o: por subst\u00e2ncias qu\u00edmicas, os quais aumentam a suscetibilidade das tartarugas a doen\u00e7as, como a fibropapilomatose que vem acometendo muitas popula\u00e7\u00f5es; por lixo, principalmente pl\u00e1stico, que quando ingerido pode levar a morte do animal por obstru\u00e7\u00e3o do trato digest\u00f3rio; e pela ilumina\u00e7\u00e3o costeira que desorienta f\u00eameas e filhotes no momento de desova e nascimento, interferindo no comportamento natural da esp\u00e9cie;<strong>&nbsp;<\/strong>As mudan\u00e7as clim\u00e1ticas globais: as quais promovem impacto nas \u00e1reas de reprodu\u00e7\u00e3o com o aumento da temperatura de incuba\u00e7\u00e3o dos ovos alterando a propor\u00e7\u00e3o de filhotes machos e f\u00eameas que nascem. As altera\u00e7\u00f5es clim\u00e1ticas tamb\u00e9m promovem eventos naturais extremos como tempestades costeiras que promovem a perda de desovas e descaracteriza\u00e7\u00e3o de praias de nidifica\u00e7\u00e3o, bem como alteram \u00e1reas de alimenta\u00e7\u00e3o como corais e bancos de gram\u00edneas.<strong><\/strong><\/p>\n\n\n\n<p>As cinco esp\u00e9cies de ocorr\u00eancia global est\u00e3o classificadas na lista vermelha de fauna amea\u00e7ada pela Uni\u00e3o Internacional de Conserva\u00e7\u00e3o da Natureza (do ingl\u00eas, IUCN: International Union for Conservation of Nature and Natural Resources). No Brasil, o estado de conserva\u00e7\u00e3o foi avaliado por um grupo de especialistas junto ao Instituto Chico Mendes de Conserva\u00e7\u00e3o da Biodiversidade e constam na Lista vermelha de fauna amea\u00e7ada do Brasil e na Portaria MMA 444\/2014.<\/p>\n\n\n\n<p>Os m\u00faltiplos impactos que acometem as popula\u00e7\u00f5es de tartarugas marinhas no mundo come\u00e7aram a ser identificados no Brasil a partir da d\u00e9cada de 70. No decorrer dos anos, o diagn\u00f3stico do estado de conserva\u00e7\u00e3o das esp\u00e9cies trouxe a necessidade de implementa\u00e7\u00e3o de medidas protetivas no pa\u00eds, que inclu\u00edram o monitoramento de \u00e1reas de desova e a cria\u00e7\u00e3o de unidades de conserva\u00e7\u00e3o nestes locais, bem como o monitoramento de importantes \u00e1reas de alimenta\u00e7\u00e3o e o impacto da pesca. Al\u00e9m de diversas medidas legais em esferas nacionais e estaduais, desde 2011 o governo brasileiro organizou, via Centro Tamar\/ICMBIO, o Plano de A\u00e7\u00e3o Nacional para Conserva\u00e7\u00e3o das tartarugas marinhas (PAN). O conjunto das informa\u00e7\u00f5es sobre as esp\u00e9cies, incluindo conhecimento biol\u00f3gico, quanto aos impactos e medidas de gest\u00e3o (como a cria\u00e7\u00e3o de pol\u00edticas p\u00fablicas) foram compilados no plano de a\u00e7\u00e3o nacional, o qual traz um diagn\u00f3stico dos principais impactos, demandas de pesquisa e de a\u00e7\u00f5es de mitiga\u00e7\u00e3o, bem como a indica\u00e7\u00e3o de \u00e1reas priorit\u00e1rias para a conserva\u00e7\u00e3o das cinco esp\u00e9cies de tartarugas marinhas.<\/p>\n\n\n\n<p>No Brasil alguns projetos voltados \u00e0 conserva\u00e7\u00e3o marinha trabalham pelas tartarugas. O maior deles,&nbsp;o Projeto TAMAR \u00e9 pioneiro e focado nesses animais. <a href=\"http:\/\/www.tamar.org.br\"><u>www.tamar.org.br<\/u><\/a><\/p>\n\n\n\n<p>Outro projeto \u00e9 o REBIMAR, com foco em esp\u00e9cies amea\u00e7adas de extin\u00e7\u00e3o nos litorais do Paran\u00e1 e S\u00e3o Paulo, dentre elas a tartaruga-verde. <a href=\"http:\/\/www.marbrasil.org\/rebimar\"><u>www.marbrasil.org\/rebimar<\/u><\/a><\/p>\n\n\n\n<p>Por <strong>Robin Hilbert Loose<\/strong><\/p>\n","protected":false},"excerpt":{"rendered":"<p>As belas tartarugas marinhas. Carism\u00e1ticas, migrat\u00f3rias e uma das esp\u00e9cies de animais mais antigas da Terra No dia 16 de junho comemoramos os Dia Internacional das Tartarugas Marinhas! E porque que essa data? Conscientizar as pessoas sobre a import\u00e2ncia desse animal para a fauna marinha e sobretudo a amea\u00e7a que sofrem a d\u00e9cadas em todos [&hellip;]<\/p>\n","protected":false},"author":2,"featured_media":34509,"comment_status":"open","ping_status":"open","sticky":false,"template":"","format":"standard","meta":{"advanced_seo_description":"","jetpack_seo_html_title":"","jetpack_seo_noindex":false,"_jetpack_memberships_contains_paid_content":false,"footnotes":""},"categories":[40],"tags":[],"class_list":{"0":"post-34504","1":"post","2":"type-post","3":"status-publish","4":"format-standard","5":"has-post-thumbnail","7":"category-destaques"},"jetpack_featured_media_url":"https:\/\/www.paranapraia.com.br\/wp-content\/uploads\/2021\/09\/tartaruga-verde-1.jpeg","jetpack_sharing_enabled":true,"_links":{"self":[{"href":"https:\/\/www.paranapraia.com.br\/index.php\/wp-json\/wp\/v2\/posts\/34504"}],"collection":[{"href":"https:\/\/www.paranapraia.com.br\/index.php\/wp-json\/wp\/v2\/posts"}],"about":[{"href":"https:\/\/www.paranapraia.com.br\/index.php\/wp-json\/wp\/v2\/types\/post"}],"author":[{"embeddable":true,"href":"https:\/\/www.paranapraia.com.br\/index.php\/wp-json\/wp\/v2\/users\/2"}],"replies":[{"embeddable":true,"href":"https:\/\/www.paranapraia.com.br\/index.php\/wp-json\/wp\/v2\/comments?post=34504"}],"version-history":[{"count":1,"href":"https:\/\/www.paranapraia.com.br\/index.php\/wp-json\/wp\/v2\/posts\/34504\/revisions"}],"predecessor-version":[{"id":34510,"href":"https:\/\/www.paranapraia.com.br\/index.php\/wp-json\/wp\/v2\/posts\/34504\/revisions\/34510"}],"wp:featuredmedia":[{"embeddable":true,"href":"https:\/\/www.paranapraia.com.br\/index.php\/wp-json\/wp\/v2\/media\/34509"}],"wp:attachment":[{"href":"https:\/\/www.paranapraia.com.br\/index.php\/wp-json\/wp\/v2\/media?parent=34504"}],"wp:term":[{"taxonomy":"category","embeddable":true,"href":"https:\/\/www.paranapraia.com.br\/index.php\/wp-json\/wp\/v2\/categories?post=34504"},{"taxonomy":"post_tag","embeddable":true,"href":"https:\/\/www.paranapraia.com.br\/index.php\/wp-json\/wp\/v2\/tags?post=34504"}],"curies":[{"name":"wp","href":"https:\/\/api.w.org\/{rel}","templated":true}]}}