{"id":34495,"date":"2021-09-13T15:01:25","date_gmt":"2021-09-13T18:01:25","guid":{"rendered":"https:\/\/www.paranapraia.com.br\/?p=34495"},"modified":"2021-09-13T15:01:26","modified_gmt":"2021-09-13T18:01:26","slug":"quatro-dias-incriveis-conexao-criatividade-e-parceria-na-1a-etapa-de-capacitacao-dos-receptivos","status":"publish","type":"post","link":"https:\/\/www.paranapraia.com.br\/index.php\/2021\/09\/13\/quatro-dias-incriveis-conexao-criatividade-e-parceria-na-1a-etapa-de-capacitacao-dos-receptivos\/","title":{"rendered":"Quatro dias incr\u00edveis! Conex\u00e3o, criatividade e parceria na 1\u00aa etapa de capacita\u00e7\u00e3o dos receptivos"},"content":{"rendered":"\n<p>Assim foi a 1\u00aa etapa do Programa de Capacita\u00e7\u00e3o dos receptivos tur\u00edsticos no destino Grande Reserva Mata Atl\u00e2ntica, a\u00e7\u00e3o que pretende tornar a regi\u00e3o um destino mais qualificado e competitivo no segmento de turismo de natureza.<\/p>\n\n\n\n<p>O evento Abeta Conecta foi organizado pela \u2013 Associa\u00e7\u00e3o Brasileira das Empresas de Ecoturismo e Turismo de Aventura \u2013 para aproximar e capacitar de maneira criativa, sustent\u00e1vel e inspiradora os diferentes atores da cadeia produtiva do turismo do litoral paranaense.<\/p>\n\n\n\n<figure class=\"wp-block-image size-large\"><img loading=\"lazy\" decoding=\"async\" width=\"1024\" height=\"768\" src=\"https:\/\/www.paranapraia.com.br\/wp-content\/uploads\/2021\/09\/WhatsApp-Image-2021-08-27-at-15.30.54-1-1-1024x768.jpeg\" alt=\"\" class=\"wp-image-34496\" srcset=\"https:\/\/www.paranapraia.com.br\/wp-content\/uploads\/2021\/09\/WhatsApp-Image-2021-08-27-at-15.30.54-1-1-1024x768.jpeg 1024w, https:\/\/www.paranapraia.com.br\/wp-content\/uploads\/2021\/09\/WhatsApp-Image-2021-08-27-at-15.30.54-1-1-300x225.jpeg 300w, https:\/\/www.paranapraia.com.br\/wp-content\/uploads\/2021\/09\/WhatsApp-Image-2021-08-27-at-15.30.54-1-1-768x576.jpeg 768w, https:\/\/www.paranapraia.com.br\/wp-content\/uploads\/2021\/09\/WhatsApp-Image-2021-08-27-at-15.30.54-1-1-1536x1153.jpeg 1536w, https:\/\/www.paranapraia.com.br\/wp-content\/uploads\/2021\/09\/WhatsApp-Image-2021-08-27-at-15.30.54-1-1-80x60.jpeg 80w, https:\/\/www.paranapraia.com.br\/wp-content\/uploads\/2021\/09\/WhatsApp-Image-2021-08-27-at-15.30.54-1-1-265x198.jpeg 265w, https:\/\/www.paranapraia.com.br\/wp-content\/uploads\/2021\/09\/WhatsApp-Image-2021-08-27-at-15.30.54-1-1-696x522.jpeg 696w, https:\/\/www.paranapraia.com.br\/wp-content\/uploads\/2021\/09\/WhatsApp-Image-2021-08-27-at-15.30.54-1-1-1068x802.jpeg 1068w, https:\/\/www.paranapraia.com.br\/wp-content\/uploads\/2021\/09\/WhatsApp-Image-2021-08-27-at-15.30.54-1-1-560x420.jpeg 560w, https:\/\/www.paranapraia.com.br\/wp-content\/uploads\/2021\/09\/WhatsApp-Image-2021-08-27-at-15.30.54-1-1.jpeg 1599w\" sizes=\"(max-width: 1024px) 100vw, 1024px\" \/><\/figure>\n\n\n\n<p>A capacita\u00e7\u00e3o reuniu, de segunda a quinta-feira (26), na Ilha do Mel, as ag\u00eancias de ecoturismo e turismo de aventura que n\u00e3o perdem uma oportunidade para fortalecer a Grande Reserva Mata Atl\u00e2ntica como destino de ecoturismo nacional e internacional.<\/p>\n\n\n\n<p>O programa \u00e9 uma iniciativa da Adetur Litoral e contou com o apoio da Funda\u00e7\u00e3o Grupo O Botic\u00e1rio e da Prefeitura Municipal de Paranagu\u00e1, que contar\u00e1 ainda com dois m\u00f3dulos.<\/p>\n\n\n\n<figure class=\"wp-block-image size-large\"><img loading=\"lazy\" decoding=\"async\" width=\"1024\" height=\"768\" src=\"https:\/\/www.paranapraia.com.br\/wp-content\/uploads\/2021\/09\/WhatsApp-Image-2021-08-27-at-15.30.54-2-1024x768.jpeg\" alt=\"\" class=\"wp-image-34497\" srcset=\"https:\/\/www.paranapraia.com.br\/wp-content\/uploads\/2021\/09\/WhatsApp-Image-2021-08-27-at-15.30.54-2-1024x768.jpeg 1024w, https:\/\/www.paranapraia.com.br\/wp-content\/uploads\/2021\/09\/WhatsApp-Image-2021-08-27-at-15.30.54-2-300x225.jpeg 300w, https:\/\/www.paranapraia.com.br\/wp-content\/uploads\/2021\/09\/WhatsApp-Image-2021-08-27-at-15.30.54-2-768x576.jpeg 768w, https:\/\/www.paranapraia.com.br\/wp-content\/uploads\/2021\/09\/WhatsApp-Image-2021-08-27-at-15.30.54-2-1536x1153.jpeg 1536w, https:\/\/www.paranapraia.com.br\/wp-content\/uploads\/2021\/09\/WhatsApp-Image-2021-08-27-at-15.30.54-2-80x60.jpeg 80w, https:\/\/www.paranapraia.com.br\/wp-content\/uploads\/2021\/09\/WhatsApp-Image-2021-08-27-at-15.30.54-2-265x198.jpeg 265w, https:\/\/www.paranapraia.com.br\/wp-content\/uploads\/2021\/09\/WhatsApp-Image-2021-08-27-at-15.30.54-2-696x522.jpeg 696w, https:\/\/www.paranapraia.com.br\/wp-content\/uploads\/2021\/09\/WhatsApp-Image-2021-08-27-at-15.30.54-2-1068x802.jpeg 1068w, https:\/\/www.paranapraia.com.br\/wp-content\/uploads\/2021\/09\/WhatsApp-Image-2021-08-27-at-15.30.54-2-560x420.jpeg 560w, https:\/\/www.paranapraia.com.br\/wp-content\/uploads\/2021\/09\/WhatsApp-Image-2021-08-27-at-15.30.54-2.jpeg 1599w\" sizes=\"(max-width: 1024px) 100vw, 1024px\" \/><\/figure>\n\n\n\n<p>Segundo Patr\u00edcia Assis, diretora-executiva da Adetur, ao fortalecer os empreendimentos locais, valorizamos e conservamos os patrim\u00f4nios cultural e natural.<\/p>\n\n\n\n<p>&#8220;Com essas a\u00e7\u00f5es valorizamos nosso patrim\u00f4nio da Grande Reserva e os transformamos em oportunidades cada vez maiores de emprego, renda e qualidade de vida. S\u00e3o centenas de fam\u00edlias envolvidas, e que se beneficiam de todo esse processo. Essas empresas j\u00e1 possuem atua\u00e7\u00e3o no destino, elas j\u00e1 atendem aos crit\u00e9rios de sele\u00e7\u00e3o da Adetur Litoral, que preza sempre pela representatividade do nosso Litoral\u201d, completou Patr\u00edcia.<\/p>\n\n\n\n<figure class=\"wp-block-image size-large\"><img loading=\"lazy\" decoding=\"async\" width=\"1024\" height=\"768\" src=\"https:\/\/www.paranapraia.com.br\/wp-content\/uploads\/2021\/09\/WhatsApp-Image-2021-08-27-at-15.30.20-1-1-1024x768.jpeg\" alt=\"\" class=\"wp-image-34500\" srcset=\"https:\/\/www.paranapraia.com.br\/wp-content\/uploads\/2021\/09\/WhatsApp-Image-2021-08-27-at-15.30.20-1-1-1024x768.jpeg 1024w, https:\/\/www.paranapraia.com.br\/wp-content\/uploads\/2021\/09\/WhatsApp-Image-2021-08-27-at-15.30.20-1-1-300x225.jpeg 300w, https:\/\/www.paranapraia.com.br\/wp-content\/uploads\/2021\/09\/WhatsApp-Image-2021-08-27-at-15.30.20-1-1-768x576.jpeg 768w, https:\/\/www.paranapraia.com.br\/wp-content\/uploads\/2021\/09\/WhatsApp-Image-2021-08-27-at-15.30.20-1-1-1536x1152.jpeg 1536w, https:\/\/www.paranapraia.com.br\/wp-content\/uploads\/2021\/09\/WhatsApp-Image-2021-08-27-at-15.30.20-1-1-80x60.jpeg 80w, https:\/\/www.paranapraia.com.br\/wp-content\/uploads\/2021\/09\/WhatsApp-Image-2021-08-27-at-15.30.20-1-1-265x198.jpeg 265w, https:\/\/www.paranapraia.com.br\/wp-content\/uploads\/2021\/09\/WhatsApp-Image-2021-08-27-at-15.30.20-1-1-696x522.jpeg 696w, https:\/\/www.paranapraia.com.br\/wp-content\/uploads\/2021\/09\/WhatsApp-Image-2021-08-27-at-15.30.20-1-1-1068x801.jpeg 1068w, https:\/\/www.paranapraia.com.br\/wp-content\/uploads\/2021\/09\/WhatsApp-Image-2021-08-27-at-15.30.20-1-1-560x420.jpeg 560w, https:\/\/www.paranapraia.com.br\/wp-content\/uploads\/2021\/09\/WhatsApp-Image-2021-08-27-at-15.30.20-1-1.jpeg 1600w\" sizes=\"(max-width: 1024px) 100vw, 1024px\" \/><\/figure>\n\n\n\n<p>A Ag\u00eancia de Turismo Comunit\u00e1rio de Caieiras (ATC), ligada ao Instituto Guaju, com o professor, l\u00edder comunit\u00e1rio e vereador Fabiano Cecilio da Silva, representou o munic\u00edpio de Guaratuba.<\/p>\n\n\n\n<figure class=\"wp-block-image size-large\"><img loading=\"lazy\" decoding=\"async\" width=\"960\" height=\"719\" src=\"https:\/\/www.paranapraia.com.br\/wp-content\/uploads\/2021\/09\/Fabiano-de-Caieiras-representando-o-municipio-de-Guaratuba-1.jpg\" alt=\"\" class=\"wp-image-34498\" srcset=\"https:\/\/www.paranapraia.com.br\/wp-content\/uploads\/2021\/09\/Fabiano-de-Caieiras-representando-o-municipio-de-Guaratuba-1.jpg 960w, https:\/\/www.paranapraia.com.br\/wp-content\/uploads\/2021\/09\/Fabiano-de-Caieiras-representando-o-municipio-de-Guaratuba-1-300x225.jpg 300w, https:\/\/www.paranapraia.com.br\/wp-content\/uploads\/2021\/09\/Fabiano-de-Caieiras-representando-o-municipio-de-Guaratuba-1-768x575.jpg 768w, https:\/\/www.paranapraia.com.br\/wp-content\/uploads\/2021\/09\/Fabiano-de-Caieiras-representando-o-municipio-de-Guaratuba-1-80x60.jpg 80w, https:\/\/www.paranapraia.com.br\/wp-content\/uploads\/2021\/09\/Fabiano-de-Caieiras-representando-o-municipio-de-Guaratuba-1-265x198.jpg 265w, https:\/\/www.paranapraia.com.br\/wp-content\/uploads\/2021\/09\/Fabiano-de-Caieiras-representando-o-municipio-de-Guaratuba-1-696x521.jpg 696w, https:\/\/www.paranapraia.com.br\/wp-content\/uploads\/2021\/09\/Fabiano-de-Caieiras-representando-o-municipio-de-Guaratuba-1-561x420.jpg 561w\" sizes=\"(max-width: 960px) 100vw, 960px\" \/><\/figure>\n\n\n\n<p>\u201cO evento vem em boa hora, pois o litoral paranaense tem grandes potencialidades ainda pouco exploradas no que se refere a turismo de aventura e ecoturismo. Os aprendizados far\u00e3o total diferen\u00e7a na melhoria dos processos e na qualidade do atendimento ao p\u00fablico nos passeios. Em nossa cidade temos um potencial enorme para gerar emprego e renda para nossas comunidades: praias lindas, cultura, cachoeiras, trilhas e uma ba\u00eda que por si s\u00f3 nos convida a diversas aventuras e a viver experi\u00eancias extraordin\u00e1rias, da gastronomia \u00e0 contempla\u00e7\u00e3o da natureza\u201d, finalizou Fabiano Cec\u00edlio.<\/p>\n\n\n\n<p><em>Reda\u00e7\u00e3o Paran\u00e1 Praia<\/em><\/p>\n","protected":false},"excerpt":{"rendered":"<p>Assim foi a 1\u00aa etapa do Programa de Capacita\u00e7\u00e3o dos receptivos tur\u00edsticos no destino Grande Reserva Mata Atl\u00e2ntica, a\u00e7\u00e3o que pretende tornar a regi\u00e3o um destino mais qualificado e competitivo no segmento de turismo de natureza. O evento Abeta Conecta foi organizado pela \u2013 Associa\u00e7\u00e3o Brasileira das Empresas de Ecoturismo e Turismo de Aventura \u2013 [&hellip;]<\/p>\n","protected":false},"author":2,"featured_media":34501,"comment_status":"open","ping_status":"open","sticky":false,"template":"","format":"standard","meta":{"advanced_seo_description":"","jetpack_seo_html_title":"","jetpack_seo_noindex":false,"_jetpack_memberships_contains_paid_content":false,"footnotes":""},"categories":[40],"tags":[],"class_list":{"0":"post-34495","1":"post","2":"type-post","3":"status-publish","4":"format-standard","5":"has-post-thumbnail","7":"category-destaques"},"jetpack_featured_media_url":"https:\/\/www.paranapraia.com.br\/wp-content\/uploads\/2021\/09\/WhatsApp-Image-2021-08-27-at-15.30.20-2.jpeg","jetpack_sharing_enabled":true,"_links":{"self":[{"href":"https:\/\/www.paranapraia.com.br\/index.php\/wp-json\/wp\/v2\/posts\/34495"}],"collection":[{"href":"https:\/\/www.paranapraia.com.br\/index.php\/wp-json\/wp\/v2\/posts"}],"about":[{"href":"https:\/\/www.paranapraia.com.br\/index.php\/wp-json\/wp\/v2\/types\/post"}],"author":[{"embeddable":true,"href":"https:\/\/www.paranapraia.com.br\/index.php\/wp-json\/wp\/v2\/users\/2"}],"replies":[{"embeddable":true,"href":"https:\/\/www.paranapraia.com.br\/index.php\/wp-json\/wp\/v2\/comments?post=34495"}],"version-history":[{"count":1,"href":"https:\/\/www.paranapraia.com.br\/index.php\/wp-json\/wp\/v2\/posts\/34495\/revisions"}],"predecessor-version":[{"id":34502,"href":"https:\/\/www.paranapraia.com.br\/index.php\/wp-json\/wp\/v2\/posts\/34495\/revisions\/34502"}],"wp:featuredmedia":[{"embeddable":true,"href":"https:\/\/www.paranapraia.com.br\/index.php\/wp-json\/wp\/v2\/media\/34501"}],"wp:attachment":[{"href":"https:\/\/www.paranapraia.com.br\/index.php\/wp-json\/wp\/v2\/media?parent=34495"}],"wp:term":[{"taxonomy":"category","embeddable":true,"href":"https:\/\/www.paranapraia.com.br\/index.php\/wp-json\/wp\/v2\/categories?post=34495"},{"taxonomy":"post_tag","embeddable":true,"href":"https:\/\/www.paranapraia.com.br\/index.php\/wp-json\/wp\/v2\/tags?post=34495"}],"curies":[{"name":"wp","href":"https:\/\/api.w.org\/{rel}","templated":true}]}}